{"id":120736,"date":"2020-11-24T19:16:41","date_gmt":"2020-11-24T22:16:41","guid":{"rendered":"http:\/\/www.hoymercedes.com.ar\/principal\/?p=120736"},"modified":"2020-11-24T17:31:58","modified_gmt":"2020-11-24T20:31:58","slug":"mercedes-entre-los-67-municipios-que-se-suman-a-la-red-de-transparencia-provincial","status":"publish","type":"post","link":"https:\/\/www.hoymercedes.com.ar\/principal\/2020\/11\/24\/mercedes-entre-los-67-municipios-que-se-suman-a-la-red-de-transparencia-provincial\/","title":{"rendered":"Mercedes entre los 67 municipios que se suman a la red de transparencia provincial"},"content":{"rendered":"\n<p>La Oficina de Transparencia Institucional (OTI) convoc\u00f3 a dos nuevas jornadas sobre \u00e9tica p\u00fablicas, integridad y transparencia para el 27 de noviembre y 4 de diciembre. Representantes de nuestra localidad participar\u00e1n de las jornadas que tendr\u00e1n como fin implementar pol\u00edticas activas de trnsparecia, integridad, \u00e9tica p\u00fablica y anticorrupci\u00f3n. <\/p>\n\n\n\n<div class=\"wp-block-image\"><figure class=\"aligncenter size-large\"><img loading=\"lazy\" decoding=\"async\" width=\"800\" height=\"530\" data-attachment-id=\"120737\" data-permalink=\"https:\/\/www.hoymercedes.com.ar\/principal\/2020\/11\/24\/mercedes-entre-los-67-municipios-que-se-suman-a-la-red-de-transparencia-provincial\/24-provincia-justicia\/#main\" data-orig-file=\"https:\/\/www.hoymercedes.com.ar\/principal\/wp-content\/uploads\/2020\/11\/24-provincia-justicia.jpeg\" data-orig-size=\"800,530\" data-comments-opened=\"0\" data-image-meta=\"{&quot;aperture&quot;:&quot;0&quot;,&quot;credit&quot;:&quot;&quot;,&quot;camera&quot;:&quot;&quot;,&quot;caption&quot;:&quot;&quot;,&quot;created_timestamp&quot;:&quot;0&quot;,&quot;copyright&quot;:&quot;&quot;,&quot;focal_length&quot;:&quot;0&quot;,&quot;iso&quot;:&quot;0&quot;,&quot;shutter_speed&quot;:&quot;0&quot;,&quot;title&quot;:&quot;&quot;,&quot;orientation&quot;:&quot;0&quot;}\" data-image-title=\"24 provincia justicia\" data-image-description=\"\" data-image-caption=\"\" data-large-file=\"https:\/\/www.hoymercedes.com.ar\/principal\/wp-content\/uploads\/2020\/11\/24-provincia-justicia.jpeg\" src=\"https:\/\/www.hoymercedes.com.ar\/principal\/wp-content\/uploads\/2020\/11\/24-provincia-justicia.jpeg\" alt=\"\" class=\"wp-image-120737\" srcset=\"https:\/\/www.hoymercedes.com.ar\/principal\/wp-content\/uploads\/2020\/11\/24-provincia-justicia.jpeg 800w, https:\/\/www.hoymercedes.com.ar\/principal\/wp-content\/uploads\/2020\/11\/24-provincia-justicia-630x417.jpeg 630w, https:\/\/www.hoymercedes.com.ar\/principal\/wp-content\/uploads\/2020\/11\/24-provincia-justicia-150x99.jpeg 150w, https:\/\/www.hoymercedes.com.ar\/principal\/wp-content\/uploads\/2020\/11\/24-provincia-justicia-700x465.jpeg 700w\" sizes=\"auto, (max-width: 800px) 100vw, 800px\" \/><\/figure><\/div>\n\n\n\n<p>La OTI, organismo del Ministerio de Justicia y DDHH, ya reuni\u00f3 67 municipios en las primeras jornadas y aspira \u00abarticular a los 135 municipios en la Red de Oficinas de Transparencia de la Buenos Aires, programa que pr\u00f3ximamente ser\u00e1 lanzado desde el Ministerio de Justicia y Derechos Humanos a cargo de Julio Alak\u00bb inform\u00f3 la titular de OTI, Ana Laura Ramos.<\/p>\n\n\n\n<p>La funcionaria destac\u00f3 que \u00abestamos avanzando en capacitaci\u00f3n y asistencia, en la implementaci\u00f3n de herramientas de gesti\u00f3n como el reciente convenio celebrado con la AFIP para la implementaci\u00f3n de declaraciones juradas, la implementaci\u00f3n de c\u00f3digos de \u00e9tica y protocolos de gesti\u00f3n de conflictos de intereses\u00bb.<\/p>\n\n\n\n<p>En las jornadas celebradas \u00abexiste coincidencia en la necesidad de un espacio provincial que nuclee a todas las \u00e1reas de transparencia municipales a trav\u00e9s del Foro de Red de Oficinas de Transparencia PBA\u00bb.<\/p>\n\n\n\n<p>Indic\u00f3 que el Foro \u00abse reunir\u00eda mensualmente con el fin de promover el di\u00e1logo, el intercambio de experiencias y la colaboraci\u00f3n entre todos los actores provinciales y municipales involucrados en la implementaci\u00f3n de pol\u00edticas activas de &nbsp;transparencia, integridad, \u00c9tica P\u00fablica, y anticorrupci\u00f3n\u00bb, con el objetivo de proporcionar \u00abun espacio para la realizaci\u00f3n de jornadas de divulgaci\u00f3n, capacitaci\u00f3n y sensibilizaci\u00f3n\u00bb<\/p>\n\n\n\n<p>Adem\u00e1s, durante el encuentro se avanz\u00f3 en la presentaci\u00f3n del Programa Construyendo Transparencia de la Provincia de Buenos Aires, as\u00ed como \u00abla puesta en com\u00fan de las estrategias destinadas a la puesta en marcha de planes estrat\u00e9gicos de transparencia a partir de la experiencia provincial\u00bb.<\/p>\n\n\n\n<p>Los 67 distritos que participaron en dos tandas fueron Quilmes, Pellegrini, Carlos Tejedor, Coronel Pringles, Trenque Lauquen, Pu\u00e1n, San Mart\u00edn, Berisso, San Pedro, Mor\u00f3n, San Miguel, Hurlingham, Tandil, Tigre, Lomas de Zamora, Rivadavia, Balcarce, Pilar, Carmen de Patagones, Coronel Su\u00e1rez, Benito Ju\u00e1rez, Laprida, Azul, Escobar, Las Heras, Ituzaing\u00f3, <strong>Mercedes<\/strong>, Ensenada, Lan\u00fas, Pehuaj\u00f3, Mar Chiquita, Guamin\u00ed y San Fernando.<\/p>\n\n\n\n<p>Tambi\u00e9n participaron representantes de los municipios de Chascom\u00fas, Luj\u00e1n, General Madariaga, Berazategui, Saladillo, La Plata y Olavarr\u00eda, Exaltaci\u00f3n de la Cruz; General Pueyrredon; Rodr\u00edguez; La Matanza; Zarate; Punta Indio; Gonz\u00e1lez Ch\u00e1vez; Civilcoy; Almirante Brown; Capit\u00e1n Sarmiento; Presidente Per\u00f3n; Vicente L\u00f3pez; Bragado; Carlos Casares; General Alvarado; Malvinas Argentinas y Las Flores. Moreno; Tordillo; Bol\u00edvar; Campana; Esteban Echeverr\u00eda; General Alvear; Pinamar; Ramallo; Lobos y San Andr\u00e9s de Giles.<\/p>\n","protected":false},"excerpt":{"rendered":"<p>La Oficina de Transparencia Institucional (OTI) convoc\u00f3 a dos nuevas jornadas sobre \u00e9tica p\u00fablicas, integridad y transparencia para el 27 &#8230; <a title=\"Mercedes entre los 67 municipios que se suman a la red de transparencia provincial\" class=\"read-more\" href=\"https:\/\/www.hoymercedes.com.ar\/principal\/2020\/11\/24\/mercedes-entre-los-67-municipios-que-se-suman-a-la-red-de-transparencia-provincial\/\" aria-label=\"Leer m\u00e1s sobre Mercedes entre los 67 municipios que se suman a la red de transparencia provincial\">Leer m\u00e1s<\/a><\/p>\n","protected":false},"author":5,"featured_media":120737,"comment_status":"closed","ping_status":"open","sticky":false,"template":"","format":"standard","meta":{"_monsterinsights_skip_tracking":false,"_monsterinsights_sitenote_active":false,"_monsterinsights_sitenote_note":"","_monsterinsights_sitenote_category":0,"jetpack_post_was_ever_published":false,"_jetpack_newsletter_access":"","_jetpack_dont_email_post_to_subs":false,"_jetpack_newsletter_tier_id":0,"_jetpack_memberships_contains_paywalled_content":false,"_jetpack_memberships_contains_paid_content":false,"footnotes":"","jetpack_publicize_message":"","jetpack_publicize_feature_enabled":true,"jetpack_social_post_already_shared":true,"jetpack_social_options":{"image_generator_settings":{"template":"highway","default_image_id":0,"font":"","enabled":false},"version":2},"_wpas_customize_per_network":false},"categories":[8881],"tags":[1803,17305],"class_list":["post-120736","post","type-post","status-publish","format-standard","has-post-thumbnail","hentry","category-provincia","tag-provincia","tag-transperencia-publica","generate-columns","tablet-grid-50","mobile-grid-100","grid-parent","grid-50"],"jetpack_publicize_connections":[],"jetpack_featured_media_url":"https:\/\/www.hoymercedes.com.ar\/principal\/wp-content\/uploads\/2020\/11\/24-provincia-justicia.jpeg","wps_subtitle":"Informaci\u00f3n provincial","jetpack_sharing_enabled":true,"_links":{"self":[{"href":"https:\/\/www.hoymercedes.com.ar\/principal\/wp-json\/wp\/v2\/posts\/120736","targetHints":{"allow":["GET"]}}],"collection":[{"href":"https:\/\/www.hoymercedes.com.ar\/principal\/wp-json\/wp\/v2\/posts"}],"about":[{"href":"https:\/\/www.hoymercedes.com.ar\/principal\/wp-json\/wp\/v2\/types\/post"}],"author":[{"embeddable":true,"href":"https:\/\/www.hoymercedes.com.ar\/principal\/wp-json\/wp\/v2\/users\/5"}],"replies":[{"embeddable":true,"href":"https:\/\/www.hoymercedes.com.ar\/principal\/wp-json\/wp\/v2\/comments?post=120736"}],"version-history":[{"count":0,"href":"https:\/\/www.hoymercedes.com.ar\/principal\/wp-json\/wp\/v2\/posts\/120736\/revisions"}],"wp:featuredmedia":[{"embeddable":true,"href":"https:\/\/www.hoymercedes.com.ar\/principal\/wp-json\/wp\/v2\/media\/120737"}],"wp:attachment":[{"href":"https:\/\/www.hoymercedes.com.ar\/principal\/wp-json\/wp\/v2\/media?parent=120736"}],"wp:term":[{"taxonomy":"category","embeddable":true,"href":"https:\/\/www.hoymercedes.com.ar\/principal\/wp-json\/wp\/v2\/categories?post=120736"},{"taxonomy":"post_tag","embeddable":true,"href":"https:\/\/www.hoymercedes.com.ar\/principal\/wp-json\/wp\/v2\/tags?post=120736"}],"curies":[{"name":"wp","href":"https:\/\/api.w.org\/{rel}","templated":true}]}}