{"id":120748,"date":"2020-11-24T21:58:37","date_gmt":"2020-11-25T00:58:37","guid":{"rendered":"http:\/\/www.hoymercedes.com.ar\/principal\/?p=120748"},"modified":"2020-11-25T18:10:58","modified_gmt":"2020-11-25T21:10:58","slug":"coronavirus-un-nuevo-fallecimiento-con-covid-y-se-suman-2-casos-positivos","status":"publish","type":"post","link":"https:\/\/www.hoymercedes.com.ar\/principal\/2020\/11\/24\/coronavirus-un-nuevo-fallecimiento-con-covid-y-se-suman-2-casos-positivos\/","title":{"rendered":"Coronavirus: un nuevo fallecimiento con covid y se suman 2 casos positivos"},"content":{"rendered":"\n<p>En el cierre del d\u00eda, se inform\u00f3 que este martes, lamentablemente falleci\u00f3 una vecina que se encontraba internada desde hac\u00eda varios d\u00edas por covid-19 en la ciudad de Buenos Aires. Tambi\u00e9n confirmaron dos nuevos casos positivos entre los 30 test realizados en la fecha. <\/p>\n\n\n\n<figure class=\"wp-block-image size-large\"><img loading=\"lazy\" decoding=\"async\" width=\"800\" height=\"800\" data-attachment-id=\"120756\" data-permalink=\"https:\/\/www.hoymercedes.com.ar\/principal\/2020\/11\/24\/coronavirus-un-nuevo-fallecimiento-con-covid-y-se-suman-2-casos-positivos\/img-20201124-wa0044\/#main\" data-orig-file=\"https:\/\/www.hoymercedes.com.ar\/principal\/wp-content\/uploads\/2020\/11\/IMG-20201124-WA0044.jpg\" data-orig-size=\"800,800\" data-comments-opened=\"0\" data-image-meta=\"{&quot;aperture&quot;:&quot;0&quot;,&quot;credit&quot;:&quot;&quot;,&quot;camera&quot;:&quot;&quot;,&quot;caption&quot;:&quot;&quot;,&quot;created_timestamp&quot;:&quot;0&quot;,&quot;copyright&quot;:&quot;&quot;,&quot;focal_length&quot;:&quot;0&quot;,&quot;iso&quot;:&quot;0&quot;,&quot;shutter_speed&quot;:&quot;0&quot;,&quot;title&quot;:&quot;&quot;,&quot;orientation&quot;:&quot;0&quot;}\" data-image-title=\"IMG-20201124-WA0044\" data-image-description=\"\" data-image-caption=\"\" data-large-file=\"https:\/\/www.hoymercedes.com.ar\/principal\/wp-content\/uploads\/2020\/11\/IMG-20201124-WA0044.jpg\" src=\"https:\/\/www.hoymercedes.com.ar\/principal\/wp-content\/uploads\/2020\/11\/IMG-20201124-WA0044.jpg\" alt=\"\" class=\"wp-image-120756\" srcset=\"https:\/\/www.hoymercedes.com.ar\/principal\/wp-content\/uploads\/2020\/11\/IMG-20201124-WA0044.jpg 800w, https:\/\/www.hoymercedes.com.ar\/principal\/wp-content\/uploads\/2020\/11\/IMG-20201124-WA0044-620x620.jpg 620w, https:\/\/www.hoymercedes.com.ar\/principal\/wp-content\/uploads\/2020\/11\/IMG-20201124-WA0044-150x150.jpg 150w\" sizes=\"auto, (max-width: 800px) 100vw, 800px\" \/><\/figure>\n\n\n\n<p>Informe nacional: Confirman 7.164 nuevos casos de COVID-19. Con estos registros, suman 1.381.795 positivos en el pa\u00eds, de los cuales 1.210.634 son pacientes recuperados y 133.729 son casos confirmados activos. En las \u00faltimas 24 hs fueron realizados 22.043 testeos y desde el inicio del brote se realizaron 3.712.880 pruebas diagn\u00f3sticas para esta enfermedad, lo que equivale a 81.823 muestras por mill\u00f3n de habitantes.<\/p>\n\n\n\n<p>En las \u00faltimas 24 horas, se notificaron 311 nuevas muertes, son 169 hombres y 142 mujeres. Al momento la cantidad de personas fallecidas es 37.432. Un hombre residente en la provincia de Santa Fe fue reclasificado.<\/p>\n\n\n\n<p>Detalle por provincia (N\u00ba de confirmados | N\u00ba de acumulados): Buenos Aires 1.929 | 607.897; Ciudad de Buenos Aires 250 | 156.903; Catamarca 13 | 1.725; Chaco 177 | 18.082; Chubut 227 | 21.498; Corrientes 92 | 5.009; C\u00f3rdoba 471 | 110.062; Entre R\u00edos 177 | 22.076; Formosa 2 | 191; Jujuy 20 | 18.317; La Pampa 61 | 5.298; La Rioja 16 | 8.570; Mendoza 198 | 55.500; Misiones 10 | 458; Neuqu\u00e9n 485 | 30.504; R\u00edo Negro 234 | 30.382; Salta 97 | 20.868; San Juan 493 | 6.271; San Luis 178 | 13.387; Santa Cruz 208 | 14.517; Santa Fe 1.187 | 140.105; Santiago del Estero 75 | 14.714; Tierra del Fuego 109 | 15.524 y Tucum\u00e1n 455 | 63.937<\/p>\n","protected":false},"excerpt":{"rendered":"<p>En el cierre del d\u00eda, se inform\u00f3 que este martes, lamentablemente falleci\u00f3 una vecina que se encontraba internada desde hac\u00eda &#8230; <a title=\"Coronavirus: un nuevo fallecimiento con covid y se suman 2 casos positivos\" class=\"read-more\" href=\"https:\/\/www.hoymercedes.com.ar\/principal\/2020\/11\/24\/coronavirus-un-nuevo-fallecimiento-con-covid-y-se-suman-2-casos-positivos\/\" aria-label=\"Leer m\u00e1s sobre Coronavirus: un nuevo fallecimiento con covid y se suman 2 casos positivos\">Leer m\u00e1s<\/a><\/p>\n","protected":false},"author":5,"featured_media":120756,"comment_status":"closed","ping_status":"open","sticky":false,"template":"","format":"standard","meta":{"_monsterinsights_skip_tracking":false,"_monsterinsights_sitenote_active":false,"_monsterinsights_sitenote_note":"","_monsterinsights_sitenote_category":0,"jetpack_post_was_ever_published":false,"_jetpack_newsletter_access":"","_jetpack_dont_email_post_to_subs":false,"_jetpack_newsletter_tier_id":0,"_jetpack_memberships_contains_paywalled_content":false,"_jetpack_memberships_contains_paid_content":false,"footnotes":"","jetpack_publicize_message":"","jetpack_publicize_feature_enabled":true,"jetpack_social_post_already_shared":true,"jetpack_social_options":{"image_generator_settings":{"template":"highway","default_image_id":0,"font":"","enabled":false},"version":2},"_wpas_customize_per_network":false},"categories":[9791],"tags":[16428,16175,16313,12084],"class_list":["post-120748","post","type-post","status-publish","format-standard","has-post-thumbnail","hentry","category-salud","tag-casos-positivos","tag-coronavirus","tag-covid-19","tag-fallecimientos","generate-columns","tablet-grid-50","mobile-grid-100","grid-parent","grid-50"],"jetpack_publicize_connections":[],"jetpack_featured_media_url":"https:\/\/www.hoymercedes.com.ar\/principal\/wp-content\/uploads\/2020\/11\/IMG-20201124-WA0044.jpg","wps_subtitle":"Cierre del d\u00eda","jetpack_sharing_enabled":true,"_links":{"self":[{"href":"https:\/\/www.hoymercedes.com.ar\/principal\/wp-json\/wp\/v2\/posts\/120748","targetHints":{"allow":["GET"]}}],"collection":[{"href":"https:\/\/www.hoymercedes.com.ar\/principal\/wp-json\/wp\/v2\/posts"}],"about":[{"href":"https:\/\/www.hoymercedes.com.ar\/principal\/wp-json\/wp\/v2\/types\/post"}],"author":[{"embeddable":true,"href":"https:\/\/www.hoymercedes.com.ar\/principal\/wp-json\/wp\/v2\/users\/5"}],"replies":[{"embeddable":true,"href":"https:\/\/www.hoymercedes.com.ar\/principal\/wp-json\/wp\/v2\/comments?post=120748"}],"version-history":[{"count":0,"href":"https:\/\/www.hoymercedes.com.ar\/principal\/wp-json\/wp\/v2\/posts\/120748\/revisions"}],"wp:featuredmedia":[{"embeddable":true,"href":"https:\/\/www.hoymercedes.com.ar\/principal\/wp-json\/wp\/v2\/media\/120756"}],"wp:attachment":[{"href":"https:\/\/www.hoymercedes.com.ar\/principal\/wp-json\/wp\/v2\/media?parent=120748"}],"wp:term":[{"taxonomy":"category","embeddable":true,"href":"https:\/\/www.hoymercedes.com.ar\/principal\/wp-json\/wp\/v2\/categories?post=120748"},{"taxonomy":"post_tag","embeddable":true,"href":"https:\/\/www.hoymercedes.com.ar\/principal\/wp-json\/wp\/v2\/tags?post=120748"}],"curies":[{"name":"wp","href":"https:\/\/api.w.org\/{rel}","templated":true}]}}