{"id":120764,"date":"2020-11-25T00:01:00","date_gmt":"2020-11-25T03:01:00","guid":{"rendered":"http:\/\/www.hoymercedes.com.ar\/principal\/?p=120764"},"modified":"2020-11-25T18:10:28","modified_gmt":"2020-11-25T21:10:28","slug":"vecino-con-heridas-graves-tras-incendio-en-gowland","status":"publish","type":"post","link":"https:\/\/www.hoymercedes.com.ar\/principal\/2020\/11\/25\/vecino-con-heridas-graves-tras-incendio-en-gowland\/","title":{"rendered":"Vecino con heridas graves tras incendio en Gowland"},"content":{"rendered":"\n<p>Durante la tarde de este martes un grave incendio se produjo en la localidad de Gowland. En el lugar trabajaron los Bomberos Voluntarios y personal del SAME. Un hombre result\u00f3 herido y debi\u00f3 ser hospitalizado. Alrededor de las 16.20hs arribaron las fuerzas de cuidado de la vida al lugar.<\/p>\n\n\n\n<p>Cuando arribaron los Bomberos detectaron que detr\u00e1s de una casa hab\u00eda un tallercito con todos los elementos de trabajo habituales que tomaron fuego, con lo cual se sospecha podr\u00eda haber estado trabajando en el momento del siniestro. <\/p>\n\n\n\n<p>Se supo tambi\u00e9n que el fuego logr\u00f3 llegar a la vivienda, pero finalmente pudo ser controlado por los bomberos voluntarios quienes realizaron tareas por poco m\u00e1s de una hora. Al arribar el SAME ya hab\u00edan trasladado al herido. <\/p>\n\n\n\n<p>Si bien no hay a\u00fan parte oficial, nuestro medio pudo averiguar que el vecino herido debi\u00f3 ser internado en terapia y posiblemente sea trasladado a un nosocomio de alta complejidad.<\/p>\n\n\n\n<p>Se espera en las pr\u00f3ximas horas contar con m\u00e1s datos oficiales.<\/p>\n","protected":false},"excerpt":{"rendered":"<p>Durante la tarde de este martes un grave incendio se produjo en la localidad de Gowland. En el lugar trabajaron &#8230; <a title=\"Vecino con heridas graves tras incendio en Gowland\" class=\"read-more\" href=\"https:\/\/www.hoymercedes.com.ar\/principal\/2020\/11\/25\/vecino-con-heridas-graves-tras-incendio-en-gowland\/\" aria-label=\"Leer m\u00e1s sobre Vecino con heridas graves tras incendio en Gowland\">Leer m\u00e1s<\/a><\/p>\n","protected":false},"author":5,"featured_media":120774,"comment_status":"closed","ping_status":"open","sticky":false,"template":"","format":"standard","meta":{"_monsterinsights_skip_tracking":false,"_monsterinsights_sitenote_active":false,"_monsterinsights_sitenote_note":"","_monsterinsights_sitenote_category":0,"jetpack_post_was_ever_published":false,"_jetpack_newsletter_access":"","_jetpack_dont_email_post_to_subs":false,"_jetpack_newsletter_tier_id":0,"_jetpack_memberships_contains_paywalled_content":false,"_jetpack_memberships_contains_paid_content":false,"footnotes":"","jetpack_publicize_message":"","jetpack_publicize_feature_enabled":true,"jetpack_social_post_already_shared":false,"jetpack_social_options":{"image_generator_settings":{"template":"highway","default_image_id":0,"font":"","enabled":false},"version":2},"_wpas_customize_per_network":false},"categories":[85],"tags":[875,286,96],"class_list":["post-120764","post","type-post","status-publish","format-standard","has-post-thumbnail","hentry","category-policial","tag-gowland","tag-incendio","tag-policial-2","generate-columns","tablet-grid-50","mobile-grid-100","grid-parent","grid-50"],"jetpack_publicize_connections":[],"jetpack_featured_media_url":"https:\/\/www.hoymercedes.com.ar\/principal\/wp-content\/uploads\/2020\/11\/facebook_1606273468333_6737199233325011394_copy_800x534.jpg","wps_subtitle":"Investigan el hecho","jetpack_sharing_enabled":true,"_links":{"self":[{"href":"https:\/\/www.hoymercedes.com.ar\/principal\/wp-json\/wp\/v2\/posts\/120764","targetHints":{"allow":["GET"]}}],"collection":[{"href":"https:\/\/www.hoymercedes.com.ar\/principal\/wp-json\/wp\/v2\/posts"}],"about":[{"href":"https:\/\/www.hoymercedes.com.ar\/principal\/wp-json\/wp\/v2\/types\/post"}],"author":[{"embeddable":true,"href":"https:\/\/www.hoymercedes.com.ar\/principal\/wp-json\/wp\/v2\/users\/5"}],"replies":[{"embeddable":true,"href":"https:\/\/www.hoymercedes.com.ar\/principal\/wp-json\/wp\/v2\/comments?post=120764"}],"version-history":[{"count":0,"href":"https:\/\/www.hoymercedes.com.ar\/principal\/wp-json\/wp\/v2\/posts\/120764\/revisions"}],"wp:featuredmedia":[{"embeddable":true,"href":"https:\/\/www.hoymercedes.com.ar\/principal\/wp-json\/wp\/v2\/media\/120774"}],"wp:attachment":[{"href":"https:\/\/www.hoymercedes.com.ar\/principal\/wp-json\/wp\/v2\/media?parent=120764"}],"wp:term":[{"taxonomy":"category","embeddable":true,"href":"https:\/\/www.hoymercedes.com.ar\/principal\/wp-json\/wp\/v2\/categories?post=120764"},{"taxonomy":"post_tag","embeddable":true,"href":"https:\/\/www.hoymercedes.com.ar\/principal\/wp-json\/wp\/v2\/tags?post=120764"}],"curies":[{"name":"wp","href":"https:\/\/api.w.org\/{rel}","templated":true}]}}