{"id":120788,"date":"2020-11-25T11:30:26","date_gmt":"2020-11-25T14:30:26","guid":{"rendered":"http:\/\/www.hoymercedes.com.ar\/principal\/?p=120788"},"modified":"2020-11-25T18:03:05","modified_gmt":"2020-11-25T21:03:05","slug":"el-gobierno-provincial-brindo-precisiones-sobre-la-temporada-turistica","status":"publish","type":"post","link":"https:\/\/www.hoymercedes.com.ar\/principal\/2020\/11\/25\/el-gobierno-provincial-brindo-precisiones-sobre-la-temporada-turistica\/","title":{"rendered":"El Gobierno provincial brind\u00f3 precisiones sobre la temporada tur\u00edstica"},"content":{"rendered":"\n<p>El Gobierno de la Provincia de Buenos Aires brind\u00f3 precisiones acerca del desarrollo de la temporada tur\u00edstica que se inicia el pr\u00f3ximo 1\u00b0 de diciembre, tanto en lo referido a las personas que se desplazan hacia puntos de veraneo como en lo relativo a las formalidades que deben cumplir los municipios.<\/p>\n\n\n\n<p>La informaci\u00f3n oficial se\u00f1ala que las personas que viajen con fines tur\u00edsticos deber\u00e1n contar con el \u201cCertificado \u00danico Habilitante para Circulaci\u00f3n &#8211; Emergencia COVID-2019\u201d, que deber\u00e1n solicitar en la web Argentina.gob.ar o a trav\u00e9s de la aplicaci\u00f3n Cuidar. Si el viaje es realizado por un grupo familiar, se deber\u00e1 tramitar un solo certificado detallando los datos de quienes integran el grupo. Vale se\u00f1alar que una misma persona no podr\u00e1 tramitar dos certificados para fechas que se superpongan.<\/p>\n\n\n\n<p>Las indicaciones del Gobierno provincial, plasmadas en una resoluci\u00f3n conjunta del Ministerio de Producci\u00f3n, Ciencia e Innovaci\u00f3n Tecnol\u00f3gica y la Jefatura de Gabinete, tambi\u00e9n estipulan que los municipios que autoricen las actividades tur\u00edsticas contar\u00e1n con la informaci\u00f3n brindada por las personas a la hora de tramitar el certificado, y sobre esa base validar\u00e1n las solicitudes. Finalmente, la mencionada resoluci\u00f3n aprueba una \u201cGu\u00eda de recomendaciones y buenas pr\u00e1cticas tur\u00edsticas\u201d que deber\u00e1 ser cumplida por los municipios que decidan recibir turismo.<\/p>\n\n\n\n<p>La normativa de referencia alcanza a los municipios que se encuentran dentro del esquema de distanciamiento social preventivo y obligatorio (DSPO). Asimismo, la Provincia solicit\u00f3 a la Jefatura de Gabinete de la Naci\u00f3n habilitar el turismo para los municipios que se encuentran en el esquema de aislamiento social preventivo y obligatorio (ASPO) seg\u00fan lo determinado por el DNU 875\/2020: Bah\u00eda Blanca, Balcarce, Castelli, General Pueyrred\u00f3n, Laprida, Pila, Roque P\u00e9rez, San Cayetano, San Nicol\u00e1s y Tandil.<\/p>\n\n\n\n<p>Paralelamente, el Gobierno provincial inform\u00f3 que desde el 23 de noviembre qued\u00f3 restablecido, en los municipios de la provincia de Buenos Aires que se encuentran en el esquema de DSPO, el servicio de transporte automotor interurbano de pasajeros de l\u00ednea regular, la prestaci\u00f3n de los servicios de transporte de tipo diferencial (\u201cejecutivos\u201d) y el servicio de transporte automotor de pasajeros especializados. La decisi\u00f3n, plasmada en la resoluci\u00f3n conjunta de la Jefatura de Gabinete y el Ministerio de Infraestructura y Servicios P\u00fablicos, alcanza a las personas que desarrollen actividades esenciales y a quienes se desplacen con fines tur\u00edsticos. En todos los casos, las y los pasajeros deber\u00e1n contar con el \u201cCertificado \u00danico Habilitante para Circulaci\u00f3n &#8211; Emergencia COVID-19\u201d.<\/p>\n\n\n\n<p>Los protocolos para servicios especializados de transporte terrestre y para transporte p\u00fablico de pasajeros interurbano prev\u00e9n que desde el inicio del ascenso hasta el descenso de todos los pasajeros en el destino final deber\u00e1 ventilarse el veh\u00edculo de manera mec\u00e1nica a trav\u00e9s de sistemas de ventilaci\u00f3n (no de recirculaci\u00f3n de aire). El Gobierno provincial tambi\u00e9n se\u00f1al\u00f3 que el 18 de noviembre le solicit\u00f3 a la Jefatura de Gabinete de la Naci\u00f3n habilitar el transporte interurbano para los municipios que quedaron en el esquema de ASPO, previamente mencionados.<\/p>\n\n\n\n<p>Fuente: gobierno de la provincia de Buenos Aires. <\/p>\n","protected":false},"excerpt":{"rendered":"<p>El Gobierno de la Provincia de Buenos Aires brind\u00f3 precisiones acerca del desarrollo de la temporada tur\u00edstica que se inicia &#8230; <a title=\"El Gobierno provincial brind\u00f3 precisiones sobre la temporada tur\u00edstica\" class=\"read-more\" href=\"https:\/\/www.hoymercedes.com.ar\/principal\/2020\/11\/25\/el-gobierno-provincial-brindo-precisiones-sobre-la-temporada-turistica\/\" aria-label=\"Leer m\u00e1s sobre El Gobierno provincial brind\u00f3 precisiones sobre la temporada tur\u00edstica\">Leer m\u00e1s<\/a><\/p>\n","protected":false},"author":1,"featured_media":120790,"comment_status":"closed","ping_status":"open","sticky":false,"template":"","format":"standard","meta":{"_monsterinsights_skip_tracking":false,"_monsterinsights_sitenote_active":false,"_monsterinsights_sitenote_note":"","_monsterinsights_sitenote_category":0,"jetpack_post_was_ever_published":false,"_jetpack_newsletter_access":"","_jetpack_dont_email_post_to_subs":false,"_jetpack_newsletter_tier_id":0,"_jetpack_memberships_contains_paywalled_content":false,"_jetpack_memberships_contains_paid_content":false,"footnotes":"","jetpack_publicize_message":"","jetpack_publicize_feature_enabled":true,"jetpack_social_post_already_shared":true,"jetpack_social_options":{"image_generator_settings":{"template":"highway","default_image_id":0,"font":"","enabled":false},"version":2},"_wpas_customize_per_network":false},"categories":[8881],"tags":[16313,1803,1428,10456],"class_list":["post-120788","post","type-post","status-publish","format-standard","has-post-thumbnail","hentry","category-provincia","tag-covid-19","tag-provincia","tag-turismo","tag-verano","generate-columns","tablet-grid-50","mobile-grid-100","grid-parent","grid-50"],"jetpack_publicize_connections":[],"jetpack_featured_media_url":"https:\/\/www.hoymercedes.com.ar\/principal\/wp-content\/uploads\/2020\/11\/Chascomus2.jpeg","wps_subtitle":"Vacaciones en la provincia","jetpack_sharing_enabled":true,"_links":{"self":[{"href":"https:\/\/www.hoymercedes.com.ar\/principal\/wp-json\/wp\/v2\/posts\/120788","targetHints":{"allow":["GET"]}}],"collection":[{"href":"https:\/\/www.hoymercedes.com.ar\/principal\/wp-json\/wp\/v2\/posts"}],"about":[{"href":"https:\/\/www.hoymercedes.com.ar\/principal\/wp-json\/wp\/v2\/types\/post"}],"author":[{"embeddable":true,"href":"https:\/\/www.hoymercedes.com.ar\/principal\/wp-json\/wp\/v2\/users\/1"}],"replies":[{"embeddable":true,"href":"https:\/\/www.hoymercedes.com.ar\/principal\/wp-json\/wp\/v2\/comments?post=120788"}],"version-history":[{"count":0,"href":"https:\/\/www.hoymercedes.com.ar\/principal\/wp-json\/wp\/v2\/posts\/120788\/revisions"}],"wp:featuredmedia":[{"embeddable":true,"href":"https:\/\/www.hoymercedes.com.ar\/principal\/wp-json\/wp\/v2\/media\/120790"}],"wp:attachment":[{"href":"https:\/\/www.hoymercedes.com.ar\/principal\/wp-json\/wp\/v2\/media?parent=120788"}],"wp:term":[{"taxonomy":"category","embeddable":true,"href":"https:\/\/www.hoymercedes.com.ar\/principal\/wp-json\/wp\/v2\/categories?post=120788"},{"taxonomy":"post_tag","embeddable":true,"href":"https:\/\/www.hoymercedes.com.ar\/principal\/wp-json\/wp\/v2\/tags?post=120788"}],"curies":[{"name":"wp","href":"https:\/\/api.w.org\/{rel}","templated":true}]}}