{"id":120817,"date":"2020-11-25T19:30:24","date_gmt":"2020-11-25T22:30:24","guid":{"rendered":"http:\/\/www.hoymercedes.com.ar\/principal\/?p=120817"},"modified":"2020-11-25T18:49:15","modified_gmt":"2020-11-25T21:49:15","slug":"presupuesto-2021-de-casi-2-mil-millones-de-pesos-concejales-comenzaron-a-trabajarlo","status":"publish","type":"post","link":"https:\/\/www.hoymercedes.com.ar\/principal\/2020\/11\/25\/presupuesto-2021-de-casi-2-mil-millones-de-pesos-concejales-comenzaron-a-trabajarlo\/","title":{"rendered":"Presupuesto 2021 de casi 2 mil millones de pesos: Concejales comenzaron a trabajarlo"},"content":{"rendered":"\n<p>En la sesi\u00f3n del d\u00eda martes, ingres\u00f3 al recinto para su tratamiento el proyecto de ordenanza de presupuesto y c\u00e1lculo de gastos. El Ejecutivo determin\u00f3 un presupuesto 2021 de 1.942.710.000,00 de pesos y un incremento en las tasas municipales. \u00a0A lo largo de los pr\u00f3ximos d\u00edas, los concejales mantendr\u00e1n reuniones con los distintos funcionarios de las \u00e1reas municipales para conocer m\u00e1s detalles sobre lo proyectado para el venidero a\u00f1o.<\/p>\n\n\n\n<div class=\"wp-block-image\"><figure class=\"aligncenter size-large\"><img loading=\"lazy\" decoding=\"async\" width=\"800\" height=\"533\" data-attachment-id=\"120818\" data-permalink=\"https:\/\/www.hoymercedes.com.ar\/principal\/2020\/11\/25\/presupuesto-2021-de-casi-2-mil-millones-de-pesos-concejales-comenzaron-a-trabajarlo\/25-hcd-presupuesto\/#main\" data-orig-file=\"https:\/\/www.hoymercedes.com.ar\/principal\/wp-content\/uploads\/2020\/11\/25-HCD-presupuesto.jpg\" data-orig-size=\"800,533\" data-comments-opened=\"0\" data-image-meta=\"{&quot;aperture&quot;:&quot;2&quot;,&quot;credit&quot;:&quot;&quot;,&quot;camera&quot;:&quot;Moto G (5S) Plus&quot;,&quot;caption&quot;:&quot;&quot;,&quot;created_timestamp&quot;:&quot;1606307543&quot;,&quot;copyright&quot;:&quot;&quot;,&quot;focal_length&quot;:&quot;3.59&quot;,&quot;iso&quot;:&quot;381&quot;,&quot;shutter_speed&quot;:&quot;0.03030303030303&quot;,&quot;title&quot;:&quot;&quot;,&quot;orientation&quot;:&quot;1&quot;}\" data-image-title=\"25 HCD presupuesto\" data-image-description=\"\" data-image-caption=\"\" data-large-file=\"https:\/\/www.hoymercedes.com.ar\/principal\/wp-content\/uploads\/2020\/11\/25-HCD-presupuesto.jpg\" src=\"https:\/\/www.hoymercedes.com.ar\/principal\/wp-content\/uploads\/2020\/11\/25-HCD-presupuesto.jpg\" alt=\"\" class=\"wp-image-120818\" srcset=\"https:\/\/www.hoymercedes.com.ar\/principal\/wp-content\/uploads\/2020\/11\/25-HCD-presupuesto.jpg 800w, https:\/\/www.hoymercedes.com.ar\/principal\/wp-content\/uploads\/2020\/11\/25-HCD-presupuesto-630x420.jpg 630w, https:\/\/www.hoymercedes.com.ar\/principal\/wp-content\/uploads\/2020\/11\/25-HCD-presupuesto-150x100.jpg 150w, https:\/\/www.hoymercedes.com.ar\/principal\/wp-content\/uploads\/2020\/11\/25-HCD-presupuesto-700x465.jpg 700w\" sizes=\"auto, (max-width: 800px) 100vw, 800px\" \/><\/figure><\/div>\n\n\n\n<p>Las reuniones empezaron este mi\u00e9rcoles con los titulares de las Secretar\u00edas de Econom\u00eda, primero y con Gobierno despu\u00e9s. El jueves 26 contin\u00faan las reuniones con las autoridades de la Secretar\u00eda de Desarrollo Social primero y luego con la Jefatura de Gabinete.<\/p>\n\n\n\n<p>En tanto, el viernes 27, a la hora 10, la reuni\u00f3n ser\u00e1 con la Secretar\u00eda de Salud, mientras que al mediod\u00eda, los concejales se reunir\u00e1n con los responsables de la Secretar\u00eda de Seguridad. Finalmente, el lunes 30 las reuniones ser\u00e1 con los responsables de Obras P\u00fablicas y el cierre de las comisiones de trabajo ser\u00e1 con los funcionarios del \u00e1rea de Econom\u00eda.<\/p>\n\n\n\n<p>De acuerdo el proyecto de ordenanza de presupuesto y c\u00e1lculo de gastos, el Ejecutivo explicita que ser\u00e1n necesarios 1.942.710.000,00 de pesos. Para alcanzar esta cifra, las autoridades comunales proponen un <strong>incremento en las tasas, derechos y contribuciones<\/strong> municipales, \u201ccon el fin de compensar los d\u00e9ficits operativo de la prestaci\u00f3n de los servicios p\u00fablicos esenciales, afectados a la elevada inflaci\u00f3n y devaluaci\u00f3n producida durante el presente ejercicio, lo que ha provocado el natural aumento sobre los componentes b\u00e1sicos del costo como energ\u00eda el\u00e9ctrica, combustibles, repuestos, mano de obra, entre los principales\u201d.<\/p>\n\n\n\n<p>En el mismo proyecto, el Ejecutivo explicita que incrementar\u00e1 la tasa de alumbrado p\u00fablico en un 32% y el resto de las tasas, derechos y contribuciones tambi\u00e9n aumentar\u00e1n en un promedio del 32% tambi\u00e9n, actualizando la base de liquidaci\u00f3n tomando la valuaci\u00f3n fiscal 2020, para la tasa de servicio de agua corriente y desag\u00fces cloacal.<\/p>\n","protected":false},"excerpt":{"rendered":"<p>En la sesi\u00f3n del d\u00eda martes, ingres\u00f3 al recinto para su tratamiento el proyecto de ordenanza de presupuesto y c\u00e1lculo &#8230; <a title=\"Presupuesto 2021 de casi 2 mil millones de pesos: Concejales comenzaron a trabajarlo\" class=\"read-more\" href=\"https:\/\/www.hoymercedes.com.ar\/principal\/2020\/11\/25\/presupuesto-2021-de-casi-2-mil-millones-de-pesos-concejales-comenzaron-a-trabajarlo\/\" aria-label=\"Leer m\u00e1s sobre Presupuesto 2021 de casi 2 mil millones de pesos: Concejales comenzaron a trabajarlo\">Leer m\u00e1s<\/a><\/p>\n","protected":false},"author":1,"featured_media":120818,"comment_status":"closed","ping_status":"open","sticky":false,"template":"","format":"standard","meta":{"_monsterinsights_skip_tracking":false,"_monsterinsights_sitenote_active":false,"_monsterinsights_sitenote_note":"","_monsterinsights_sitenote_category":0,"jetpack_post_was_ever_published":false,"_jetpack_newsletter_access":"","_jetpack_dont_email_post_to_subs":false,"_jetpack_newsletter_tier_id":0,"_jetpack_memberships_contains_paywalled_content":false,"_jetpack_memberships_contains_paid_content":false,"footnotes":"","jetpack_publicize_message":"","jetpack_publicize_feature_enabled":true,"jetpack_social_post_already_shared":true,"jetpack_social_options":{"image_generator_settings":{"template":"highway","default_image_id":0,"font":"","enabled":false},"version":2},"_wpas_customize_per_network":false},"categories":[5],"tags":[8993,8786,16138,17138,240],"class_list":["post-120817","post","type-post","status-publish","format-standard","has-post-thumbnail","hentry","category-politica","tag-concejales","tag-economia","tag-ejecutivo","tag-presupuesto-2021","tag-tasas-municipales","generate-columns","tablet-grid-50","mobile-grid-100","grid-parent","grid-50"],"jetpack_publicize_connections":[],"jetpack_featured_media_url":"https:\/\/www.hoymercedes.com.ar\/principal\/wp-content\/uploads\/2020\/11\/25-HCD-presupuesto.jpg","wps_subtitle":"Tratamiento legislativo","jetpack_sharing_enabled":true,"_links":{"self":[{"href":"https:\/\/www.hoymercedes.com.ar\/principal\/wp-json\/wp\/v2\/posts\/120817","targetHints":{"allow":["GET"]}}],"collection":[{"href":"https:\/\/www.hoymercedes.com.ar\/principal\/wp-json\/wp\/v2\/posts"}],"about":[{"href":"https:\/\/www.hoymercedes.com.ar\/principal\/wp-json\/wp\/v2\/types\/post"}],"author":[{"embeddable":true,"href":"https:\/\/www.hoymercedes.com.ar\/principal\/wp-json\/wp\/v2\/users\/1"}],"replies":[{"embeddable":true,"href":"https:\/\/www.hoymercedes.com.ar\/principal\/wp-json\/wp\/v2\/comments?post=120817"}],"version-history":[{"count":0,"href":"https:\/\/www.hoymercedes.com.ar\/principal\/wp-json\/wp\/v2\/posts\/120817\/revisions"}],"wp:featuredmedia":[{"embeddable":true,"href":"https:\/\/www.hoymercedes.com.ar\/principal\/wp-json\/wp\/v2\/media\/120818"}],"wp:attachment":[{"href":"https:\/\/www.hoymercedes.com.ar\/principal\/wp-json\/wp\/v2\/media?parent=120817"}],"wp:term":[{"taxonomy":"category","embeddable":true,"href":"https:\/\/www.hoymercedes.com.ar\/principal\/wp-json\/wp\/v2\/categories?post=120817"},{"taxonomy":"post_tag","embeddable":true,"href":"https:\/\/www.hoymercedes.com.ar\/principal\/wp-json\/wp\/v2\/tags?post=120817"}],"curies":[{"name":"wp","href":"https:\/\/api.w.org\/{rel}","templated":true}]}}