{"id":12082,"date":"2012-04-10T11:45:46","date_gmt":"2012-04-10T11:45:46","guid":{"rendered":"http:\/\/www.hoymercedes.com.ar\/principal\/?p=12082"},"modified":"2012-04-10T12:24:36","modified_gmt":"2012-04-10T12:24:36","slug":"selva-recorrio-la-zona-afectada-y-hablo-sobre-el-temporal","status":"publish","type":"post","link":"https:\/\/www.hoymercedes.com.ar\/principal\/2012\/04\/10\/selva-recorrio-la-zona-afectada-y-hablo-sobre-el-temporal\/","title":{"rendered":"Selva recorri\u00f3 la zona afectada y habl\u00f3 sobre el temporal"},"content":{"rendered":"<p>Personalmente se hizo cargo de la atenci\u00f3n en el lugar de los hechos de los vecinos damnificados contando con la ayuda de comerciantes locales que facilitaron fuera de hora materiales.<\/p>\n<p>Luego de haber sido notificado de los da\u00f1os que produjo el temporal de viento, lluvia y en algunos sectores piedras, (sector que por segunda vez consecutiva sufre el mismo meteoro, el jefe comunal de nuestra ciudad Carlos Selva decidi\u00f3 salir personalmente a recorrer todos los sectores manteniendo prolongados encuentros con los vecinos afectados, especialmente los del corredor oeste que podr\u00eda encuadrarse entre las calles 10 a 30 y desde 47 hacia la 65, es decir casi llegando al r\u00edo, hoy conocido con el nombre de Barrio Marchetti, antes lo recordamos como \u201cPampa Chica\u201d y un sector de Unidad y Progreso.<\/p>\n<p>Selva sostuvo al dialogar con la prensa \u201ctengo que destacar que afortunadamente hemos tenido la gran colaboraci\u00f3n de dos empresas a quienes quiero agradecer, me refiero a los responsables del Corral\u00f3n de Construcciones Rijavet y a la firma Hierro Mercedes que hasta trabajaron fuera del horario comercial correspondiente para poder dar una mano con los elementos que hac\u00edan falta.<\/p>\n<p>Creo que afortunadamente esta vez pudimos llegar con las soluciones en un tiempo record y as\u00ed con los notariales en su poder, la gente afectada, aprovechando el fin de semana largo pudo revertir un tanto la situaci\u00f3n aunque desde ya hay cosas aun que se deben solucionar.<\/p>\n<p>Ahora vamos a realizar el informe correspondiente para elevar a las autoridades provinciales, tengo que destacar que tenemos la obligaci\u00f3n de hacerlo as\u00ed que en base a los mismos ellos son los que decidir\u00e1n que tipo de ayuda nos pueden enviar, la realidad en el Partido de Mercedes es que tenemos seis casos bastantes comprometidos y otras situaciones menores, as\u00ed que si Dios quiere el mi\u00e9rcoles voy a viajar a La Plata para hablar con los funcionarios responsables acerca de este tema\u201d<\/p>\n<p>Cabe consignar que el temporal causo adem\u00e1s la rotura de numerosos postes de luz y de tel\u00e9fono que con el correr de las oras se fueron reparando<\/p>\n","protected":false},"excerpt":{"rendered":"<p>Personalmente se hizo cargo de la atenci\u00f3n en el lugar de los hechos de los vecinos damnificados contando con la &#8230; <a title=\"Selva recorri\u00f3 la zona afectada y habl\u00f3 sobre el temporal\" class=\"read-more\" href=\"https:\/\/www.hoymercedes.com.ar\/principal\/2012\/04\/10\/selva-recorrio-la-zona-afectada-y-hablo-sobre-el-temporal\/\" aria-label=\"Leer m\u00e1s sobre Selva recorri\u00f3 la zona afectada y habl\u00f3 sobre el temporal\">Leer m\u00e1s<\/a><\/p>\n","protected":false},"author":1,"featured_media":0,"comment_status":"open","ping_status":"open","sticky":false,"template":"","format":"standard","meta":{"_monsterinsights_skip_tracking":false,"_monsterinsights_sitenote_active":false,"_monsterinsights_sitenote_note":"","_monsterinsights_sitenote_category":0,"jetpack_post_was_ever_published":false,"_jetpack_newsletter_access":"","_jetpack_dont_email_post_to_subs":false,"_jetpack_newsletter_tier_id":0,"_jetpack_memberships_contains_paywalled_content":false,"_jetpack_memberships_contains_paid_content":false,"footnotes":"","jetpack_publicize_message":"","jetpack_publicize_feature_enabled":true,"jetpack_social_post_already_shared":false,"jetpack_social_options":{"image_generator_settings":{"template":"highway","default_image_id":0,"font":"","enabled":false},"version":2},"_wpas_customize_per_network":false},"categories":[30],"tags":[18,1908],"class_list":["post-12082","post","type-post","status-publish","format-standard","hentry","category-municipio","tag-selva","tag-temporal-mercedes","generate-columns","tablet-grid-50","mobile-grid-100","grid-parent","grid-50"],"jetpack_publicize_connections":[],"jetpack_featured_media_url":"","wps_subtitle":"","jetpack_sharing_enabled":true,"_links":{"self":[{"href":"https:\/\/www.hoymercedes.com.ar\/principal\/wp-json\/wp\/v2\/posts\/12082","targetHints":{"allow":["GET"]}}],"collection":[{"href":"https:\/\/www.hoymercedes.com.ar\/principal\/wp-json\/wp\/v2\/posts"}],"about":[{"href":"https:\/\/www.hoymercedes.com.ar\/principal\/wp-json\/wp\/v2\/types\/post"}],"author":[{"embeddable":true,"href":"https:\/\/www.hoymercedes.com.ar\/principal\/wp-json\/wp\/v2\/users\/1"}],"replies":[{"embeddable":true,"href":"https:\/\/www.hoymercedes.com.ar\/principal\/wp-json\/wp\/v2\/comments?post=12082"}],"version-history":[{"count":0,"href":"https:\/\/www.hoymercedes.com.ar\/principal\/wp-json\/wp\/v2\/posts\/12082\/revisions"}],"wp:attachment":[{"href":"https:\/\/www.hoymercedes.com.ar\/principal\/wp-json\/wp\/v2\/media?parent=12082"}],"wp:term":[{"taxonomy":"category","embeddable":true,"href":"https:\/\/www.hoymercedes.com.ar\/principal\/wp-json\/wp\/v2\/categories?post=12082"},{"taxonomy":"post_tag","embeddable":true,"href":"https:\/\/www.hoymercedes.com.ar\/principal\/wp-json\/wp\/v2\/tags?post=12082"}],"curies":[{"name":"wp","href":"https:\/\/api.w.org\/{rel}","templated":true}]}}