{"id":120826,"date":"2020-11-25T18:46:35","date_gmt":"2020-11-25T21:46:35","guid":{"rendered":"http:\/\/www.hoymercedes.com.ar\/principal\/?p=120826"},"modified":"2020-11-25T18:49:36","modified_gmt":"2020-11-25T21:49:36","slug":"inauguracion-del-banco-rojo-en-la-unidad-n-5-de-mercedes","status":"publish","type":"post","link":"https:\/\/www.hoymercedes.com.ar\/principal\/2020\/11\/25\/inauguracion-del-banco-rojo-en-la-unidad-n-5-de-mercedes\/","title":{"rendered":"Inauguraci\u00f3n del Banco Rojo en la Unidad N\u00b0 5 de Mercedes"},"content":{"rendered":"\n<p><strong><em>Se inaugur\u00f3 el Banco Rojo en el marco del D\u00eda Internacional contra la Violencia de G\u00e9nero y la Campa\u00f1a de Concientizacion y Sensibilizaci\u00f3n contra la Violencia de G\u00e9nero.<\/em><\/strong><\/p>\n\n\n\n<div class=\"wp-block-image\"><figure class=\"aligncenter size-large\"><img loading=\"lazy\" decoding=\"async\" width=\"800\" height=\"370\" data-attachment-id=\"120827\" data-permalink=\"https:\/\/www.hoymercedes.com.ar\/principal\/2020\/11\/25\/inauguracion-del-banco-rojo-en-la-unidad-n-5-de-mercedes\/25-banco-rojo\/#main\" data-orig-file=\"https:\/\/www.hoymercedes.com.ar\/principal\/wp-content\/uploads\/2020\/11\/25-banco-rojo.jpeg\" data-orig-size=\"800,370\" data-comments-opened=\"0\" data-image-meta=\"{&quot;aperture&quot;:&quot;0&quot;,&quot;credit&quot;:&quot;&quot;,&quot;camera&quot;:&quot;&quot;,&quot;caption&quot;:&quot;&quot;,&quot;created_timestamp&quot;:&quot;0&quot;,&quot;copyright&quot;:&quot;&quot;,&quot;focal_length&quot;:&quot;0&quot;,&quot;iso&quot;:&quot;0&quot;,&quot;shutter_speed&quot;:&quot;0&quot;,&quot;title&quot;:&quot;&quot;,&quot;orientation&quot;:&quot;0&quot;}\" data-image-title=\"25 banco rojo\" data-image-description=\"\" data-image-caption=\"\" data-large-file=\"https:\/\/www.hoymercedes.com.ar\/principal\/wp-content\/uploads\/2020\/11\/25-banco-rojo.jpeg\" src=\"https:\/\/www.hoymercedes.com.ar\/principal\/wp-content\/uploads\/2020\/11\/25-banco-rojo.jpeg\" alt=\"\" class=\"wp-image-120827\" srcset=\"https:\/\/www.hoymercedes.com.ar\/principal\/wp-content\/uploads\/2020\/11\/25-banco-rojo.jpeg 800w, https:\/\/www.hoymercedes.com.ar\/principal\/wp-content\/uploads\/2020\/11\/25-banco-rojo-630x291.jpeg 630w, https:\/\/www.hoymercedes.com.ar\/principal\/wp-content\/uploads\/2020\/11\/25-banco-rojo-150x69.jpeg 150w\" sizes=\"auto, (max-width: 800px) 100vw, 800px\" \/><\/figure><\/div>\n\n\n\n<p>El d\u00eda mi\u00e9rcoles 25, a las 9 horas, se realiz\u00f3 una charla a cargo de la Coordinadora de G\u00e9nero de la Municipalidad de Mercedes, Lic. Guadalupe Gonz\u00e1lez sobre la tem\u00e1tica, los roles masculinos, la educaci\u00f3n e historia que traemos, y comenzar a trabajar y reflexionar sobre las masculinidades para propiciar la problematizacion y la deconstrucci\u00f3n de patrones socioculturales. <\/p>\n\n\n\n<p>Por las restricciones de agrupamiento por el COVID-19, la charla fue dada a un n\u00famero reducido del personal, estuvieron presentes el equipo de Directivos, y Jefes de Secci\u00f3n de la Unidad para luego replicar en sus respectivas oficinas, e ir generando conciencia respecto a la problem\u00e1tica. Luego se descubri\u00f3 el Banco Rojo, s\u00edmbolo de visibilizacion de los femicidios, en el pasillo central de Administraci\u00f3n de la Unidad.<\/p>\n\n\n\n<p>La propuesta de inaugurar el Banco Rojo en las distintas Unidades y Alcaidias Penitenciarias es impulsada por el Equipo Interdisciplinario de G\u00e9nero y Masculinidades, la Direcci\u00f3n de Evaluaci\u00f3n y Desarrollo del Personal, Direcci\u00f3n General de Recursos Humanos quien trabaja en articulacion con la Direcci\u00f3n de la Unidad N\u00b05, y el \u00c1rea de Asistencia Sociolaboral de la misma, en el abordaje de la problem\u00e1tica.<\/p>\n\n\n\n<p>La Campa\u00f1a Internacional El Banco Rojo, es un Proyecto cultural y pac\u00edfico, para la prevenci\u00f3n, informaci\u00f3n y sensibilizaci\u00f3n contra la Violencia de G\u00e9nero y el femicidio. Es un proyecto social y comunitario que se trabaja en forma colectiva.<\/p>\n\n\n\n<p>Su objetivo principal es la prevenci\u00f3n primaria: evitar que ocurra la violencia, llevando a la reflexi\u00f3n a toda persona que ve este s\u00edmbolo, y a pensar que el desenlace fatal es evitable si la violencia se detecta y se detiene a tiempo. Es un recordatorio durante todo el a\u00f1o.<\/p>\n\n\n\n<p>Esta acci\u00f3n se realiza en conjunto con el Stati Generali Delle Donne, y nace en Italia en septiembre de 2016, y representado en Argentina por la Lic. En Trabajo Social y Especialista en Violencia Familiar, Elisa Mottini, quien es la representante legal de la Campa\u00f1a en Argentina mediante un Convenio de Cooperaci\u00f3n Mutua.<br>Se encontraban presentes la Secretaria de Coordinaci\u00f3n del Complejo Penitenciario Zona Norte, Inspectora Mayor Amorina Garc\u00eda, el Director de la Unidad Prefecto Mayor Horacio Maldonado, los Subdirectores y personal de diversas secciones y la titular de la Comisar\u00eda de la Mujer y la Familia Vanesa Casas.<\/p>\n\n\n\n<p>Cada uno de los presentes fue dando su parecer y agradecimiento por la jornada, y el espacio, para comenzar a reflexionar y hablar de estos temas. <\/p>\n\n\n\n<p>El Director Horacio Maldonado, habl\u00f3 de la importancia de la igualdad de g\u00e9nero en una instituci\u00f3n como el Servicio Penitenciario Bonaerense, el rol activo y los espacios de relevancia ocupados por la mujer, destacando que estos cambios son necesarios y ense\u00f1an a todos que la igualdad es el \u00fanico objetivo. Por otra parte se convoc\u00f3 a seguir trabajando de manera interinstitucional, contando con el apoyo desde ambas partes. <\/p>\n\n\n\n<p>Asimismo, el Director de la Unidad expres\u00f3 su agradecimiento a la Coordinadora de G\u00e9nero de la Municipalidad Lic. Guadalupe Gonz\u00e1lez por su predisposici\u00f3n a venir a dar la charla y la colaboraci\u00f3n constante desde su \u00e1rea y a la titular de la Comisar\u00eda de la Mujer Vanesa Casas por su presencia, as\u00ed como a todo el personal.<\/p>\n\n\n\n<p>Fuente: Prensa U5<\/p>\n","protected":false},"excerpt":{"rendered":"<p>Se inaugur\u00f3 el Banco Rojo en el marco del D\u00eda Internacional contra la Violencia de G\u00e9nero y la Campa\u00f1a de &#8230; <a title=\"Inauguraci\u00f3n del Banco Rojo en la Unidad N\u00b0 5 de Mercedes\" class=\"read-more\" href=\"https:\/\/www.hoymercedes.com.ar\/principal\/2020\/11\/25\/inauguracion-del-banco-rojo-en-la-unidad-n-5-de-mercedes\/\" aria-label=\"Leer m\u00e1s sobre Inauguraci\u00f3n del Banco Rojo en la Unidad N\u00b0 5 de Mercedes\">Leer m\u00e1s<\/a><\/p>\n","protected":false},"author":1,"featured_media":120827,"comment_status":"closed","ping_status":"open","sticky":false,"template":"","format":"standard","meta":{"_monsterinsights_skip_tracking":false,"_monsterinsights_sitenote_active":false,"_monsterinsights_sitenote_note":"","_monsterinsights_sitenote_category":0,"jetpack_post_was_ever_published":false,"_jetpack_newsletter_access":"","_jetpack_dont_email_post_to_subs":false,"_jetpack_newsletter_tier_id":0,"_jetpack_memberships_contains_paywalled_content":false,"_jetpack_memberships_contains_paid_content":false,"footnotes":"","jetpack_publicize_message":"","jetpack_publicize_feature_enabled":true,"jetpack_social_post_already_shared":true,"jetpack_social_options":{"image_generator_settings":{"template":"highway","default_image_id":0,"font":"","enabled":false},"version":2},"_wpas_customize_per_network":false},"categories":[8],"tags":[17319,113],"class_list":["post-120826","post","type-post","status-publish","format-standard","has-post-thumbnail","hentry","category-sociedad","tag-banco-rojo","tag-unidad-5","generate-columns","tablet-grid-50","mobile-grid-100","grid-parent","grid-50"],"jetpack_publicize_connections":[],"jetpack_featured_media_url":"https:\/\/www.hoymercedes.com.ar\/principal\/wp-content\/uploads\/2020\/11\/25-banco-rojo.jpeg","wps_subtitle":"S\u00edmbolo contra la violencia de g\u00e9nero","jetpack_sharing_enabled":true,"_links":{"self":[{"href":"https:\/\/www.hoymercedes.com.ar\/principal\/wp-json\/wp\/v2\/posts\/120826","targetHints":{"allow":["GET"]}}],"collection":[{"href":"https:\/\/www.hoymercedes.com.ar\/principal\/wp-json\/wp\/v2\/posts"}],"about":[{"href":"https:\/\/www.hoymercedes.com.ar\/principal\/wp-json\/wp\/v2\/types\/post"}],"author":[{"embeddable":true,"href":"https:\/\/www.hoymercedes.com.ar\/principal\/wp-json\/wp\/v2\/users\/1"}],"replies":[{"embeddable":true,"href":"https:\/\/www.hoymercedes.com.ar\/principal\/wp-json\/wp\/v2\/comments?post=120826"}],"version-history":[{"count":0,"href":"https:\/\/www.hoymercedes.com.ar\/principal\/wp-json\/wp\/v2\/posts\/120826\/revisions"}],"wp:featuredmedia":[{"embeddable":true,"href":"https:\/\/www.hoymercedes.com.ar\/principal\/wp-json\/wp\/v2\/media\/120827"}],"wp:attachment":[{"href":"https:\/\/www.hoymercedes.com.ar\/principal\/wp-json\/wp\/v2\/media?parent=120826"}],"wp:term":[{"taxonomy":"category","embeddable":true,"href":"https:\/\/www.hoymercedes.com.ar\/principal\/wp-json\/wp\/v2\/categories?post=120826"},{"taxonomy":"post_tag","embeddable":true,"href":"https:\/\/www.hoymercedes.com.ar\/principal\/wp-json\/wp\/v2\/tags?post=120826"}],"curies":[{"name":"wp","href":"https:\/\/api.w.org\/{rel}","templated":true}]}}