{"id":120837,"date":"2020-11-25T22:12:53","date_gmt":"2020-11-26T01:12:53","guid":{"rendered":"http:\/\/www.hoymercedes.com.ar\/principal\/?p=120837"},"modified":"2020-11-26T13:59:29","modified_gmt":"2020-11-26T16:59:29","slug":"conmemoraron-el-dia-internacional-de-la-eliminacion-de-la-violencia-contra-la-mujer","status":"publish","type":"post","link":"https:\/\/www.hoymercedes.com.ar\/principal\/2020\/11\/25\/conmemoraron-el-dia-internacional-de-la-eliminacion-de-la-violencia-contra-la-mujer\/","title":{"rendered":"Conmemoraron el D\u00eda Internacional de la eliminaci\u00f3n de la violencia contra la mujer"},"content":{"rendered":"\n<p>En el \u00abD\u00eda internacional de la eliminaci\u00f3n de la violencia contra la mujer\u00bb en conjunto con el Ministerio de las Mujeres, G\u00e9neros y Diversidad, se realizaron m\u00faltiples acciones y actividades.\u00a0\u00a0Por la ma\u00f1ana hubo capacitaci\u00f3n, reflexi\u00f3n e intercambio en La Trocha. En plaza San Mart\u00edn se produjo una intervenci\u00f3n colectiva. Hubo streaming y por la tarde una nueva jornada de \u201cG\u00e9nero y Deporte\u201d con los clubes de la ciudad en La Trocha. \u00a0<\/p>\n\n\n\n<div class=\"wp-block-image\"><figure class=\"aligncenter size-large\"><img loading=\"lazy\" decoding=\"async\" width=\"800\" height=\"450\" data-attachment-id=\"120840\" data-permalink=\"https:\/\/www.hoymercedes.com.ar\/principal\/2020\/11\/25\/conmemoraron-el-dia-internacional-de-la-eliminacion-de-la-violencia-contra-la-mujer\/dsc00945\/#main\" data-orig-file=\"https:\/\/www.hoymercedes.com.ar\/principal\/wp-content\/uploads\/2020\/11\/DSC00945.jpg\" data-orig-size=\"800,450\" data-comments-opened=\"0\" data-image-meta=\"{&quot;aperture&quot;:&quot;0&quot;,&quot;credit&quot;:&quot;&quot;,&quot;camera&quot;:&quot;&quot;,&quot;caption&quot;:&quot;&quot;,&quot;created_timestamp&quot;:&quot;0&quot;,&quot;copyright&quot;:&quot;&quot;,&quot;focal_length&quot;:&quot;0&quot;,&quot;iso&quot;:&quot;0&quot;,&quot;shutter_speed&quot;:&quot;0&quot;,&quot;title&quot;:&quot;&quot;,&quot;orientation&quot;:&quot;0&quot;}\" data-image-title=\"DSC00945\" data-image-description=\"\" data-image-caption=\"\" data-large-file=\"https:\/\/www.hoymercedes.com.ar\/principal\/wp-content\/uploads\/2020\/11\/DSC00945.jpg\" src=\"https:\/\/www.hoymercedes.com.ar\/principal\/wp-content\/uploads\/2020\/11\/DSC00945.jpg\" alt=\"\" class=\"wp-image-120840\" srcset=\"https:\/\/www.hoymercedes.com.ar\/principal\/wp-content\/uploads\/2020\/11\/DSC00945.jpg 800w, https:\/\/www.hoymercedes.com.ar\/principal\/wp-content\/uploads\/2020\/11\/DSC00945-630x354.jpg 630w, https:\/\/www.hoymercedes.com.ar\/principal\/wp-content\/uploads\/2020\/11\/DSC00945-150x84.jpg 150w\" sizes=\"auto, (max-width: 800px) 100vw, 800px\" \/><\/figure><\/div>\n\n\n\n<p>Guadalupe Gonz\u00e1lez, la coordinadora de g\u00e9nero explic\u00f3 que trabajaron en conjunto con el Ministerio de las Mujeres, G\u00e9neros y Diversidad y present\u00f3 a Lourdes Castro del equipo del ministerio, qui\u00e9n inst\u00f3 a la reflexi\u00f3n sobre la problem\u00e1tica. \u00abEstuvimos hablando sobre todo en lo que es la prevenci\u00f3n de las violencias por motivo de g\u00e9nero. Entendiendo tambi\u00e9n que el patriarcado es un orden, un sistema pol\u00edtico que crea subjetividades y que es fundamental romper con ese orden que crea relaciones desiguales de poder y que tambi\u00e9n es c\u00f3mplice y genera los espacios para que haya violencia por motivos de g\u00e9nero hacia las mujeres y diversidades. Desde el Ministerio lo que tenemos es una pol\u00edtica muy fuerte desde lo que es la prevenci\u00f3n en las nuevas masculinidades que son atravesados por este sistema patriarcal\u201d. \u00a0<\/p>\n\n\n\n<p>Por la tarde, en plaza San Mart\u00edn hubo una \u201cintervenci\u00f3n\u201d con el objetivo de visibilizar la problem\u00e1tica y tambi\u00e9n los distintos colectivos sociales que son parte de la ciudad. Mientras que en La Trocha, con participantes de distintos clubes sociales y deportivos de la ciudad se llev\u00f3 a cabo una nueva jornada de capacitaci\u00f3n en el marco de la Ley Micaela denominada \u201cG\u00e9nero y Deporte\u201d, con el objetivo de seguir tomando consciencia sobre la violencia de g\u00e9nero, conocer dispositivos de prevenci\u00f3n y herramientas de apoyo. \u00a0<\/p>\n","protected":false},"excerpt":{"rendered":"<p>En el \u00abD\u00eda internacional de la eliminaci\u00f3n de la violencia contra la mujer\u00bb en conjunto con el Ministerio de las &#8230; <a title=\"Conmemoraron el D\u00eda Internacional de la eliminaci\u00f3n de la violencia contra la mujer\" class=\"read-more\" href=\"https:\/\/www.hoymercedes.com.ar\/principal\/2020\/11\/25\/conmemoraron-el-dia-internacional-de-la-eliminacion-de-la-violencia-contra-la-mujer\/\" aria-label=\"Leer m\u00e1s sobre Conmemoraron el D\u00eda Internacional de la eliminaci\u00f3n de la violencia contra la mujer\">Leer m\u00e1s<\/a><\/p>\n","protected":false},"author":5,"featured_media":120840,"comment_status":"closed","ping_status":"open","sticky":false,"template":"","format":"standard","meta":{"_monsterinsights_skip_tracking":false,"_monsterinsights_sitenote_active":false,"_monsterinsights_sitenote_note":"","_monsterinsights_sitenote_category":0,"jetpack_post_was_ever_published":false,"_jetpack_newsletter_access":"","_jetpack_dont_email_post_to_subs":false,"_jetpack_newsletter_tier_id":0,"_jetpack_memberships_contains_paywalled_content":false,"_jetpack_memberships_contains_paid_content":false,"footnotes":"","jetpack_publicize_message":"","jetpack_publicize_feature_enabled":true,"jetpack_social_post_already_shared":true,"jetpack_social_options":{"image_generator_settings":{"template":"highway","default_image_id":0,"font":"","enabled":false},"version":2},"_wpas_customize_per_network":false},"categories":[30],"tags":[15959,10633,185],"class_list":["post-120837","post","type-post","status-publish","format-standard","has-post-thumbnail","hentry","category-municipio","tag-contra-la-violencia-hacia-la-mujer","tag-informe","tag-nacion","generate-columns","tablet-grid-50","mobile-grid-100","grid-parent","grid-50"],"jetpack_publicize_connections":[],"jetpack_featured_media_url":"https:\/\/www.hoymercedes.com.ar\/principal\/wp-content\/uploads\/2020\/11\/DSC00945.jpg","wps_subtitle":"Durante el 25 de noviembre","jetpack_sharing_enabled":true,"_links":{"self":[{"href":"https:\/\/www.hoymercedes.com.ar\/principal\/wp-json\/wp\/v2\/posts\/120837","targetHints":{"allow":["GET"]}}],"collection":[{"href":"https:\/\/www.hoymercedes.com.ar\/principal\/wp-json\/wp\/v2\/posts"}],"about":[{"href":"https:\/\/www.hoymercedes.com.ar\/principal\/wp-json\/wp\/v2\/types\/post"}],"author":[{"embeddable":true,"href":"https:\/\/www.hoymercedes.com.ar\/principal\/wp-json\/wp\/v2\/users\/5"}],"replies":[{"embeddable":true,"href":"https:\/\/www.hoymercedes.com.ar\/principal\/wp-json\/wp\/v2\/comments?post=120837"}],"version-history":[{"count":0,"href":"https:\/\/www.hoymercedes.com.ar\/principal\/wp-json\/wp\/v2\/posts\/120837\/revisions"}],"wp:featuredmedia":[{"embeddable":true,"href":"https:\/\/www.hoymercedes.com.ar\/principal\/wp-json\/wp\/v2\/media\/120840"}],"wp:attachment":[{"href":"https:\/\/www.hoymercedes.com.ar\/principal\/wp-json\/wp\/v2\/media?parent=120837"}],"wp:term":[{"taxonomy":"category","embeddable":true,"href":"https:\/\/www.hoymercedes.com.ar\/principal\/wp-json\/wp\/v2\/categories?post=120837"},{"taxonomy":"post_tag","embeddable":true,"href":"https:\/\/www.hoymercedes.com.ar\/principal\/wp-json\/wp\/v2\/tags?post=120837"}],"curies":[{"name":"wp","href":"https:\/\/api.w.org\/{rel}","templated":true}]}}