{"id":120838,"date":"2020-11-25T22:55:01","date_gmt":"2020-11-26T01:55:01","guid":{"rendered":"http:\/\/www.hoymercedes.com.ar\/principal\/?p=120838"},"modified":"2020-11-26T13:58:51","modified_gmt":"2020-11-26T16:58:51","slug":"coronavirus-un-positivo-se-suma-en-mercedes","status":"publish","type":"post","link":"https:\/\/www.hoymercedes.com.ar\/principal\/2020\/11\/25\/coronavirus-un-positivo-se-suma-en-mercedes\/","title":{"rendered":"Coronavirus: Un positivo se suma en Mercedes"},"content":{"rendered":"\n<p>El informe oficial de la situaci\u00f3n epidemiol\u00f3liga en Mercedes confirma un nuevo positivo entre los 35 test realizados en el d\u00eda ese mi\u00e9rcoles. Asimismo, confirmaron que cuatro pacientes fueron dados de alta m\u00e9dica. <\/p>\n\n\n\n<div class=\"wp-block-image\"><figure class=\"aligncenter size-large\"><img loading=\"lazy\" decoding=\"async\" width=\"800\" height=\"800\" data-attachment-id=\"120848\" data-permalink=\"https:\/\/www.hoymercedes.com.ar\/principal\/2020\/11\/25\/coronavirus-un-positivo-se-suma-en-mercedes\/whatsapp-image-2020-11-25-at-22-39-44\/#main\" data-orig-file=\"https:\/\/www.hoymercedes.com.ar\/principal\/wp-content\/uploads\/2020\/11\/WhatsApp-Image-2020-11-25-at-22.39.44.jpeg\" data-orig-size=\"800,800\" data-comments-opened=\"0\" data-image-meta=\"{&quot;aperture&quot;:&quot;0&quot;,&quot;credit&quot;:&quot;&quot;,&quot;camera&quot;:&quot;&quot;,&quot;caption&quot;:&quot;&quot;,&quot;created_timestamp&quot;:&quot;0&quot;,&quot;copyright&quot;:&quot;&quot;,&quot;focal_length&quot;:&quot;0&quot;,&quot;iso&quot;:&quot;0&quot;,&quot;shutter_speed&quot;:&quot;0&quot;,&quot;title&quot;:&quot;&quot;,&quot;orientation&quot;:&quot;0&quot;}\" data-image-title=\"WhatsApp Image 2020-11-25 at 22.39.44\" data-image-description=\"\" data-image-caption=\"\" data-large-file=\"https:\/\/www.hoymercedes.com.ar\/principal\/wp-content\/uploads\/2020\/11\/WhatsApp-Image-2020-11-25-at-22.39.44.jpeg\" src=\"https:\/\/www.hoymercedes.com.ar\/principal\/wp-content\/uploads\/2020\/11\/WhatsApp-Image-2020-11-25-at-22.39.44.jpeg\" alt=\"\" class=\"wp-image-120848\" srcset=\"https:\/\/www.hoymercedes.com.ar\/principal\/wp-content\/uploads\/2020\/11\/WhatsApp-Image-2020-11-25-at-22.39.44.jpeg 800w, https:\/\/www.hoymercedes.com.ar\/principal\/wp-content\/uploads\/2020\/11\/WhatsApp-Image-2020-11-25-at-22.39.44-620x620.jpeg 620w, https:\/\/www.hoymercedes.com.ar\/principal\/wp-content\/uploads\/2020\/11\/WhatsApp-Image-2020-11-25-at-22.39.44-150x150.jpeg 150w\" sizes=\"auto, (max-width: 800px) 100vw, 800px\" \/><\/figure><\/div>\n\n\n\n<p>Informe nacional: Este mi\u00e9rcoles fueron confirmados 8.593 nuevos casos de COVID-19. Con estos registros, suman 1.390.388 positivos en el pa\u00eds, de los cuales 1.217.284 son pacientes recuperados y 135.390 son casos confirmados activos. En las \u00faltimas 24 hs fueron realizados 29.437 testeos y desde el inicio del brote se realizaron 3.742.317 pruebas diagn\u00f3sticas para esta enfermedad, lo que equivale a 82.472 muestras por mill\u00f3n de habitantes. <br>En las \u00faltimas 24 horas, se notificaron 283* nuevas muertes, son 166 hombres y 116 mujeres. Al momento la cantidad de personas fallecidas es 37.714. Una persona notificada como fallecida, residente en la provincia de C\u00f3rdoba, fue resgistrada sin dato de sexo. Un hombre residente en la provincia de Entre R\u00edos fue reclasificado.<br>Detalle por provincia (N\u00ba de confirmados | N\u00ba de acumulados): Buenos Aires 2.262 | 610.159; Ciudad de Buenos Aires 324 | 157.227; Catamarca 12 | 1.737; Chaco 166 | 18.248; Chubut 259 | 21.757; Corrientes 125 | 5.134; C\u00f3rdoba 881 | 110.943; Entre R\u00edos 191 | 22.267 Formosa -13 | 178; Jujuy 15 | 18.332; La Pampa 105 | 5.403; La Rioja 18 | 8.588; Mendoza 264 | 55.764; Misiones 8 | 466 Neuqu\u00e9n 394 | 30.898; R\u00edo Negro 350 | 30.732; Salta 84 | 20.952; San Juan 451 | 6.722; San Luis 185 | 13.572; Santa Cruz 327 | 14.844; Santa Fe 1.490 | 141.595; Santiago del Estero 154 | 14.868; Tierra del Fuego 177 | 15.701 y Tucum\u00e1n 364 | 64.301<\/p>\n","protected":false},"excerpt":{"rendered":"<p>El informe oficial de la situaci\u00f3n epidemiol\u00f3liga en Mercedes confirma un nuevo positivo entre los 35 test realizados en el &#8230; <a title=\"Coronavirus: Un positivo se suma en Mercedes\" class=\"read-more\" href=\"https:\/\/www.hoymercedes.com.ar\/principal\/2020\/11\/25\/coronavirus-un-positivo-se-suma-en-mercedes\/\" aria-label=\"Leer m\u00e1s sobre Coronavirus: Un positivo se suma en Mercedes\">Leer m\u00e1s<\/a><\/p>\n","protected":false},"author":5,"featured_media":120848,"comment_status":"closed","ping_status":"open","sticky":false,"template":"","format":"standard","meta":{"_monsterinsights_skip_tracking":false,"_monsterinsights_sitenote_active":false,"_monsterinsights_sitenote_note":"","_monsterinsights_sitenote_category":0,"jetpack_post_was_ever_published":false,"_jetpack_newsletter_access":"","_jetpack_dont_email_post_to_subs":false,"_jetpack_newsletter_tier_id":0,"_jetpack_memberships_contains_paywalled_content":false,"_jetpack_memberships_contains_paid_content":false,"footnotes":"","jetpack_publicize_message":"","jetpack_publicize_feature_enabled":true,"jetpack_social_post_already_shared":true,"jetpack_social_options":{"image_generator_settings":{"template":"highway","default_image_id":0,"font":"","enabled":false},"version":2},"_wpas_customize_per_network":false},"categories":[9791],"tags":[16428,16175,16313],"class_list":["post-120838","post","type-post","status-publish","format-standard","has-post-thumbnail","hentry","category-salud","tag-casos-positivos","tag-coronavirus","tag-covid-19","generate-columns","tablet-grid-50","mobile-grid-100","grid-parent","grid-50"],"jetpack_publicize_connections":[],"jetpack_featured_media_url":"https:\/\/www.hoymercedes.com.ar\/principal\/wp-content\/uploads\/2020\/11\/WhatsApp-Image-2020-11-25-at-22.39.44.jpeg","wps_subtitle":"Cierre del d\u00eda","jetpack_sharing_enabled":true,"_links":{"self":[{"href":"https:\/\/www.hoymercedes.com.ar\/principal\/wp-json\/wp\/v2\/posts\/120838","targetHints":{"allow":["GET"]}}],"collection":[{"href":"https:\/\/www.hoymercedes.com.ar\/principal\/wp-json\/wp\/v2\/posts"}],"about":[{"href":"https:\/\/www.hoymercedes.com.ar\/principal\/wp-json\/wp\/v2\/types\/post"}],"author":[{"embeddable":true,"href":"https:\/\/www.hoymercedes.com.ar\/principal\/wp-json\/wp\/v2\/users\/5"}],"replies":[{"embeddable":true,"href":"https:\/\/www.hoymercedes.com.ar\/principal\/wp-json\/wp\/v2\/comments?post=120838"}],"version-history":[{"count":0,"href":"https:\/\/www.hoymercedes.com.ar\/principal\/wp-json\/wp\/v2\/posts\/120838\/revisions"}],"wp:featuredmedia":[{"embeddable":true,"href":"https:\/\/www.hoymercedes.com.ar\/principal\/wp-json\/wp\/v2\/media\/120848"}],"wp:attachment":[{"href":"https:\/\/www.hoymercedes.com.ar\/principal\/wp-json\/wp\/v2\/media?parent=120838"}],"wp:term":[{"taxonomy":"category","embeddable":true,"href":"https:\/\/www.hoymercedes.com.ar\/principal\/wp-json\/wp\/v2\/categories?post=120838"},{"taxonomy":"post_tag","embeddable":true,"href":"https:\/\/www.hoymercedes.com.ar\/principal\/wp-json\/wp\/v2\/tags?post=120838"}],"curies":[{"name":"wp","href":"https:\/\/api.w.org\/{rel}","templated":true}]}}