{"id":120862,"date":"2020-11-26T11:35:22","date_gmt":"2020-11-26T14:35:22","guid":{"rendered":"http:\/\/www.hoymercedes.com.ar\/principal\/?p=120862"},"modified":"2020-11-26T12:27:00","modified_gmt":"2020-11-26T15:27:00","slug":"jornada-de-limpieza-en-la-reserva-del-arroyo-balta","status":"publish","type":"post","link":"https:\/\/www.hoymercedes.com.ar\/principal\/2020\/11\/26\/jornada-de-limpieza-en-la-reserva-del-arroyo-balta\/","title":{"rendered":"Jornada de limpieza en la Reserva del Arroyo Balta"},"content":{"rendered":"\n<p>La Direcci\u00f3n de Ambiente Municipal organiza una jornada de plantaci\u00f3n de nativas y limpieza de la reserva del arroyo Balta. Esta actividad se realizar\u00e1 junto a la comunidad educativa de la Escuela T\u00e9cnica N\u00b0 2 de Gowland y la Asociaci\u00f3n Civil S.O.S. H\u00e1bitat. el encuentro ser\u00e1 el viernes 27 de noviembre a la hora 9. El punto de encuentro ser\u00e1 la colectora de la autopista 5, antes del peaje. \u00a0<\/p>\n\n\n\n<div class=\"wp-block-image\"><figure class=\"aligncenter size-large\"><img loading=\"lazy\" decoding=\"async\" width=\"800\" height=\"800\" data-attachment-id=\"120863\" data-permalink=\"https:\/\/www.hoymercedes.com.ar\/principal\/2020\/11\/26\/jornada-de-limpieza-en-la-reserva-del-arroyo-balta\/26-balta\/#main\" data-orig-file=\"https:\/\/www.hoymercedes.com.ar\/principal\/wp-content\/uploads\/2020\/11\/26-balta.jpg\" data-orig-size=\"800,800\" data-comments-opened=\"0\" data-image-meta=\"{&quot;aperture&quot;:&quot;0&quot;,&quot;credit&quot;:&quot;&quot;,&quot;camera&quot;:&quot;&quot;,&quot;caption&quot;:&quot;&quot;,&quot;created_timestamp&quot;:&quot;0&quot;,&quot;copyright&quot;:&quot;&quot;,&quot;focal_length&quot;:&quot;0&quot;,&quot;iso&quot;:&quot;0&quot;,&quot;shutter_speed&quot;:&quot;0&quot;,&quot;title&quot;:&quot;&quot;,&quot;orientation&quot;:&quot;0&quot;}\" data-image-title=\"26 balta\" data-image-description=\"\" data-image-caption=\"\" data-large-file=\"https:\/\/www.hoymercedes.com.ar\/principal\/wp-content\/uploads\/2020\/11\/26-balta.jpg\" src=\"https:\/\/www.hoymercedes.com.ar\/principal\/wp-content\/uploads\/2020\/11\/26-balta.jpg\" alt=\"\" class=\"wp-image-120863\" srcset=\"https:\/\/www.hoymercedes.com.ar\/principal\/wp-content\/uploads\/2020\/11\/26-balta.jpg 800w, https:\/\/www.hoymercedes.com.ar\/principal\/wp-content\/uploads\/2020\/11\/26-balta-620x620.jpg 620w, https:\/\/www.hoymercedes.com.ar\/principal\/wp-content\/uploads\/2020\/11\/26-balta-150x150.jpg 150w\" sizes=\"auto, (max-width: 800px) 100vw, 800px\" \/><\/figure><\/div>\n\n\n\n<p>El responsable de ambiente municipal, Juan Cruz Mend\u00eda cont\u00f3 \u201cdentro de las actividades que estamos realizando desde el Municipio de Mercedes para la puesta en valor de la reserva natural del arroyo Balta, este viernes efectuaremos esta jornada\u201d y agreg\u00f3 \u201cplantaremos 20 \u00e1rboles nativos en un trabajo en conjunto con la Direcci\u00f3n de Espacios Verdes y el vivero biotecnol\u00f3gico municipal\u201d. &nbsp;<\/p>\n\n\n\n<p>A su vez, Mend\u00eda destac\u00f3 \u201cel manejo de la reserva natural lo llevamos adelante junto a la escuela t\u00e9cnica n\u00famero 2 de Gowland y la organizaci\u00f3n civil S.O.S H\u00e1bitat, por este motivo, la actividad de este viernes la haremos junto a ellos\u201d asimismo se\u00f1al\u00f3 \u201cotra acci\u00f3n que estamos realizando junto a la escuela t\u00e9cnica n\u00famero 2 es el dise\u00f1o de carteler\u00eda para luego colocarlos en el Balta\u201d.&nbsp;&nbsp;&nbsp;<\/p>\n\n\n\n<p>Con estas acciones se busca generar conciencia sobre el cuidado ambiental. Las actividades se realizar\u00e1n en peque\u00f1os grupos para garantizar los protocolos sanitarios y las medidas de cuidado.<\/p>\n","protected":false},"excerpt":{"rendered":"<p>La Direcci\u00f3n de Ambiente Municipal organiza una jornada de plantaci\u00f3n de nativas y limpieza de la reserva del arroyo Balta. &#8230; <a title=\"Jornada de limpieza en la Reserva del Arroyo Balta\" class=\"read-more\" href=\"https:\/\/www.hoymercedes.com.ar\/principal\/2020\/11\/26\/jornada-de-limpieza-en-la-reserva-del-arroyo-balta\/\" aria-label=\"Leer m\u00e1s sobre Jornada de limpieza en la Reserva del Arroyo Balta\">Leer m\u00e1s<\/a><\/p>\n","protected":false},"author":1,"featured_media":120863,"comment_status":"closed","ping_status":"open","sticky":false,"template":"","format":"standard","meta":{"_monsterinsights_skip_tracking":false,"_monsterinsights_sitenote_active":false,"_monsterinsights_sitenote_note":"","_monsterinsights_sitenote_category":0,"jetpack_post_was_ever_published":false,"_jetpack_newsletter_access":"","_jetpack_dont_email_post_to_subs":false,"_jetpack_newsletter_tier_id":0,"_jetpack_memberships_contains_paywalled_content":false,"_jetpack_memberships_contains_paid_content":false,"footnotes":"","jetpack_publicize_message":"","jetpack_publicize_feature_enabled":true,"jetpack_social_post_already_shared":true,"jetpack_social_options":{"image_generator_settings":{"template":"highway","default_image_id":0,"font":"","enabled":false},"version":2},"_wpas_customize_per_network":false},"categories":[30],"tags":[103,6798,244],"class_list":["post-120862","post","type-post","status-publish","format-standard","has-post-thumbnail","hentry","category-municipio","tag-arroyo-balta","tag-limpieza","tag-municipio-2","generate-columns","tablet-grid-50","mobile-grid-100","grid-parent","grid-50"],"jetpack_publicize_connections":[],"jetpack_featured_media_url":"https:\/\/www.hoymercedes.com.ar\/principal\/wp-content\/uploads\/2020\/11\/26-balta.jpg","wps_subtitle":"Desde la hora 9 del 27 de noviembre","jetpack_sharing_enabled":true,"_links":{"self":[{"href":"https:\/\/www.hoymercedes.com.ar\/principal\/wp-json\/wp\/v2\/posts\/120862","targetHints":{"allow":["GET"]}}],"collection":[{"href":"https:\/\/www.hoymercedes.com.ar\/principal\/wp-json\/wp\/v2\/posts"}],"about":[{"href":"https:\/\/www.hoymercedes.com.ar\/principal\/wp-json\/wp\/v2\/types\/post"}],"author":[{"embeddable":true,"href":"https:\/\/www.hoymercedes.com.ar\/principal\/wp-json\/wp\/v2\/users\/1"}],"replies":[{"embeddable":true,"href":"https:\/\/www.hoymercedes.com.ar\/principal\/wp-json\/wp\/v2\/comments?post=120862"}],"version-history":[{"count":0,"href":"https:\/\/www.hoymercedes.com.ar\/principal\/wp-json\/wp\/v2\/posts\/120862\/revisions"}],"wp:featuredmedia":[{"embeddable":true,"href":"https:\/\/www.hoymercedes.com.ar\/principal\/wp-json\/wp\/v2\/media\/120863"}],"wp:attachment":[{"href":"https:\/\/www.hoymercedes.com.ar\/principal\/wp-json\/wp\/v2\/media?parent=120862"}],"wp:term":[{"taxonomy":"category","embeddable":true,"href":"https:\/\/www.hoymercedes.com.ar\/principal\/wp-json\/wp\/v2\/categories?post=120862"},{"taxonomy":"post_tag","embeddable":true,"href":"https:\/\/www.hoymercedes.com.ar\/principal\/wp-json\/wp\/v2\/tags?post=120862"}],"curies":[{"name":"wp","href":"https:\/\/api.w.org\/{rel}","templated":true}]}}