{"id":120910,"date":"2020-11-26T23:20:52","date_gmt":"2020-11-27T02:20:52","guid":{"rendered":"http:\/\/www.hoymercedes.com.ar\/principal\/?p=120910"},"modified":"2020-11-28T15:11:24","modified_gmt":"2020-11-28T18:11:24","slug":"coronavirus-tres-nuevos-casos-positivos-en-mercedes","status":"publish","type":"post","link":"https:\/\/www.hoymercedes.com.ar\/principal\/2020\/11\/26\/coronavirus-tres-nuevos-casos-positivos-en-mercedes\/","title":{"rendered":"Coronavirus: Tres nuevos casos positivos en Mercedes"},"content":{"rendered":"\n<p>La informaci\u00f3n epidemiol\u00f3gica de Mercedes confirma tres nuevos casos positivos entre los 36 nuevos test que suman 36 casos activos. Asimismo, dieron de alta m\u00e9dica a 3 pacientes. <\/p>\n\n\n\n<div class=\"wp-block-image\"><figure class=\"aligncenter size-large\"><img loading=\"lazy\" decoding=\"async\" width=\"800\" height=\"800\" data-attachment-id=\"120911\" data-permalink=\"https:\/\/www.hoymercedes.com.ar\/principal\/2020\/11\/26\/coronavirus-tres-nuevos-casos-positivos-en-mercedes\/whatsapp-image-2020-11-26-at-22-23-25\/#main\" data-orig-file=\"https:\/\/www.hoymercedes.com.ar\/principal\/wp-content\/uploads\/2020\/11\/WhatsApp-Image-2020-11-26-at-22.23.25.jpeg\" data-orig-size=\"800,800\" data-comments-opened=\"0\" data-image-meta=\"{&quot;aperture&quot;:&quot;0&quot;,&quot;credit&quot;:&quot;&quot;,&quot;camera&quot;:&quot;&quot;,&quot;caption&quot;:&quot;&quot;,&quot;created_timestamp&quot;:&quot;0&quot;,&quot;copyright&quot;:&quot;&quot;,&quot;focal_length&quot;:&quot;0&quot;,&quot;iso&quot;:&quot;0&quot;,&quot;shutter_speed&quot;:&quot;0&quot;,&quot;title&quot;:&quot;&quot;,&quot;orientation&quot;:&quot;0&quot;}\" data-image-title=\"WhatsApp Image 2020-11-26 at 22.23.25\" data-image-description=\"\" data-image-caption=\"\" data-large-file=\"https:\/\/www.hoymercedes.com.ar\/principal\/wp-content\/uploads\/2020\/11\/WhatsApp-Image-2020-11-26-at-22.23.25.jpeg\" src=\"https:\/\/www.hoymercedes.com.ar\/principal\/wp-content\/uploads\/2020\/11\/WhatsApp-Image-2020-11-26-at-22.23.25.jpeg\" alt=\"\" class=\"wp-image-120911\" srcset=\"https:\/\/www.hoymercedes.com.ar\/principal\/wp-content\/uploads\/2020\/11\/WhatsApp-Image-2020-11-26-at-22.23.25.jpeg 800w, https:\/\/www.hoymercedes.com.ar\/principal\/wp-content\/uploads\/2020\/11\/WhatsApp-Image-2020-11-26-at-22.23.25-620x620.jpeg 620w, https:\/\/www.hoymercedes.com.ar\/principal\/wp-content\/uploads\/2020\/11\/WhatsApp-Image-2020-11-26-at-22.23.25-150x150.jpeg 150w\" sizes=\"auto, (max-width: 800px) 100vw, 800px\" \/><\/figure><\/div>\n\n\n\n<p>Informe Nacional: Confirmaron 9.043 nuevos casos de COVID-19. Con estos registros, suman 1.399.431 positivos en el pa\u00eds, de los cuales 1.226.662 son pacientes recuperados y 134.828 son casos confirmados activos. En las \u00faltimas 24 hs fueron realizados 32.781 testeos y desde el inicio del brote se realizaron 3.775.098 pruebas diagn\u00f3sticas para esta enfermedad, lo que equivale a 83.194 muestras por mill\u00f3n de habitantes.<\/p>\n\n\n\n<p>En las \u00faltimas 24 horas, se notificaron 229 nuevas muertes, son 137 hombres y 92 mujeres. Al momento la cantidad de personas fallecidas es 37.941. Dos hombres, residentes en la provincia de Buenos Aires, fueron reclasificados.<\/p>\n\n\n\n<p>Detalle por provincia (N\u00ba de confirmados | N\u00ba de acumulados): Buenos Aires 2.589 | 612.748; Ciudad de Buenos Aires 344 | 157.571; Catamarca 42 | 1.779; Chaco 250 | 18.498; Chubut 266 | 22.023; Corrientes 150 | 5.284; C\u00f3rdoba 942 | 111.885; Entre R\u00edos 288 | 22.555; Formosa 0 | 178; Jujuy 6 | 18.338; La Pampa 81 | 5.484; La Rioja 13 | 8.601; Mendoza 202 | 55.966; Misiones 16 | 482; Neuqu\u00e9n 361 | 31.259; R\u00edo Negro 336 | 31.068; Salta 77 | 21.029; San Juan 226 | 6.948; San Luis 256 | 13.828; Santa Cruz 236 | 15.080; Santa Fe 1.446 | 143.041; Santiago del Estero 272 | 15.140; Tierra del Fuego 153 | 15.854 y Tucum\u00e1n 491 | 64.792<\/p>\n","protected":false},"excerpt":{"rendered":"<p>La informaci\u00f3n epidemiol\u00f3gica de Mercedes confirma tres nuevos casos positivos entre los 36 nuevos test que suman 36 casos activos. &#8230; <a title=\"Coronavirus: Tres nuevos casos positivos en Mercedes\" class=\"read-more\" href=\"https:\/\/www.hoymercedes.com.ar\/principal\/2020\/11\/26\/coronavirus-tres-nuevos-casos-positivos-en-mercedes\/\" aria-label=\"Leer m\u00e1s sobre Coronavirus: Tres nuevos casos positivos en Mercedes\">Leer m\u00e1s<\/a><\/p>\n","protected":false},"author":5,"featured_media":120911,"comment_status":"closed","ping_status":"open","sticky":false,"template":"","format":"standard","meta":{"_monsterinsights_skip_tracking":false,"_monsterinsights_sitenote_active":false,"_monsterinsights_sitenote_note":"","_monsterinsights_sitenote_category":0,"jetpack_post_was_ever_published":false,"_jetpack_newsletter_access":"","_jetpack_dont_email_post_to_subs":false,"_jetpack_newsletter_tier_id":0,"_jetpack_memberships_contains_paywalled_content":false,"_jetpack_memberships_contains_paid_content":false,"footnotes":"","jetpack_publicize_message":"","jetpack_publicize_feature_enabled":true,"jetpack_social_post_already_shared":true,"jetpack_social_options":{"image_generator_settings":{"template":"highway","default_image_id":0,"font":"","enabled":false},"version":2},"_wpas_customize_per_network":false},"categories":[9791],"tags":[16561,16175,16313],"class_list":["post-120910","post","type-post","status-publish","format-standard","has-post-thumbnail","hentry","category-salud","tag-cierre-del-dia","tag-coronavirus","tag-covid-19","generate-columns","tablet-grid-50","mobile-grid-100","grid-parent","grid-50"],"jetpack_publicize_connections":[],"jetpack_featured_media_url":"https:\/\/www.hoymercedes.com.ar\/principal\/wp-content\/uploads\/2020\/11\/WhatsApp-Image-2020-11-26-at-22.23.25.jpeg","wps_subtitle":"Cierre del d\u00eda","jetpack_sharing_enabled":true,"_links":{"self":[{"href":"https:\/\/www.hoymercedes.com.ar\/principal\/wp-json\/wp\/v2\/posts\/120910","targetHints":{"allow":["GET"]}}],"collection":[{"href":"https:\/\/www.hoymercedes.com.ar\/principal\/wp-json\/wp\/v2\/posts"}],"about":[{"href":"https:\/\/www.hoymercedes.com.ar\/principal\/wp-json\/wp\/v2\/types\/post"}],"author":[{"embeddable":true,"href":"https:\/\/www.hoymercedes.com.ar\/principal\/wp-json\/wp\/v2\/users\/5"}],"replies":[{"embeddable":true,"href":"https:\/\/www.hoymercedes.com.ar\/principal\/wp-json\/wp\/v2\/comments?post=120910"}],"version-history":[{"count":0,"href":"https:\/\/www.hoymercedes.com.ar\/principal\/wp-json\/wp\/v2\/posts\/120910\/revisions"}],"wp:featuredmedia":[{"embeddable":true,"href":"https:\/\/www.hoymercedes.com.ar\/principal\/wp-json\/wp\/v2\/media\/120911"}],"wp:attachment":[{"href":"https:\/\/www.hoymercedes.com.ar\/principal\/wp-json\/wp\/v2\/media?parent=120910"}],"wp:term":[{"taxonomy":"category","embeddable":true,"href":"https:\/\/www.hoymercedes.com.ar\/principal\/wp-json\/wp\/v2\/categories?post=120910"},{"taxonomy":"post_tag","embeddable":true,"href":"https:\/\/www.hoymercedes.com.ar\/principal\/wp-json\/wp\/v2\/tags?post=120910"}],"curies":[{"name":"wp","href":"https:\/\/api.w.org\/{rel}","templated":true}]}}