{"id":120936,"date":"2020-11-27T19:30:25","date_gmt":"2020-11-27T22:30:25","guid":{"rendered":"http:\/\/www.hoymercedes.com.ar\/principal\/?p=120936"},"modified":"2020-11-28T15:10:11","modified_gmt":"2020-11-28T18:10:11","slug":"el-municipio-de-mercedes-aprovecha-el-cupo-laboral-travesti-trans-para-limpiar-su-imagen","status":"publish","type":"post","link":"https:\/\/www.hoymercedes.com.ar\/principal\/2020\/11\/27\/el-municipio-de-mercedes-aprovecha-el-cupo-laboral-travesti-trans-para-limpiar-su-imagen\/","title":{"rendered":"El Municipio de Mercedes aprovecha el cupo laboral travesti-trans para limpiar su imagen"},"content":{"rendered":"\n<p>Por Mar\u00eda Maldonado* &#8211; El\u00a0d\u00eda\u00a0jueves se\u00a0aprob\u00f3\u00a0en el concejo deliberante de Mercedes la ordenanza para la implementaci\u00f3n del cupo laboral travesti-trans. Esta conquista es fruto de la lucha que venimos\u00a0dando desde el 2017, cuando se present\u00f3 por primera vez el proyecto elaborado por el Partido obrero y la UJS y a la\u00a0cual\u00a0se plegaron sectores independientes del movimiento LGBTI, amigues de Sof\u00eda Santill\u00e1n, y la\u00a0Asamblea de Mujeres\u00a0Mercedinas.\u00a0<\/p>\n\n\n\n<p>El proyecto de ordenanza surge en consonancia con el pedido de justicia por Sof\u00eda&nbsp;Santill\u00e1n,&nbsp;asesinada a fines del 2016, su crimen a\u00fan sigue impune. El&nbsp;travesticidio&nbsp;de Sof\u00eda&nbsp;&nbsp;fue la muestra cabal de la vulnerabilidad de las personas travestis&nbsp;trans&nbsp;que son expulsadas del sistema y cuyo promedio de vida no supera los 40 a\u00f1os. El cambio radical para que sus condiciones de vida mejoren parte de tener la independencia econ\u00f3mica que les permita salir&nbsp; de la prostituci\u00f3n y trata, eso significa contar con la garant\u00eda de un&nbsp;trabajo&nbsp;genuino, con salarios&nbsp;dignos, estabilidad econ\u00f3mica, obra social y aportes jubilatorios.&nbsp;&nbsp;<\/p>\n\n\n\n<p><strong>El intento de borrar la historia<\/strong>&nbsp;<\/p>\n\n\n\n<p>En el proyecto de ordenanza presentado por el gobierno&nbsp;local y aprobado por unanimidad, no menciona a Sof\u00eda Santill\u00e1n.&nbsp;Invisibilizan&nbsp;una vez m\u00e1s a qui\u00e9n fue el motor&nbsp;simb\u00f3lico&nbsp;de \u00e9sta lucha, c\u00f3mo sino fuera suficiente haber&nbsp;ignorado el proyecto presentado en 2017,&nbsp;ignoran deliberadamente que los motivos por los que es necesaria y urgente la implementaci\u00f3n del cupo vienen de las condiciones materiales en las que se desarrolla la vida de las personas travestis&nbsp;trans, y cuyo sumun es el&nbsp;travesticidio&nbsp;de Sof\u00eda.&nbsp;Y quiere borrar la figura de Sof\u00eda porque \u00e9ste gobierno jug\u00f3 un rol fundamental para embarrar la investigaci\u00f3n, difundiendo&nbsp;identikits&nbsp;falsos del presunto asesino. Mientras todo esto ocurr\u00eda, la familia y amigues de Sof\u00eda junto con el&nbsp;Partido&nbsp;Obrero sal\u00edamos a la plaza en reclamo de justicia, seguimos en 2018 reclamando en la fiscal\u00eda y es a partir de esa movilizaci\u00f3n d\u00f3nde logramos que el fiscal reciba a la mam\u00e1 de Sof\u00eda.&nbsp;<\/p>\n\n\n\n<p>En esta maniobra han dejado pegada a la Asamblea de Mujeres&nbsp;Mercedinas, a la que endilgan la solicitud de adhesi\u00f3n del municipio a&nbsp;las leyes vigentes&nbsp;para la implementaci\u00f3n del cupo.&nbsp;<\/p>\n\n\n\n<p>Cabe destacar que la asamblea fue un factor clave para la&nbsp;visibilizaci\u00f3n&nbsp;del reclamo, y que fuimos&nbsp;las compa\u00f1eras del Plenario de trabajadoras en 2018, cuando se conform\u00f3 dicha asamblea&nbsp;quines&nbsp;llevamos la propuesta de incorporar en el documento central del primer 8 de marzo que organizaba la&nbsp;asamblea,&nbsp;el pedido de justicia por Sof\u00eda&nbsp;Santill\u00e1n&nbsp;y el reclamo por la implementaci\u00f3n del cupo laboral en Mercedes;&nbsp;en \u00e9se momento se encontraba sancionada la Ley Provincial Diana&nbsp;Sacay\u00e1n.&nbsp;<\/p>\n\n\n\n<p>Desde ese momento y hasta la fecha&nbsp; la&nbsp;Asamblea ha levantado el reclamo iniciado por el&nbsp;Partido Obrero y sectores independientes.&nbsp;<\/p>\n\n\n\n<p>\u00c9sta estrategia burda es un reflejo de la que a nivel nacional desarrollan los sectores del gobierno en torno a la ley del aborto. El intento de anular al movimiento de mujeres&nbsp; que pint\u00f3 de verde al pa\u00eds y cambiarlo por la figura de un Alberto que \u201cnos&nbsp;da\u201d el aborto legal.&nbsp;&nbsp;<\/p>\n\n\n\n<p>No podemos dejar pasar \u00e9se intento de tergiversar la verdad, jam\u00e1s en 4 a\u00f1os&nbsp;movieron&nbsp;algo por la&nbsp;implementaci\u00f3n&nbsp;del cupo en&nbsp;Mercedes,&nbsp;mientras que desde la Agrupaci\u00f3n 1969&nbsp;+ independientes, hasta la semanada pasada est\u00e1bamos juntando firmas por \u00e9ste reclamo.&nbsp;<\/p>\n\n\n\n<p>El momento hist\u00f3rico que vivimos nos permite el registro de cada una de las acciones que&nbsp;hemos llevado a&nbsp;cabo, las&nbsp;asambleas, las reuniones, las actividades donde hemos puesto el tema a debate, las acciones concretas, la junta de firmas, las notas en los medios, los empadronamientos a&nbsp;trav\u00e9s&nbsp;de redes, etc. Son todos los materiales&nbsp;que&nbsp;dan cuenta que lo ocurrido es&nbsp;el fruto de la lucha que desde a\u00f1os llevamos adelante y que ahora tratan de ocultar, como tratan de ocultar a Sof\u00eda Santill\u00e1n, por&nbsp;ellx&nbsp;y por&nbsp;todes&nbsp;los que pusieron el cuerpo en \u00e9sta lucha no podemos dejar pasar \u00e9sta mentira.&nbsp;Las travestis, las&nbsp;trans, la comunidad LGBTI y la izquierda existen, no pueden tapar el sol con dedo.&nbsp;<\/p>\n\n\n\n<p>La ordenanza ya se encuentra aprobada, ahora vamos por la real implementaci\u00f3n.<\/p>\n\n\n\n<p>*Mar\u00eda Maldonado  es dirigente del Partido Obrero de Mercedes <\/p>\n","protected":false},"excerpt":{"rendered":"<p>Por Mar\u00eda Maldonado* &#8211; El\u00a0d\u00eda\u00a0jueves se\u00a0aprob\u00f3\u00a0en el concejo deliberante de Mercedes la ordenanza para la implementaci\u00f3n del cupo laboral travesti-trans. &#8230; <a title=\"El Municipio de Mercedes aprovecha el cupo laboral travesti-trans para limpiar su imagen\" class=\"read-more\" href=\"https:\/\/www.hoymercedes.com.ar\/principal\/2020\/11\/27\/el-municipio-de-mercedes-aprovecha-el-cupo-laboral-travesti-trans-para-limpiar-su-imagen\/\" aria-label=\"Leer m\u00e1s sobre El Municipio de Mercedes aprovecha el cupo laboral travesti-trans para limpiar su imagen\">Leer m\u00e1s<\/a><\/p>\n","protected":false},"author":1,"featured_media":40815,"comment_status":"closed","ping_status":"open","sticky":false,"template":"","format":"standard","meta":{"_monsterinsights_skip_tracking":false,"_monsterinsights_sitenote_active":false,"_monsterinsights_sitenote_note":"","_monsterinsights_sitenote_category":0,"jetpack_post_was_ever_published":false,"_jetpack_newsletter_access":"","_jetpack_dont_email_post_to_subs":false,"_jetpack_newsletter_tier_id":0,"_jetpack_memberships_contains_paywalled_content":false,"_jetpack_memberships_contains_paid_content":false,"footnotes":"","jetpack_publicize_message":"","jetpack_publicize_feature_enabled":true,"jetpack_social_post_already_shared":true,"jetpack_social_options":{"image_generator_settings":{"template":"highway","default_image_id":0,"font":"","enabled":false},"version":2},"_wpas_customize_per_network":false},"categories":[1],"tags":[17323,244],"class_list":["post-120936","post","type-post","status-publish","format-standard","has-post-thumbnail","hentry","category-opinion","tag-cupo-trans","tag-municipio-2","generate-columns","tablet-grid-50","mobile-grid-100","grid-parent","grid-50"],"jetpack_publicize_connections":[],"jetpack_featured_media_url":"https:\/\/www.hoymercedes.com.ar\/principal\/wp-content\/uploads\/2015\/04\/mariamaldonado-partidoobrero.jpg","wps_subtitle":"La lucha invisible contra la exclusi\u00f3n","jetpack_sharing_enabled":true,"_links":{"self":[{"href":"https:\/\/www.hoymercedes.com.ar\/principal\/wp-json\/wp\/v2\/posts\/120936","targetHints":{"allow":["GET"]}}],"collection":[{"href":"https:\/\/www.hoymercedes.com.ar\/principal\/wp-json\/wp\/v2\/posts"}],"about":[{"href":"https:\/\/www.hoymercedes.com.ar\/principal\/wp-json\/wp\/v2\/types\/post"}],"author":[{"embeddable":true,"href":"https:\/\/www.hoymercedes.com.ar\/principal\/wp-json\/wp\/v2\/users\/1"}],"replies":[{"embeddable":true,"href":"https:\/\/www.hoymercedes.com.ar\/principal\/wp-json\/wp\/v2\/comments?post=120936"}],"version-history":[{"count":0,"href":"https:\/\/www.hoymercedes.com.ar\/principal\/wp-json\/wp\/v2\/posts\/120936\/revisions"}],"wp:featuredmedia":[{"embeddable":true,"href":"https:\/\/www.hoymercedes.com.ar\/principal\/wp-json\/wp\/v2\/media\/40815"}],"wp:attachment":[{"href":"https:\/\/www.hoymercedes.com.ar\/principal\/wp-json\/wp\/v2\/media?parent=120936"}],"wp:term":[{"taxonomy":"category","embeddable":true,"href":"https:\/\/www.hoymercedes.com.ar\/principal\/wp-json\/wp\/v2\/categories?post=120936"},{"taxonomy":"post_tag","embeddable":true,"href":"https:\/\/www.hoymercedes.com.ar\/principal\/wp-json\/wp\/v2\/tags?post=120936"}],"curies":[{"name":"wp","href":"https:\/\/api.w.org\/{rel}","templated":true}]}}