{"id":120944,"date":"2020-11-27T22:27:57","date_gmt":"2020-11-28T01:27:57","guid":{"rendered":"http:\/\/www.hoymercedes.com.ar\/principal\/?p=120944"},"modified":"2020-11-28T15:09:30","modified_gmt":"2020-11-28T18:09:30","slug":"coronavirus-confirman-un-nuevo-positivo-en-mercedes","status":"publish","type":"post","link":"https:\/\/www.hoymercedes.com.ar\/principal\/2020\/11\/27\/coronavirus-confirman-un-nuevo-positivo-en-mercedes\/","title":{"rendered":"Coronavirus: Confirman un nuevo positivo en Mercedes"},"content":{"rendered":"\n<p>La informaci\u00f3n epidemiol\u00f3gica de Mercedes de este viernes, confirma un nuevo caso positivo entre los 42 test realizados en la jornada. Con esta confirmaci\u00f3n, la ciudad alcanza a los 38 casos activos, llegando a un total desde que se inici\u00f3 de la pandemia en Argentina de 1704 pacientes que tienen o tuvieron covid-19. <\/p>\n\n\n\n<div class=\"wp-block-image\"><figure class=\"aligncenter size-large\"><img loading=\"lazy\" decoding=\"async\" width=\"800\" height=\"800\" data-attachment-id=\"120945\" data-permalink=\"https:\/\/www.hoymercedes.com.ar\/principal\/2020\/11\/27\/coronavirus-confirman-un-nuevo-positivo-en-mercedes\/whatsapp-image-2020-11-27-at-20-39-48\/#main\" data-orig-file=\"https:\/\/www.hoymercedes.com.ar\/principal\/wp-content\/uploads\/2020\/11\/WhatsApp-Image-2020-11-27-at-20.39.48.jpeg\" data-orig-size=\"800,800\" data-comments-opened=\"0\" data-image-meta=\"{&quot;aperture&quot;:&quot;0&quot;,&quot;credit&quot;:&quot;&quot;,&quot;camera&quot;:&quot;&quot;,&quot;caption&quot;:&quot;&quot;,&quot;created_timestamp&quot;:&quot;0&quot;,&quot;copyright&quot;:&quot;&quot;,&quot;focal_length&quot;:&quot;0&quot;,&quot;iso&quot;:&quot;0&quot;,&quot;shutter_speed&quot;:&quot;0&quot;,&quot;title&quot;:&quot;&quot;,&quot;orientation&quot;:&quot;0&quot;}\" data-image-title=\"WhatsApp Image 2020-11-27 at 20.39.48\" data-image-description=\"\" data-image-caption=\"\" data-large-file=\"https:\/\/www.hoymercedes.com.ar\/principal\/wp-content\/uploads\/2020\/11\/WhatsApp-Image-2020-11-27-at-20.39.48.jpeg\" src=\"https:\/\/www.hoymercedes.com.ar\/principal\/wp-content\/uploads\/2020\/11\/WhatsApp-Image-2020-11-27-at-20.39.48.jpeg\" alt=\"\" class=\"wp-image-120945\" srcset=\"https:\/\/www.hoymercedes.com.ar\/principal\/wp-content\/uploads\/2020\/11\/WhatsApp-Image-2020-11-27-at-20.39.48.jpeg 800w, https:\/\/www.hoymercedes.com.ar\/principal\/wp-content\/uploads\/2020\/11\/WhatsApp-Image-2020-11-27-at-20.39.48-620x620.jpeg 620w, https:\/\/www.hoymercedes.com.ar\/principal\/wp-content\/uploads\/2020\/11\/WhatsApp-Image-2020-11-27-at-20.39.48-150x150.jpeg 150w\" sizes=\"auto, (max-width: 800px) 100vw, 800px\" \/><\/figure><\/div>\n\n\n\n<p>Informe Nacional: Fueron confirmados 7.846 nuevos casos de COVID-19. Con estos registros, suman 1.407.277 positivos en el pa\u00eds, de los cuales 1.235.257 son pacientes recuperados y 133.804 son casos confirmados activos. En las \u00faltimas 24 hs fueron realizados 55.323 testeos y desde el inicio del brote se realizaron 3.830.421 pruebas diagn\u00f3sticas para esta enfermedad, lo que equivale a 84.413 muestras por mill\u00f3n de habitantes.<\/p>\n\n\n\n<p>En las \u00faltimas 24 horas, se notificaron 275 nuevas muertes, son 155 hombres y 119 mujeres. Al momento la cantidad de personas fallecidas es 38.216. Una persona notificada como fallecida, residente en la provincia de Chaco, no registra dato de sexo.<\/p>\n\n\n\n<p>Detalle por provincia (N\u00ba de confirmados | N\u00ba de acumulados): Buenos Aires 2.124 | 614.872 Ciudad de Buenos Aires 414 | 157.985 Catamarca 3 | 1.782 Chaco 258 | 18.756 Chubut 264 | 22.287 Corrientes 158 | 5.442 C\u00f3rdoba 834 | 112.719 Entre R\u00edos 298 | 22.853 Formosa 1 | 179 Jujuy 22 | 18.360 La Pampa 105 | 5.589 La Rioja 29 | 8.630 Mendoza 202 | 56.168 Misiones 4 | 486 Neuqu\u00e9n 204 | 31.463 R\u00edo Negro 202 | 31.270 Salta 51 | 21.080 San Juan 234 | 7.182 San Luis 114 | 13.942 Santa Cruz 293 | 15.373 Santa Fe 1.446 | 144.431 Santiago del Estero 158 | 15.298 Tierra del Fuego 86 | 15.940 y Tucum\u00e1n 398 | 65.190<\/p>\n","protected":false},"excerpt":{"rendered":"<p>La informaci\u00f3n epidemiol\u00f3gica de Mercedes de este viernes, confirma un nuevo caso positivo entre los 42 test realizados en la &#8230; <a title=\"Coronavirus: Confirman un nuevo positivo en Mercedes\" class=\"read-more\" href=\"https:\/\/www.hoymercedes.com.ar\/principal\/2020\/11\/27\/coronavirus-confirman-un-nuevo-positivo-en-mercedes\/\" aria-label=\"Leer m\u00e1s sobre Coronavirus: Confirman un nuevo positivo en Mercedes\">Leer m\u00e1s<\/a><\/p>\n","protected":false},"author":1,"featured_media":120945,"comment_status":"closed","ping_status":"open","sticky":false,"template":"","format":"standard","meta":{"_monsterinsights_skip_tracking":false,"_monsterinsights_sitenote_active":false,"_monsterinsights_sitenote_note":"","_monsterinsights_sitenote_category":0,"jetpack_post_was_ever_published":false,"_jetpack_newsletter_access":"","_jetpack_dont_email_post_to_subs":false,"_jetpack_newsletter_tier_id":0,"_jetpack_memberships_contains_paywalled_content":false,"_jetpack_memberships_contains_paid_content":false,"footnotes":"","jetpack_publicize_message":"","jetpack_publicize_feature_enabled":true,"jetpack_social_post_already_shared":true,"jetpack_social_options":{"image_generator_settings":{"template":"highway","default_image_id":0,"font":"","enabled":false},"version":2},"_wpas_customize_per_network":false},"categories":[9791],"tags":[16428,16561,16175,16313],"class_list":["post-120944","post","type-post","status-publish","format-standard","has-post-thumbnail","hentry","category-salud","tag-casos-positivos","tag-cierre-del-dia","tag-coronavirus","tag-covid-19","generate-columns","tablet-grid-50","mobile-grid-100","grid-parent","grid-50"],"jetpack_publicize_connections":[],"jetpack_featured_media_url":"https:\/\/www.hoymercedes.com.ar\/principal\/wp-content\/uploads\/2020\/11\/WhatsApp-Image-2020-11-27-at-20.39.48.jpeg","wps_subtitle":"Cierre del d\u00eda","jetpack_sharing_enabled":true,"_links":{"self":[{"href":"https:\/\/www.hoymercedes.com.ar\/principal\/wp-json\/wp\/v2\/posts\/120944","targetHints":{"allow":["GET"]}}],"collection":[{"href":"https:\/\/www.hoymercedes.com.ar\/principal\/wp-json\/wp\/v2\/posts"}],"about":[{"href":"https:\/\/www.hoymercedes.com.ar\/principal\/wp-json\/wp\/v2\/types\/post"}],"author":[{"embeddable":true,"href":"https:\/\/www.hoymercedes.com.ar\/principal\/wp-json\/wp\/v2\/users\/1"}],"replies":[{"embeddable":true,"href":"https:\/\/www.hoymercedes.com.ar\/principal\/wp-json\/wp\/v2\/comments?post=120944"}],"version-history":[{"count":0,"href":"https:\/\/www.hoymercedes.com.ar\/principal\/wp-json\/wp\/v2\/posts\/120944\/revisions"}],"wp:featuredmedia":[{"embeddable":true,"href":"https:\/\/www.hoymercedes.com.ar\/principal\/wp-json\/wp\/v2\/media\/120945"}],"wp:attachment":[{"href":"https:\/\/www.hoymercedes.com.ar\/principal\/wp-json\/wp\/v2\/media?parent=120944"}],"wp:term":[{"taxonomy":"category","embeddable":true,"href":"https:\/\/www.hoymercedes.com.ar\/principal\/wp-json\/wp\/v2\/categories?post=120944"},{"taxonomy":"post_tag","embeddable":true,"href":"https:\/\/www.hoymercedes.com.ar\/principal\/wp-json\/wp\/v2\/tags?post=120944"}],"curies":[{"name":"wp","href":"https:\/\/api.w.org\/{rel}","templated":true}]}}