{"id":120967,"date":"2020-11-28T12:03:14","date_gmt":"2020-11-28T15:03:14","guid":{"rendered":"http:\/\/www.hoymercedes.com.ar\/principal\/?p=120967"},"modified":"2020-11-28T15:07:36","modified_gmt":"2020-11-28T18:07:36","slug":"muere-hombre-por-herida-de-arma-blanca","status":"publish","type":"post","link":"https:\/\/www.hoymercedes.com.ar\/principal\/2020\/11\/28\/muere-hombre-por-herida-de-arma-blanca\/","title":{"rendered":"Muere hombre por herida de arma blanca"},"content":{"rendered":"\n<p>Un vecino de nuestra ciudad perdi\u00f3 la vida a pesar de los esfuerzos realizados por los trabajadores y trabajadoras del Hospital Dubarry.  La persona fallecida fue identificada. Trascendi\u00f3 que su apellido es Miranda. <\/p>\n\n\n\n<div class=\"wp-block-image\"><figure class=\"aligncenter size-large\"><img loading=\"lazy\" decoding=\"async\" width=\"718\" height=\"539\" data-attachment-id=\"120968\" data-permalink=\"https:\/\/www.hoymercedes.com.ar\/principal\/2020\/11\/28\/muere-hombre-por-herida-de-arma-blanca\/20201128_114103\/#main\" data-orig-file=\"https:\/\/www.hoymercedes.com.ar\/principal\/wp-content\/uploads\/2020\/11\/20201128_114103.jpg\" data-orig-size=\"718,539\" data-comments-opened=\"0\" data-image-meta=\"{&quot;aperture&quot;:&quot;0&quot;,&quot;credit&quot;:&quot;&quot;,&quot;camera&quot;:&quot;&quot;,&quot;caption&quot;:&quot;&quot;,&quot;created_timestamp&quot;:&quot;0&quot;,&quot;copyright&quot;:&quot;&quot;,&quot;focal_length&quot;:&quot;0&quot;,&quot;iso&quot;:&quot;0&quot;,&quot;shutter_speed&quot;:&quot;0&quot;,&quot;title&quot;:&quot;&quot;,&quot;orientation&quot;:&quot;0&quot;}\" data-image-title=\"20201128_114103\" data-image-description=\"\" data-image-caption=\"\" data-large-file=\"https:\/\/www.hoymercedes.com.ar\/principal\/wp-content\/uploads\/2020\/11\/20201128_114103.jpg\" src=\"https:\/\/www.hoymercedes.com.ar\/principal\/wp-content\/uploads\/2020\/11\/20201128_114103.jpg\" alt=\"\" class=\"wp-image-120968\" srcset=\"https:\/\/www.hoymercedes.com.ar\/principal\/wp-content\/uploads\/2020\/11\/20201128_114103.jpg 718w, https:\/\/www.hoymercedes.com.ar\/principal\/wp-content\/uploads\/2020\/11\/20201128_114103-630x473.jpg 630w, https:\/\/www.hoymercedes.com.ar\/principal\/wp-content\/uploads\/2020\/11\/20201128_114103-150x113.jpg 150w\" sizes=\"auto, (max-width: 718px) 100vw, 718px\" \/><\/figure><\/div>\n\n\n\n<p>Durante la madrugada de este s\u00e1bado, por motivos que en estos momentos son materia de investigaci\u00f3n, sucedi\u00f3 el acontecimiento. En las inmediaciones de las calles 4 y 63 habr\u00edan compartido un momento y tras asuntos que se desconocen se sucita el tr\u00e1gico hecho.<br><br>A\u00fan no se sabe la caratula de la causa judicial dado que durante la ma\u00f1ana (y a la hora de publicar la noticia contimuaban) la fiscal\u00eda trabajaba en las primeras investigaciones del hecho. La herida mortal habr\u00eda sido a trav\u00e9s de lo que se denomina \u00abfaca\u00bb.<br><br>Extra oficialmente se supo que el autor del hecho ya estar\u00eda identificado, como as\u00ed tambi\u00e9n otra persona que habr\u00eda estado en el acontecimiento. La disputa entre estas personas gener\u00f3 la perdida de vida de un hombre de apellido Miranda.<\/p>\n\n\n\n<p>La polic\u00eda cient\u00edfica, comunal y la justicia investigan el hecho.<br><br>Info en desarrollo<\/p>\n\n\n\n<div class=\"wp-block-image\"><figure class=\"aligncenter size-large\"><img loading=\"lazy\" decoding=\"async\" width=\"720\" height=\"467\" data-attachment-id=\"120969\" data-permalink=\"https:\/\/www.hoymercedes.com.ar\/principal\/2020\/11\/28\/muere-hombre-por-herida-de-arma-blanca\/img-20201128-wa0015\/#main\" data-orig-file=\"https:\/\/www.hoymercedes.com.ar\/principal\/wp-content\/uploads\/2020\/11\/IMG-20201128-WA0015.jpg\" data-orig-size=\"720,467\" data-comments-opened=\"0\" data-image-meta=\"{&quot;aperture&quot;:&quot;0&quot;,&quot;credit&quot;:&quot;&quot;,&quot;camera&quot;:&quot;&quot;,&quot;caption&quot;:&quot;&quot;,&quot;created_timestamp&quot;:&quot;0&quot;,&quot;copyright&quot;:&quot;&quot;,&quot;focal_length&quot;:&quot;0&quot;,&quot;iso&quot;:&quot;0&quot;,&quot;shutter_speed&quot;:&quot;0&quot;,&quot;title&quot;:&quot;&quot;,&quot;orientation&quot;:&quot;0&quot;}\" data-image-title=\"IMG-20201128-WA0015\" data-image-description=\"\" data-image-caption=\"\" data-large-file=\"https:\/\/www.hoymercedes.com.ar\/principal\/wp-content\/uploads\/2020\/11\/IMG-20201128-WA0015.jpg\" src=\"https:\/\/www.hoymercedes.com.ar\/principal\/wp-content\/uploads\/2020\/11\/IMG-20201128-WA0015.jpg\" alt=\"\" class=\"wp-image-120969\" srcset=\"https:\/\/www.hoymercedes.com.ar\/principal\/wp-content\/uploads\/2020\/11\/IMG-20201128-WA0015.jpg 720w, https:\/\/www.hoymercedes.com.ar\/principal\/wp-content\/uploads\/2020\/11\/IMG-20201128-WA0015-630x409.jpg 630w, https:\/\/www.hoymercedes.com.ar\/principal\/wp-content\/uploads\/2020\/11\/IMG-20201128-WA0015-150x97.jpg 150w\" sizes=\"auto, (max-width: 720px) 100vw, 720px\" \/><figcaption>Foto: Redes de WhatsApp<\/figcaption><\/figure><\/div>\n","protected":false},"excerpt":{"rendered":"<p>Un vecino de nuestra ciudad perdi\u00f3 la vida a pesar de los esfuerzos realizados por los trabajadores y trabajadoras del &#8230; <a title=\"Muere hombre por herida de arma blanca\" class=\"read-more\" href=\"https:\/\/www.hoymercedes.com.ar\/principal\/2020\/11\/28\/muere-hombre-por-herida-de-arma-blanca\/\" aria-label=\"Leer m\u00e1s sobre Muere hombre por herida de arma blanca\">Leer m\u00e1s<\/a><\/p>\n","protected":false},"author":1,"featured_media":120968,"comment_status":"closed","ping_status":"open","sticky":false,"template":"","format":"standard","meta":{"_monsterinsights_skip_tracking":false,"_monsterinsights_sitenote_active":false,"_monsterinsights_sitenote_note":"","_monsterinsights_sitenote_category":0,"jetpack_post_was_ever_published":false,"_jetpack_newsletter_access":"","_jetpack_dont_email_post_to_subs":false,"_jetpack_newsletter_tier_id":0,"_jetpack_memberships_contains_paywalled_content":false,"_jetpack_memberships_contains_paid_content":false,"footnotes":"","jetpack_publicize_message":"","jetpack_publicize_feature_enabled":true,"jetpack_social_post_already_shared":true,"jetpack_social_options":{"image_generator_settings":{"template":"highway","default_image_id":0,"font":"","enabled":false},"version":2},"_wpas_customize_per_network":false},"categories":[85],"tags":[9351,245,96],"class_list":["post-120967","post","type-post","status-publish","format-standard","has-post-thumbnail","hentry","category-policial","tag-homicidio","tag-muerte","tag-policial-2","generate-columns","tablet-grid-50","mobile-grid-100","grid-parent","grid-50"],"jetpack_publicize_connections":[],"jetpack_featured_media_url":"https:\/\/www.hoymercedes.com.ar\/principal\/wp-content\/uploads\/2020\/11\/20201128_114103.jpg","wps_subtitle":"Investigaci\u00f3n","jetpack_sharing_enabled":true,"_links":{"self":[{"href":"https:\/\/www.hoymercedes.com.ar\/principal\/wp-json\/wp\/v2\/posts\/120967","targetHints":{"allow":["GET"]}}],"collection":[{"href":"https:\/\/www.hoymercedes.com.ar\/principal\/wp-json\/wp\/v2\/posts"}],"about":[{"href":"https:\/\/www.hoymercedes.com.ar\/principal\/wp-json\/wp\/v2\/types\/post"}],"author":[{"embeddable":true,"href":"https:\/\/www.hoymercedes.com.ar\/principal\/wp-json\/wp\/v2\/users\/1"}],"replies":[{"embeddable":true,"href":"https:\/\/www.hoymercedes.com.ar\/principal\/wp-json\/wp\/v2\/comments?post=120967"}],"version-history":[{"count":0,"href":"https:\/\/www.hoymercedes.com.ar\/principal\/wp-json\/wp\/v2\/posts\/120967\/revisions"}],"wp:featuredmedia":[{"embeddable":true,"href":"https:\/\/www.hoymercedes.com.ar\/principal\/wp-json\/wp\/v2\/media\/120968"}],"wp:attachment":[{"href":"https:\/\/www.hoymercedes.com.ar\/principal\/wp-json\/wp\/v2\/media?parent=120967"}],"wp:term":[{"taxonomy":"category","embeddable":true,"href":"https:\/\/www.hoymercedes.com.ar\/principal\/wp-json\/wp\/v2\/categories?post=120967"},{"taxonomy":"post_tag","embeddable":true,"href":"https:\/\/www.hoymercedes.com.ar\/principal\/wp-json\/wp\/v2\/tags?post=120967"}],"curies":[{"name":"wp","href":"https:\/\/api.w.org\/{rel}","templated":true}]}}