{"id":120978,"date":"2020-11-28T19:07:37","date_gmt":"2020-11-28T22:07:37","guid":{"rendered":"http:\/\/www.hoymercedes.com.ar\/principal\/?p=120978"},"modified":"2020-11-28T15:05:58","modified_gmt":"2020-11-28T18:05:58","slug":"limpieza-en-la-reserva-del-arroyo-balta","status":"publish","type":"post","link":"https:\/\/www.hoymercedes.com.ar\/principal\/2020\/11\/28\/limpieza-en-la-reserva-del-arroyo-balta\/","title":{"rendered":"Limpieza en la reserva del Arroyo Balta"},"content":{"rendered":"\n<p>La Direcci\u00f3n de Ambiente Municipal y la comunidad educativa de la Escuela T\u00e9cnica N\u00ba2 de Gowland realizaron una actividad en post del cuidado del medio ambiente, la cual tuvo como objetivo plantar \u00e1rboles nativos y limpiar el lugar. Desde el Municipio de Mercedes anticiparon que se efectuar\u00e1 una intervenci\u00f3n para la recuperaci\u00f3n y embellecimiento de la reserva.\u00a0\u00a0<\/p>\n\n\n\n<div class=\"wp-block-image\"><figure class=\"aligncenter size-large\"><img loading=\"lazy\" decoding=\"async\" width=\"800\" height=\"505\" data-attachment-id=\"120983\" data-permalink=\"https:\/\/www.hoymercedes.com.ar\/principal\/2020\/11\/28\/proyectan-nueva-entrega-de-prendas-para-el-programa-mil-dias\/25-1\/#main\" data-orig-file=\"https:\/\/www.hoymercedes.com.ar\/principal\/wp-content\/uploads\/2020\/11\/25-1.jpg\" data-orig-size=\"800,505\" data-comments-opened=\"0\" data-image-meta=\"{&quot;aperture&quot;:&quot;0&quot;,&quot;credit&quot;:&quot;&quot;,&quot;camera&quot;:&quot;&quot;,&quot;caption&quot;:&quot;&quot;,&quot;created_timestamp&quot;:&quot;1606568581&quot;,&quot;copyright&quot;:&quot;&quot;,&quot;focal_length&quot;:&quot;0&quot;,&quot;iso&quot;:&quot;0&quot;,&quot;shutter_speed&quot;:&quot;0&quot;,&quot;title&quot;:&quot;&quot;,&quot;orientation&quot;:&quot;1&quot;}\" data-image-title=\"25 (1)\" data-image-description=\"\" data-image-caption=\"\" data-large-file=\"https:\/\/www.hoymercedes.com.ar\/principal\/wp-content\/uploads\/2020\/11\/25-1.jpg\" src=\"https:\/\/www.hoymercedes.com.ar\/principal\/wp-content\/uploads\/2020\/11\/25-1.jpg\" alt=\"\" class=\"wp-image-120983\" srcset=\"https:\/\/www.hoymercedes.com.ar\/principal\/wp-content\/uploads\/2020\/11\/25-1.jpg 800w, https:\/\/www.hoymercedes.com.ar\/principal\/wp-content\/uploads\/2020\/11\/25-1-630x398.jpg 630w, https:\/\/www.hoymercedes.com.ar\/principal\/wp-content\/uploads\/2020\/11\/25-1-150x95.jpg 150w\" sizes=\"auto, (max-width: 800px) 100vw, 800px\" \/><\/figure><\/div>\n\n\n\n<p>El responsable de ambiente municipal, Juan Cruz Mend\u00eda cont\u00f3 que la jornada con los alumnos de la Escuela T\u00e9cnnica permiti\u00f3 la plantar nuevos \u00e1rboles nativos y la recuperaci\u00f3n de la biodiversidad del lugar. A su lado, el concejal Juli\u00e1n Insaurgarat que adem\u00e1s es vecino y docente del CEF de Gowland explic\u00f3 que desde la instituciones educativas de la localidad se \u00abtrata de dar m\u00e1s impulso para que la gente concientice, no tire basura, cuide la carteler\u00eda y el lugar. Eso la gente lo est\u00e1 respetando a trav\u00e9s de much\u00edsima difusi\u00f3n y concientizaci\u00f3n\u201d. \u00a0<\/p>\n\n\n\n<p>El secretario de Salud, Ernesto Pisapia, tambi\u00e9n presente en el lugar, se\u00f1al\u00f3 \u201ces muy importante la puesta en valor de la naturaleza y es fundamental que la gente tome conciencia del cuidado de estos lugares que son para disfrutar\u201d y a\u00f1adi\u00f3 \u201cnuestra obligaci\u00f3n es ponerlos en valor para que la gente tenga un lugar lindo que pueda disfrutar y aprovechar\u201d.&nbsp;&nbsp;&nbsp;&nbsp;&nbsp;&nbsp;<\/p>\n\n\n\n<p>El intendente Juan Ignacio Ustarroz manifest\u00f3 \u201cantes de la pandemia hab\u00edamos tenido una reuni\u00f3n en la escuela t\u00e9cnica de Gowland donde la directora dijo que este espacio debe ser para la comunidad de Gowland\/Agote lo que el parque Municipal es a toda la ciudad de Mercedes\u201d. \u00a0\u00abCuando uno recorre este espacio se encuentra con una belleza natural muy grande que hay que cuidarla y donde vamos a hacer una fuerte inversi\u00f3n para una puesta en valor, para recuperar este espacio y ponerlo al servicio de la gente. Vamos a plantearle a toda la comunidad de Gowland y Agote, trabajar y planificar y pensar a este espacio, como un lugar de encuentro y que tenga como fuerte impronta el cuidado del medio ambiente\u201d, agreg\u00f3 el Jefe Comunal. \u00a0<\/p>\n","protected":false},"excerpt":{"rendered":"<p>La Direcci\u00f3n de Ambiente Municipal y la comunidad educativa de la Escuela T\u00e9cnica N\u00ba2 de Gowland realizaron una actividad en &#8230; <a title=\"Limpieza en la reserva del Arroyo Balta\" class=\"read-more\" href=\"https:\/\/www.hoymercedes.com.ar\/principal\/2020\/11\/28\/limpieza-en-la-reserva-del-arroyo-balta\/\" aria-label=\"Leer m\u00e1s sobre Limpieza en la reserva del Arroyo Balta\">Leer m\u00e1s<\/a><\/p>\n","protected":false},"author":5,"featured_media":120982,"comment_status":"closed","ping_status":"open","sticky":false,"template":"","format":"standard","meta":{"_monsterinsights_skip_tracking":false,"_monsterinsights_sitenote_active":false,"_monsterinsights_sitenote_note":"","_monsterinsights_sitenote_category":0,"jetpack_post_was_ever_published":false,"_jetpack_newsletter_access":"","_jetpack_dont_email_post_to_subs":false,"_jetpack_newsletter_tier_id":0,"_jetpack_memberships_contains_paywalled_content":false,"_jetpack_memberships_contains_paid_content":false,"footnotes":"","jetpack_publicize_message":"","jetpack_publicize_feature_enabled":true,"jetpack_social_post_already_shared":true,"jetpack_social_options":{"image_generator_settings":{"template":"highway","default_image_id":0,"font":"","enabled":false},"version":2},"_wpas_customize_per_network":false},"categories":[30],"tags":[103,6798,244,8775],"class_list":["post-120978","post","type-post","status-publish","format-standard","has-post-thumbnail","hentry","category-municipio","tag-arroyo-balta","tag-limpieza","tag-municipio-2","tag-reserva","generate-columns","tablet-grid-50","mobile-grid-100","grid-parent","grid-50"],"jetpack_publicize_connections":[],"jetpack_featured_media_url":"https:\/\/www.hoymercedes.com.ar\/principal\/wp-content\/uploads\/2020\/11\/26-1.jpg","wps_subtitle":"Zona rural","jetpack_sharing_enabled":true,"_links":{"self":[{"href":"https:\/\/www.hoymercedes.com.ar\/principal\/wp-json\/wp\/v2\/posts\/120978","targetHints":{"allow":["GET"]}}],"collection":[{"href":"https:\/\/www.hoymercedes.com.ar\/principal\/wp-json\/wp\/v2\/posts"}],"about":[{"href":"https:\/\/www.hoymercedes.com.ar\/principal\/wp-json\/wp\/v2\/types\/post"}],"author":[{"embeddable":true,"href":"https:\/\/www.hoymercedes.com.ar\/principal\/wp-json\/wp\/v2\/users\/5"}],"replies":[{"embeddable":true,"href":"https:\/\/www.hoymercedes.com.ar\/principal\/wp-json\/wp\/v2\/comments?post=120978"}],"version-history":[{"count":0,"href":"https:\/\/www.hoymercedes.com.ar\/principal\/wp-json\/wp\/v2\/posts\/120978\/revisions"}],"wp:featuredmedia":[{"embeddable":true,"href":"https:\/\/www.hoymercedes.com.ar\/principal\/wp-json\/wp\/v2\/media\/120982"}],"wp:attachment":[{"href":"https:\/\/www.hoymercedes.com.ar\/principal\/wp-json\/wp\/v2\/media?parent=120978"}],"wp:term":[{"taxonomy":"category","embeddable":true,"href":"https:\/\/www.hoymercedes.com.ar\/principal\/wp-json\/wp\/v2\/categories?post=120978"},{"taxonomy":"post_tag","embeddable":true,"href":"https:\/\/www.hoymercedes.com.ar\/principal\/wp-json\/wp\/v2\/tags?post=120978"}],"curies":[{"name":"wp","href":"https:\/\/api.w.org\/{rel}","templated":true}]}}