{"id":120979,"date":"2020-11-28T10:06:13","date_gmt":"2020-11-28T13:06:13","guid":{"rendered":"http:\/\/www.hoymercedes.com.ar\/principal\/?p=120979"},"modified":"2020-11-28T15:08:04","modified_gmt":"2020-11-28T18:08:04","slug":"proyectan-nueva-entrega-de-prendas-para-el-programa-mil-dias","status":"publish","type":"post","link":"https:\/\/www.hoymercedes.com.ar\/principal\/2020\/11\/28\/proyectan-nueva-entrega-de-prendas-para-el-programa-mil-dias\/","title":{"rendered":"Proyectan nueva entrega de prendas para el programa Mil D\u00edas"},"content":{"rendered":"\n<p>El programa Primeros Mil D\u00edas que impulsa el Municipio de Mercedes contin\u00faa desarrollando una gran labor que incluye y brinda atenci\u00f3n integral a las mam\u00e1s y los ni\u00f1os de la ciudad. El intendente Juan Ignacio Ustarroz, recorri\u00f3 los talleres donde se confeccionan y planifican las prendas y art\u00edculos que son entregados a las futuras mam\u00e1s. Vale recordar que el presidente Fern\u00e1ndez lanz\u00f3 la propuesta a nivel nacional, siendo Mercedes una de las localidades ejemplo, incluso convocada recientemente por Unicef para exponer ante ONU y referentes de todo el pa\u00eds. \u00a0<\/p>\n\n\n\n<div class=\"wp-block-image\"><figure class=\"aligncenter size-large\"><img loading=\"lazy\" decoding=\"async\" width=\"1024\" height=\"463\" data-attachment-id=\"120984\" data-permalink=\"https:\/\/www.hoymercedes.com.ar\/principal\/2020\/11\/28\/proyectan-nueva-entrega-de-prendas-para-el-programa-mil-dias\/mildias-4\/#main\" data-orig-file=\"https:\/\/www.hoymercedes.com.ar\/principal\/wp-content\/uploads\/2020\/11\/MilDias.jpg\" data-orig-size=\"1366,617\" data-comments-opened=\"0\" data-image-meta=\"{&quot;aperture&quot;:&quot;0&quot;,&quot;credit&quot;:&quot;&quot;,&quot;camera&quot;:&quot;&quot;,&quot;caption&quot;:&quot;&quot;,&quot;created_timestamp&quot;:&quot;0&quot;,&quot;copyright&quot;:&quot;&quot;,&quot;focal_length&quot;:&quot;0&quot;,&quot;iso&quot;:&quot;0&quot;,&quot;shutter_speed&quot;:&quot;0&quot;,&quot;title&quot;:&quot;&quot;,&quot;orientation&quot;:&quot;0&quot;}\" data-image-title=\"MilDias\" data-image-description=\"\" data-image-caption=\"\" data-large-file=\"https:\/\/www.hoymercedes.com.ar\/principal\/wp-content\/uploads\/2020\/11\/MilDias-1024x463.jpg\" src=\"https:\/\/www.hoymercedes.com.ar\/principal\/wp-content\/uploads\/2020\/11\/MilDias-1024x463.jpg\" alt=\"\" class=\"wp-image-120984\" srcset=\"https:\/\/www.hoymercedes.com.ar\/principal\/wp-content\/uploads\/2020\/11\/MilDias-1024x463.jpg 1024w, https:\/\/www.hoymercedes.com.ar\/principal\/wp-content\/uploads\/2020\/11\/MilDias-630x285.jpg 630w, https:\/\/www.hoymercedes.com.ar\/principal\/wp-content\/uploads\/2020\/11\/MilDias-150x68.jpg 150w, https:\/\/www.hoymercedes.com.ar\/principal\/wp-content\/uploads\/2020\/11\/MilDias.jpg 1366w\" sizes=\"auto, (max-width: 1024px) 100vw, 1024px\" \/><\/figure><\/div>\n\n\n\n<p>En primer lugar, Ustarroz felicit\u00f3 \u201ca todos los que hacen posible este programa, que ha crecido mucho y eso es algo realmente extraordinario\u201d y se\u00f1alando los art\u00edculos y accesorios producidos manifest\u00f3 \u201ccada una de las cosas que vemos, son las que se les entregan a las familias de los reci\u00e9n nacidos, y todo se hace con mucho amor y profesionalismo\u201d. \u00a0<\/p>\n\n\n\n<p>En este sentido, el intendente Ustarroz se\u00f1al\u00f3 \u201cvamos avanzando, actualizando y sumando prendas y accesorios, por ejemplo, comenzamos con un bolso -con m\u00e1s de 26 art\u00edculos- y ahora pasamos a la mochila que es m\u00e1s c\u00f3moda. Ahora est\u00e1 el piluso para el verano, la bolsita para los pa\u00f1ales, donde, adem\u00e1s, se denota la calidad y la calidez de cada una de las cosas que se hacen\u201d y eso \u201crefleja a nuestro entender, el gran compromiso que tienen en general las trabajadoras y trabajadores municipales, y en particular, este taller\u201d.&nbsp;&nbsp;&nbsp;&nbsp;&nbsp;&nbsp;<\/p>\n\n\n\n<p>\u201cSiempre est\u00e1n proponiendo, haciendo y tambi\u00e9n receptan mucho la solidaridad de nuestro pueblo, quienes donan telas y accesorios que son transformados en excelentes productos que son regalados a los ni\u00f1os y ni\u00f1as que nacen en nuestra ciudad\u201d afirm\u00f3 el Jefe Comunal\u00a0<\/p>\n\n\n\n<p>Magdalena Leverman, una de las referentes de programa Primeros Mil D\u00edas dijo \u201cfelicito a las chicas que est\u00e1n en cada uno de los talleres que siempre se est\u00e1n perfeccionando y ponen lo mejor para sumar, tienen propuestas por temporadas invierno\/verano, la verdad que un gran trabajo\u201d y agreg\u00f3 \u201cvamos a tener, adem\u00e1s, la oportunidad de la entrega de cunas que se est\u00e1n confeccionando, donde las chicas colaboran con lo que es la funda y el colchoncito que ir\u00e1n en las cunas\u201d.&nbsp;&nbsp;&nbsp;&nbsp;<\/p>\n\n\n\n<p>Marisa, quien trabaja en el taller de confecci\u00f3n del programa, cont\u00f3 \u201cla gente dona material lo que nos permite, tambi\u00e9n, incorporar prendas, como es el caso de los pilusos y baberos que se incluir\u00e1n en la \u00faltima entrega del a\u00f1o\u201d y apunt\u00f3 \u201cnos encanta trabajar ac\u00e1, tratamos siempre de poner lo mejor para que salga bien\u201d. &nbsp;<\/p>\n\n\n\n<p>\u201cEstamos preparando para la entrega del martes que viene, donde agregamos los pilusos y las bolsitas para los pa\u00f1ales y estamos pensando -para la \u00faltima entrega del a\u00f1o- entregar un conjuntito de musculosa con short\u201d.<\/p>\n\n\n\n<p>Estuvo presente tambi\u00e9n en el encuentro el Secretario de Salud, el pediatra Pisapia y parte del equipo. Vale mencionar que recientemente el programa recibi\u00f3 la donaci\u00f3n de dos m\u00e1quinas de coser a instancias de una familia mercedina que lo hizo de manera solidaria.<\/p>\n","protected":false},"excerpt":{"rendered":"<p>El programa Primeros Mil D\u00edas que impulsa el Municipio de Mercedes contin\u00faa desarrollando una gran labor que incluye y brinda &#8230; <a title=\"Proyectan nueva entrega de prendas para el programa Mil D\u00edas\" class=\"read-more\" href=\"https:\/\/www.hoymercedes.com.ar\/principal\/2020\/11\/28\/proyectan-nueva-entrega-de-prendas-para-el-programa-mil-dias\/\" aria-label=\"Leer m\u00e1s sobre Proyectan nueva entrega de prendas para el programa Mil D\u00edas\">Leer m\u00e1s<\/a><\/p>\n","protected":false},"author":5,"featured_media":120984,"comment_status":"closed","ping_status":"open","sticky":false,"template":"","format":"standard","meta":{"_monsterinsights_skip_tracking":false,"_monsterinsights_sitenote_active":false,"_monsterinsights_sitenote_note":"","_monsterinsights_sitenote_category":0,"jetpack_post_was_ever_published":false,"_jetpack_newsletter_access":"","_jetpack_dont_email_post_to_subs":false,"_jetpack_newsletter_tier_id":0,"_jetpack_memberships_contains_paywalled_content":false,"_jetpack_memberships_contains_paid_content":false,"footnotes":"","jetpack_publicize_message":"","jetpack_publicize_feature_enabled":true,"jetpack_social_post_already_shared":true,"jetpack_social_options":{"image_generator_settings":{"template":"highway","default_image_id":0,"font":"","enabled":false},"version":2},"_wpas_customize_per_network":false},"categories":[30],"tags":[244,11368],"class_list":["post-120979","post","type-post","status-publish","format-standard","has-post-thumbnail","hentry","category-municipio","tag-municipio-2","tag-programa-mil-dias","generate-columns","tablet-grid-50","mobile-grid-100","grid-parent","grid-50"],"jetpack_publicize_connections":[],"jetpack_featured_media_url":"https:\/\/www.hoymercedes.com.ar\/principal\/wp-content\/uploads\/2020\/11\/MilDias.jpg","wps_subtitle":"Confeci\u00f3n de kits para beneficarios","jetpack_sharing_enabled":true,"_links":{"self":[{"href":"https:\/\/www.hoymercedes.com.ar\/principal\/wp-json\/wp\/v2\/posts\/120979","targetHints":{"allow":["GET"]}}],"collection":[{"href":"https:\/\/www.hoymercedes.com.ar\/principal\/wp-json\/wp\/v2\/posts"}],"about":[{"href":"https:\/\/www.hoymercedes.com.ar\/principal\/wp-json\/wp\/v2\/types\/post"}],"author":[{"embeddable":true,"href":"https:\/\/www.hoymercedes.com.ar\/principal\/wp-json\/wp\/v2\/users\/5"}],"replies":[{"embeddable":true,"href":"https:\/\/www.hoymercedes.com.ar\/principal\/wp-json\/wp\/v2\/comments?post=120979"}],"version-history":[{"count":0,"href":"https:\/\/www.hoymercedes.com.ar\/principal\/wp-json\/wp\/v2\/posts\/120979\/revisions"}],"wp:featuredmedia":[{"embeddable":true,"href":"https:\/\/www.hoymercedes.com.ar\/principal\/wp-json\/wp\/v2\/media\/120984"}],"wp:attachment":[{"href":"https:\/\/www.hoymercedes.com.ar\/principal\/wp-json\/wp\/v2\/media?parent=120979"}],"wp:term":[{"taxonomy":"category","embeddable":true,"href":"https:\/\/www.hoymercedes.com.ar\/principal\/wp-json\/wp\/v2\/categories?post=120979"},{"taxonomy":"post_tag","embeddable":true,"href":"https:\/\/www.hoymercedes.com.ar\/principal\/wp-json\/wp\/v2\/tags?post=120979"}],"curies":[{"name":"wp","href":"https:\/\/api.w.org\/{rel}","templated":true}]}}