{"id":120995,"date":"2020-11-28T15:20:55","date_gmt":"2020-11-28T18:20:55","guid":{"rendered":"http:\/\/www.hoymercedes.com.ar\/principal\/?p=120995"},"modified":"2020-11-28T15:06:56","modified_gmt":"2020-11-28T18:06:56","slug":"convocan-a-artistas-para-el-paseo-de-arte","status":"publish","type":"post","link":"https:\/\/www.hoymercedes.com.ar\/principal\/2020\/11\/28\/convocan-a-artistas-para-el-paseo-de-arte\/","title":{"rendered":"Convocan a artistas para el Paseo de Arte"},"content":{"rendered":"\n<p>La Direcci\u00f3n de Cultura de la Ciudad de Mercedes, la Escuela de Arte \u00abFifo Roggero\u00bb y la Asociaci\u00f3n de amigos del Museo de Arte convocan a artistas para llevar adelante un Paseo de Arte. Convocan a artistas de Artes visuales, Textil, Orfebrer\u00eda y Artes de fuego. La inscripci\u00f3n es hasta el 4 de diciembre. El Paseo se llevar\u00e1 adelante los d\u00edas 12 y 13 de diciembre sobre el boulevar de la 30, desde la calle 19 hasta las 27. <\/p>\n\n\n\n<div class=\"wp-block-image\"><figure class=\"aligncenter size-large\"><img loading=\"lazy\" decoding=\"async\" width=\"552\" height=\"522\" data-attachment-id=\"120996\" data-permalink=\"https:\/\/www.hoymercedes.com.ar\/principal\/2020\/11\/28\/convocan-a-artistas-para-el-paseo-de-arte\/28-cultura-paseo-de-arte\/#main\" data-orig-file=\"https:\/\/www.hoymercedes.com.ar\/principal\/wp-content\/uploads\/2020\/11\/28-cultura-paseo-de-arte-e1606586134729.jpg\" data-orig-size=\"552,522\" data-comments-opened=\"0\" data-image-meta=\"{&quot;aperture&quot;:&quot;0&quot;,&quot;credit&quot;:&quot;&quot;,&quot;camera&quot;:&quot;&quot;,&quot;caption&quot;:&quot;&quot;,&quot;created_timestamp&quot;:&quot;0&quot;,&quot;copyright&quot;:&quot;&quot;,&quot;focal_length&quot;:&quot;0&quot;,&quot;iso&quot;:&quot;0&quot;,&quot;shutter_speed&quot;:&quot;0&quot;,&quot;title&quot;:&quot;&quot;,&quot;orientation&quot;:&quot;0&quot;}\" data-image-title=\"28 cultura paseo de arte\" data-image-description=\"\" data-image-caption=\"\" data-large-file=\"https:\/\/www.hoymercedes.com.ar\/principal\/wp-content\/uploads\/2020\/11\/28-cultura-paseo-de-arte-e1606586134729.jpg\" src=\"https:\/\/www.hoymercedes.com.ar\/principal\/wp-content\/uploads\/2020\/11\/28-cultura-paseo-de-arte-e1606586134729.jpg\" alt=\"\" class=\"wp-image-120996\"\/><\/figure><\/div>\n\n\n\n<p>El Paseo del Arte tendr\u00e1 como objetivo visibilizar, revalorizar, impulsar y difundir, la producci\u00f3n art\u00edstica de todos los artistas visuales de nuestra ciudad. Brindando la posibilidad de disfrutar y adquirir piezas art\u00edsticas, generando espacios de encuentro y familiaridad entre las obras, sus autores y el p\u00fablico.<\/p>\n\n\n\n<p>La fecha prevista para este evento ser\u00e1 el s\u00e1bado 12 y domingo 13 de diciembre de 18 a 23hs, en el boulevard de la Av. 30, entre las calles 19 a 27. Con posibilidades de extenderlo el siguiente fin de semana.<\/p>\n\n\n\n<p>Las disciplinas en esta edici\u00f3n de la Feria ser\u00e1n Artes visuales, Textil, Orfebrer\u00eda y Artes de fuego.<\/p>\n\n\n\n<p>Para participar deber\u00e1n inscribirse previamente desde el 28 de noviembre al 4 de diciembre, conforme a las bases en <a rel=\"noreferrer noopener\" href=\"https:\/\/l.facebook.com\/l.php?u=http%3A%2F%2Fcultura.mercedes.gob.ar%2F%3Ffbclid%3DIwAR2dBGZ6n68-ZYQ-bP43Zcead5ltYpNLxHp684sLHOk_-l6Q8mdFgNtuajI&amp;h=AT23v4gorSjvSAMSS2u0QoeS7diX-aLVazlqbUIAeOXgcslAMzyIpr7_bWCcnvGutZcXY6803blHPiCDSJ2OAvSOOjVlSsqrrETYRedfqZ-eVlX1a8URI4C3atcwz-QE0yaKiYPMC23E_YEqZw&amp;__tn__=-UK-R&amp;c[0]=AT072FvMEkeKQ3wJpoB5G5jgnH6Leji5avR5NW8PziWAGMBsqHnSDsenWl8doFNjchKMnrgNQuolWlYU67qtYuBz5my-WUPpAHGmu2u-4RwbB2A50BGo6GYvce0fwd0ypKbhjLGarKX9UKrEMcfJTxzSFk_u08VJIo17RFnUbNpQAqM\" target=\"_blank\">http:\/\/cultura.mercedes.gob.ar\/<\/a><\/p>\n","protected":false},"excerpt":{"rendered":"<p>La Direcci\u00f3n de Cultura de la Ciudad de Mercedes, la Escuela de Arte \u00abFifo Roggero\u00bb y la Asociaci\u00f3n de amigos &#8230; <a title=\"Convocan a artistas para el Paseo de Arte\" class=\"read-more\" href=\"https:\/\/www.hoymercedes.com.ar\/principal\/2020\/11\/28\/convocan-a-artistas-para-el-paseo-de-arte\/\" aria-label=\"Leer m\u00e1s sobre Convocan a artistas para el Paseo de Arte\">Leer m\u00e1s<\/a><\/p>\n","protected":false},"author":5,"featured_media":120996,"comment_status":"closed","ping_status":"open","sticky":false,"template":"","format":"standard","meta":{"_monsterinsights_skip_tracking":false,"_monsterinsights_sitenote_active":false,"_monsterinsights_sitenote_note":"","_monsterinsights_sitenote_category":0,"jetpack_post_was_ever_published":false,"_jetpack_newsletter_access":"","_jetpack_dont_email_post_to_subs":false,"_jetpack_newsletter_tier_id":0,"_jetpack_memberships_contains_paywalled_content":false,"_jetpack_memberships_contains_paid_content":false,"footnotes":"","jetpack_publicize_message":"","jetpack_publicize_feature_enabled":true,"jetpack_social_post_already_shared":true,"jetpack_social_options":{"image_generator_settings":{"template":"highway","default_image_id":0,"font":"","enabled":false},"version":2},"_wpas_customize_per_network":false},"categories":[104],"tags":[9168,7805,244,17324],"class_list":["post-120995","post","type-post","status-publish","format-standard","has-post-thumbnail","hentry","category-cultura","tag-convocatoria","tag-cultura","tag-municipio-2","tag-paseo-de-arte","generate-columns","tablet-grid-50","mobile-grid-100","grid-parent","grid-50"],"jetpack_publicize_connections":[],"jetpack_featured_media_url":"https:\/\/www.hoymercedes.com.ar\/principal\/wp-content\/uploads\/2020\/11\/28-cultura-paseo-de-arte-e1606586134729.jpg","wps_subtitle":"La inscripci\u00f3n es hasta el 4 de diciembre","jetpack_sharing_enabled":true,"_links":{"self":[{"href":"https:\/\/www.hoymercedes.com.ar\/principal\/wp-json\/wp\/v2\/posts\/120995","targetHints":{"allow":["GET"]}}],"collection":[{"href":"https:\/\/www.hoymercedes.com.ar\/principal\/wp-json\/wp\/v2\/posts"}],"about":[{"href":"https:\/\/www.hoymercedes.com.ar\/principal\/wp-json\/wp\/v2\/types\/post"}],"author":[{"embeddable":true,"href":"https:\/\/www.hoymercedes.com.ar\/principal\/wp-json\/wp\/v2\/users\/5"}],"replies":[{"embeddable":true,"href":"https:\/\/www.hoymercedes.com.ar\/principal\/wp-json\/wp\/v2\/comments?post=120995"}],"version-history":[{"count":0,"href":"https:\/\/www.hoymercedes.com.ar\/principal\/wp-json\/wp\/v2\/posts\/120995\/revisions"}],"wp:featuredmedia":[{"embeddable":true,"href":"https:\/\/www.hoymercedes.com.ar\/principal\/wp-json\/wp\/v2\/media\/120996"}],"wp:attachment":[{"href":"https:\/\/www.hoymercedes.com.ar\/principal\/wp-json\/wp\/v2\/media?parent=120995"}],"wp:term":[{"taxonomy":"category","embeddable":true,"href":"https:\/\/www.hoymercedes.com.ar\/principal\/wp-json\/wp\/v2\/categories?post=120995"},{"taxonomy":"post_tag","embeddable":true,"href":"https:\/\/www.hoymercedes.com.ar\/principal\/wp-json\/wp\/v2\/tags?post=120995"}],"curies":[{"name":"wp","href":"https:\/\/api.w.org\/{rel}","templated":true}]}}