{"id":120999,"date":"2020-11-28T17:20:33","date_gmt":"2020-11-28T20:20:33","guid":{"rendered":"http:\/\/www.hoymercedes.com.ar\/principal\/?p=120999"},"modified":"2020-11-28T15:06:29","modified_gmt":"2020-11-28T18:06:29","slug":"un-aprehendido-por-comercio-de-estupefacientes-3","status":"publish","type":"post","link":"https:\/\/www.hoymercedes.com.ar\/principal\/2020\/11\/28\/un-aprehendido-por-comercio-de-estupefacientes-3\/","title":{"rendered":"Un aprehendido por comercio de estupefacientes"},"content":{"rendered":"\n<p>En la jornada del\u00a0jueves\u00a0\u00faltimo\u00a0se llevaron a cabo\u00a0tres<strong>\u00a0<\/strong>allanamientos\u00a0en la localidad de\u00a0Marcos Paz y en\u00a0Mariano Acosta, partido de Merlo\u00a0en los que se procedi\u00f3 a la aprehensi\u00f3n de\u00a0un sujeto vinculado al comercio de estupefacientes.\u00a0<\/p>\n\n\n\n<p>Tras una denuncia an\u00f3nima&nbsp;realizada en el mes de junio del corriente&nbsp;comenz\u00f3 a investigarse la venta de estupefacientes en la localidad de Marcos Paz. Tras arduas tareas investigativas&nbsp;se logr\u00f3 determinar que el comercio de estas sustancias se produc\u00eda en dos viviendas y que eran abastecidos de estos elementos ilegales desde&nbsp;la localidad de Mariano Acosta, Partido de Merlo.&nbsp;<\/p>\n\n\n\n<p>Por el hecho intervino la&nbsp;Unidad Funcional&nbsp;de Instrucci\u00f3n y Juicio N\u00b0&nbsp;4&nbsp;en conjunto con&nbsp;la&nbsp;Ayudant\u00eda Fiscal Especializada en Estupefacientes Departamental&nbsp;con colaboraci\u00f3n de la&nbsp;Delegaci\u00f3n Mercedes de Investigaci\u00f3n del Tr\u00e1fico de Drogas Il\u00edcitas y Crimen Organizado.&nbsp;<\/p>\n\n\n\n<p>Tras realizarse tareas de encubierto durante varios meses se logr\u00f3 identificar a las personas que ejerc\u00edan el comercio de estupefacientes e incluso a su proveedor. Es as\u00ed como reunidos todos los elementos necesarios se solicit\u00f3 por ante el Juzgado de Garant\u00edas N\u00b0 3 \u00f3rdenes de allanamiento para tres domicilios. Las mismas fueron concedidas y ejecutadas en la jornada de este jueves, logr\u00e1ndose incautar una importante cantidad de material estupefaciente, elementos utilizados para su fraccionamiento y la aprehensi\u00f3n de un sujeto&nbsp;de&nbsp; 63&nbsp; a\u00f1os&nbsp; de&nbsp; edad&nbsp;oriundo&nbsp;de la localidad de Mariano Acosta, Partido de Merlo&nbsp;&nbsp;<\/p>\n\n\n\n<p>En el domicilio de Mariano Acosta se encontr\u00f3 gran cantidad de material estupefaciente,&nbsp;un arma de fuego (escopeta calibre 16), elementos utilizados para el fraccionamiento de estupefacientes, dinero en efectivo y material de inter\u00e9s para la investigaci\u00f3n.&nbsp;<\/p>\n\n\n\n<p>En el pesaje total del material estupefacientes secuestrado,&nbsp;entre contenido y continente, arroj\u00f3 la cantidad&nbsp;de&nbsp;1630,8 gramos (discriminados en 87 envases pl\u00e1sticos circulares peque\u00f1os&nbsp;de 128, 4 gramos, 61 tubos cil\u00edndricos de color naranja transparentes que arrojaron&nbsp; peso entre contenido y continente de 117,4 gramos&nbsp;&nbsp; y una bolsa de nylon&nbsp; con&nbsp; una coca\u00edna en forma&nbsp; pulverulenta&nbsp; la que&nbsp; arrojara un peso entre contenido y continente de&nbsp; 1.385 gramos). Posteriormente, realizado&nbsp;los test de orientaci\u00f3n de la sustancia incautada&nbsp;&nbsp; arrojaron resultado positivo para coca\u00edna.&nbsp;&nbsp;<\/p>\n\n\n\n<p>En tanto, en los domicilios de Marcos Paz se encontraron elementos de inter\u00e9s para la investigaci\u00f3n que contin\u00faa su curso.&nbsp;<\/p>\n\n\n\n<p>Por los delitos de\u00a0\u00a0\u201cTenencia de estupefacientes con fines de comercializaci\u00f3n fraccionados en dosis destinadas directamente a los consumidores, comercio de estupefacientes fraccionadas en dosis destinadas directamente a los consumidores\u201d\u00a0y\u00a0\u201cTenencia ilegal de arma de fuego de uso civil sin la debida autorizaci\u00f3n\u201d el aprehendido compareci\u00f3\u00a0en la audiencia de declaraci\u00f3n en los t\u00e9rminos del art. 308 del C\u00f3digo Procesal Penal ante el agente fiscal\u00a0este\u00a0viernes.\u00a0<\/p>\n\n\n\n<p>Fuente: Ministerio P\u00fablico Fiscal &#8211; Departamento Judicial Mercedes<\/p>\n","protected":false},"excerpt":{"rendered":"<p>En la jornada del\u00a0jueves\u00a0\u00faltimo\u00a0se llevaron a cabo\u00a0tres\u00a0allanamientos\u00a0en la localidad de\u00a0Marcos Paz y en\u00a0Mariano Acosta, partido de Merlo\u00a0en los que se &#8230; <a title=\"Un aprehendido por comercio de estupefacientes\" class=\"read-more\" href=\"https:\/\/www.hoymercedes.com.ar\/principal\/2020\/11\/28\/un-aprehendido-por-comercio-de-estupefacientes-3\/\" aria-label=\"Leer m\u00e1s sobre Un aprehendido por comercio de estupefacientes\">Leer m\u00e1s<\/a><\/p>\n","protected":false},"author":5,"featured_media":99825,"comment_status":"closed","ping_status":"open","sticky":false,"template":"","format":"standard","meta":{"_monsterinsights_skip_tracking":false,"_monsterinsights_sitenote_active":false,"_monsterinsights_sitenote_note":"","_monsterinsights_sitenote_category":0,"jetpack_post_was_ever_published":false,"_jetpack_newsletter_access":"","_jetpack_dont_email_post_to_subs":false,"_jetpack_newsletter_tier_id":0,"_jetpack_memberships_contains_paywalled_content":false,"_jetpack_memberships_contains_paid_content":false,"footnotes":"","jetpack_publicize_message":"","jetpack_publicize_feature_enabled":true,"jetpack_social_post_already_shared":true,"jetpack_social_options":{"image_generator_settings":{"template":"highway","default_image_id":0,"font":"","enabled":false},"version":2},"_wpas_customize_per_network":false},"categories":[85],"tags":[16924,12968,96,1057],"class_list":["post-120999","post","type-post","status-publish","format-standard","has-post-thumbnail","hentry","category-policial","tag-aprehendido","tag-estupefacientes","tag-policial-2","tag-regional","generate-columns","tablet-grid-50","mobile-grid-100","grid-parent","grid-50"],"jetpack_publicize_connections":[],"jetpack_featured_media_url":"https:\/\/www.hoymercedes.com.ar\/principal\/wp-content\/uploads\/2019\/09\/14-policial-lujan.jpg","wps_subtitle":"Regional","jetpack_sharing_enabled":true,"_links":{"self":[{"href":"https:\/\/www.hoymercedes.com.ar\/principal\/wp-json\/wp\/v2\/posts\/120999","targetHints":{"allow":["GET"]}}],"collection":[{"href":"https:\/\/www.hoymercedes.com.ar\/principal\/wp-json\/wp\/v2\/posts"}],"about":[{"href":"https:\/\/www.hoymercedes.com.ar\/principal\/wp-json\/wp\/v2\/types\/post"}],"author":[{"embeddable":true,"href":"https:\/\/www.hoymercedes.com.ar\/principal\/wp-json\/wp\/v2\/users\/5"}],"replies":[{"embeddable":true,"href":"https:\/\/www.hoymercedes.com.ar\/principal\/wp-json\/wp\/v2\/comments?post=120999"}],"version-history":[{"count":0,"href":"https:\/\/www.hoymercedes.com.ar\/principal\/wp-json\/wp\/v2\/posts\/120999\/revisions"}],"wp:featuredmedia":[{"embeddable":true,"href":"https:\/\/www.hoymercedes.com.ar\/principal\/wp-json\/wp\/v2\/media\/99825"}],"wp:attachment":[{"href":"https:\/\/www.hoymercedes.com.ar\/principal\/wp-json\/wp\/v2\/media?parent=120999"}],"wp:term":[{"taxonomy":"category","embeddable":true,"href":"https:\/\/www.hoymercedes.com.ar\/principal\/wp-json\/wp\/v2\/categories?post=120999"},{"taxonomy":"post_tag","embeddable":true,"href":"https:\/\/www.hoymercedes.com.ar\/principal\/wp-json\/wp\/v2\/tags?post=120999"}],"curies":[{"name":"wp","href":"https:\/\/api.w.org\/{rel}","templated":true}]}}