{"id":12102,"date":"2012-04-10T12:14:08","date_gmt":"2012-04-10T12:14:08","guid":{"rendered":"http:\/\/www.hoymercedes.com.ar\/principal\/?p=12102"},"modified":"2012-04-10T12:14:08","modified_gmt":"2012-04-10T12:14:08","slug":"amaya-sobre-fmv-lo-unico-que-hicieron-fue-acomodar-parientes","status":"publish","type":"post","link":"https:\/\/www.hoymercedes.com.ar\/principal\/2012\/04\/10\/amaya-sobre-fmv-lo-unico-que-hicieron-fue-acomodar-parientes\/","title":{"rendered":"Amaya sobre FMV: \u201cLo \u00fanico que hicieron fue acomodar parientes\u201d"},"content":{"rendered":"<p>El concejal del bloque del PJ Frente para la Victoria critic\u00f3 duramente a los dirigentes del Frente Mercedino, en especial el ex candidato a intendente Juan Ustarroz acus\u00e1ndolo de no cumplir con las promesas de campa\u00f1a y adem\u00e1s de irse de la ciudad.<\/p>\n<p>En las \u00faltimas elecciones del pasado a\u00f1o se dio una fuerte controversia entre dos agrupaciones kirchneristas que pugnaron por el poder municipal. Esta situaci\u00f3n de tensi\u00f3n entre la agrupaci\u00f3n K presidida por el intendente Carlos Selva y el Frente Mercedino, conformado por La C\u00e1mpora y otras facciones menores, alcanz\u00f3 l\u00edmites extremos. Durante un tiempo la rispidez pareci\u00f3 ceder, pero en los \u00faltimos d\u00edas renaci\u00f3 con algunas denuncias de persecuci\u00f3n pol\u00edtica y dem\u00e1s.<\/p>\n<p>Tan es as\u00ed que el concejal del PJ Frente para la Victoria David Amaya tom\u00f3 la palabra y fue duro con la actual dirigencia local de La C\u00e1mpora. \u201cPrometieron cualquier cosa y despu\u00e9s no hicieron nada; enga\u00f1aron a la poblaci\u00f3n mercedina con propuestas que eran de imposible concreci\u00f3n. Dijeron que iba a llegar la empresa Pirelli, hablaron de un Polo Tecnol\u00f3gico, de hacer mil casas, y yo me pregunto: \u00bfDonde est\u00e1n todas esas cosas prometidas? En ning\u00fan lado\u201d, fustig\u00f3 duramente el edil de extracci\u00f3n gremial.<\/p>\n<p>M\u00e1s all\u00e1 de las promesas de campa\u00f1a, a Amaya le provoc\u00f3 una reacci\u00f3n negativa otra circunstancia muy particular. \u201cLo \u00fanico que hicieron fue acomodar a todos los parientes y amigos en el Ministerio de Justicia, en el Congreso, en ANSES, en la sede de PAMI local. Se olvidaron de la gente de Mercedes y no abrieron ning\u00fan canal de di\u00e1logo como para generar medidas que hagan crecer la ciudad. Son una verdadera verg\u00fcenza\u201d, acus\u00f3.<\/p>\n<p>Para Amaya la situaci\u00f3n planteada con la dirigencia camporista del Frente Mercedino es por dem\u00e1s de an\u00f3mala y pone como ejemplo de esta situaci\u00f3n al ex candidato a intendente Juan Ustarroz. \u201cEste chico Ustarroz que quer\u00eda ser intendente ya se olvid\u00f3 de Mercedes; se acomod\u00f3 con otro cargo en ANSES y se fue a trabajar a San Mart\u00edn. Es decir, se vino a vivir a Mercedes meses antes de las elecciones y despu\u00e9s que pas\u00f3 el proceso electoral volvi\u00f3 a irse. La gente debe conocer estas cosas para no se m\u00e1s enga\u00f1ada\u201d, dispar\u00f3 con munici\u00f3n gruesa el concejal David Amaya.<\/p>\n","protected":false},"excerpt":{"rendered":"<p>El concejal del bloque del PJ Frente para la Victoria critic\u00f3 duramente a los dirigentes del Frente Mercedino, en especial &#8230; <a title=\"Amaya sobre FMV: \u201cLo \u00fanico que hicieron fue acomodar parientes\u201d\" class=\"read-more\" href=\"https:\/\/www.hoymercedes.com.ar\/principal\/2012\/04\/10\/amaya-sobre-fmv-lo-unico-que-hicieron-fue-acomodar-parientes\/\" aria-label=\"Leer m\u00e1s sobre Amaya sobre FMV: \u201cLo \u00fanico que hicieron fue acomodar parientes\u201d\">Leer m\u00e1s<\/a><\/p>\n","protected":false},"author":1,"featured_media":0,"comment_status":"open","ping_status":"open","sticky":false,"template":"","format":"standard","meta":{"_monsterinsights_skip_tracking":false,"_monsterinsights_sitenote_active":false,"_monsterinsights_sitenote_note":"","_monsterinsights_sitenote_category":0,"jetpack_post_was_ever_published":false,"_jetpack_newsletter_access":"","_jetpack_dont_email_post_to_subs":false,"_jetpack_newsletter_tier_id":0,"_jetpack_memberships_contains_paywalled_content":false,"_jetpack_memberships_contains_paid_content":false,"footnotes":"","jetpack_publicize_message":"","jetpack_publicize_feature_enabled":true,"jetpack_social_post_already_shared":false,"jetpack_social_options":{"image_generator_settings":{"template":"highway","default_image_id":0,"font":"","enabled":false},"version":2},"_wpas_customize_per_network":false},"categories":[5],"tags":[1075,379],"class_list":["post-12102","post","type-post","status-publish","format-standard","hentry","category-politica","tag-amaya","tag-frente-mercedino-para-la-victoria","generate-columns","tablet-grid-50","mobile-grid-100","grid-parent","grid-50"],"jetpack_publicize_connections":[],"jetpack_featured_media_url":"","wps_subtitle":"","jetpack_sharing_enabled":true,"_links":{"self":[{"href":"https:\/\/www.hoymercedes.com.ar\/principal\/wp-json\/wp\/v2\/posts\/12102","targetHints":{"allow":["GET"]}}],"collection":[{"href":"https:\/\/www.hoymercedes.com.ar\/principal\/wp-json\/wp\/v2\/posts"}],"about":[{"href":"https:\/\/www.hoymercedes.com.ar\/principal\/wp-json\/wp\/v2\/types\/post"}],"author":[{"embeddable":true,"href":"https:\/\/www.hoymercedes.com.ar\/principal\/wp-json\/wp\/v2\/users\/1"}],"replies":[{"embeddable":true,"href":"https:\/\/www.hoymercedes.com.ar\/principal\/wp-json\/wp\/v2\/comments?post=12102"}],"version-history":[{"count":0,"href":"https:\/\/www.hoymercedes.com.ar\/principal\/wp-json\/wp\/v2\/posts\/12102\/revisions"}],"wp:attachment":[{"href":"https:\/\/www.hoymercedes.com.ar\/principal\/wp-json\/wp\/v2\/media?parent=12102"}],"wp:term":[{"taxonomy":"category","embeddable":true,"href":"https:\/\/www.hoymercedes.com.ar\/principal\/wp-json\/wp\/v2\/categories?post=12102"},{"taxonomy":"post_tag","embeddable":true,"href":"https:\/\/www.hoymercedes.com.ar\/principal\/wp-json\/wp\/v2\/tags?post=12102"}],"curies":[{"name":"wp","href":"https:\/\/api.w.org\/{rel}","templated":true}]}}