{"id":121033,"date":"2020-11-29T13:25:44","date_gmt":"2020-11-29T16:25:44","guid":{"rendered":"http:\/\/www.hoymercedes.com.ar\/principal\/?p=121033"},"modified":"2020-11-30T18:01:26","modified_gmt":"2020-11-30T21:01:26","slug":"en-mercedes-se-movilizaron-contra-el-proyecto-que-legaliza-el-aborto","status":"publish","type":"post","link":"https:\/\/www.hoymercedes.com.ar\/principal\/2020\/11\/29\/en-mercedes-se-movilizaron-contra-el-proyecto-que-legaliza-el-aborto\/","title":{"rendered":"La Mayor\u00eda Celeste: En Mercedes se movilizaron contra el proyecto que legaliza el aborto"},"content":{"rendered":"\n<p>Sectores que se oponen a la legalizaci\u00f3n del aborto se movilizaron este s\u00e1bado en distintos puntos del pa\u00eds. El objetivo es  rechazar el proyecto enviado al Congreso por el gobierno de Alberto Fern\u00e1ndez. En Mercedes, la manifestaci\u00f3n se concentr\u00f3 en la plaza San Mart\u00edn y de moviliz\u00f3 por las calles c\u00e9ntricas. <\/p>\n\n\n\n<div class=\"wp-block-jetpack-slideshow aligncenter\" data-effect=\"slide\"><div class=\"wp-block-jetpack-slideshow_container swiper-container\"><ul class=\"wp-block-jetpack-slideshow_swiper-wrapper swiper-wrapper\"><li class=\"wp-block-jetpack-slideshow_slide swiper-slide\"><figure><img loading=\"lazy\" decoding=\"async\" width=\"800\" height=\"534\" alt=\"\" class=\"wp-block-jetpack-slideshow_image wp-image-121036\" data-id=\"121036\" src=\"https:\/\/www.hoymercedes.com.ar\/principal\/wp-content\/uploads\/2020\/11\/29-mercedes-x-vida1.jpg\" srcset=\"https:\/\/www.hoymercedes.com.ar\/principal\/wp-content\/uploads\/2020\/11\/29-mercedes-x-vida1.jpg 800w, https:\/\/www.hoymercedes.com.ar\/principal\/wp-content\/uploads\/2020\/11\/29-mercedes-x-vida1-630x421.jpg 630w, https:\/\/www.hoymercedes.com.ar\/principal\/wp-content\/uploads\/2020\/11\/29-mercedes-x-vida1-150x100.jpg 150w\" sizes=\"(max-width: 800px) 100vw, 800px\" \/><\/figure><\/li><li class=\"wp-block-jetpack-slideshow_slide swiper-slide\"><figure><img loading=\"lazy\" decoding=\"async\" width=\"800\" height=\"534\" alt=\"\" class=\"wp-block-jetpack-slideshow_image wp-image-121035\" data-id=\"121035\" src=\"https:\/\/www.hoymercedes.com.ar\/principal\/wp-content\/uploads\/2020\/11\/29-mercedes-x-vida-2.jpg\" srcset=\"https:\/\/www.hoymercedes.com.ar\/principal\/wp-content\/uploads\/2020\/11\/29-mercedes-x-vida-2.jpg 800w, https:\/\/www.hoymercedes.com.ar\/principal\/wp-content\/uploads\/2020\/11\/29-mercedes-x-vida-2-630x421.jpg 630w, https:\/\/www.hoymercedes.com.ar\/principal\/wp-content\/uploads\/2020\/11\/29-mercedes-x-vida-2-150x100.jpg 150w\" sizes=\"(max-width: 800px) 100vw, 800px\" \/><\/figure><\/li><li class=\"wp-block-jetpack-slideshow_slide swiper-slide\"><figure><img loading=\"lazy\" decoding=\"async\" width=\"800\" height=\"534\" alt=\"\" class=\"wp-block-jetpack-slideshow_image wp-image-121034\" data-id=\"121034\" src=\"https:\/\/www.hoymercedes.com.ar\/principal\/wp-content\/uploads\/2020\/11\/29-mercedes-x-vida-3.jpg\" srcset=\"https:\/\/www.hoymercedes.com.ar\/principal\/wp-content\/uploads\/2020\/11\/29-mercedes-x-vida-3.jpg 800w, https:\/\/www.hoymercedes.com.ar\/principal\/wp-content\/uploads\/2020\/11\/29-mercedes-x-vida-3-630x421.jpg 630w, https:\/\/www.hoymercedes.com.ar\/principal\/wp-content\/uploads\/2020\/11\/29-mercedes-x-vida-3-150x100.jpg 150w\" sizes=\"(max-width: 800px) 100vw, 800px\" \/><\/figure><\/li><li class=\"wp-block-jetpack-slideshow_slide swiper-slide\"><figure><img loading=\"lazy\" decoding=\"async\" width=\"800\" height=\"540\" alt=\"\" class=\"wp-block-jetpack-slideshow_image wp-image-121037\" data-id=\"121037\" src=\"https:\/\/www.hoymercedes.com.ar\/principal\/wp-content\/uploads\/2020\/11\/29-mercedes-x-vida.jpg\" srcset=\"https:\/\/www.hoymercedes.com.ar\/principal\/wp-content\/uploads\/2020\/11\/29-mercedes-x-vida.jpg 800w, https:\/\/www.hoymercedes.com.ar\/principal\/wp-content\/uploads\/2020\/11\/29-mercedes-x-vida-630x425.jpg 630w, https:\/\/www.hoymercedes.com.ar\/principal\/wp-content\/uploads\/2020\/11\/29-mercedes-x-vida-150x101.jpg 150w\" sizes=\"(max-width: 800px) 100vw, 800px\" \/><\/figure><\/li><\/ul><a class=\"wp-block-jetpack-slideshow_button-prev swiper-button-prev swiper-button-white\" role=\"button\"><\/a><a class=\"wp-block-jetpack-slideshow_button-next swiper-button-next swiper-button-white\" role=\"button\"><\/a><a aria-label=\"Pause Slideshow\" class=\"wp-block-jetpack-slideshow_button-pause\" role=\"button\"><\/a><div class=\"wp-block-jetpack-slideshow_pagination swiper-pagination swiper-pagination-white\"><\/div><\/div><\/div>\n\n\n\n<p>Con pa\u00f1uelos celestes, carteles alusivos, im\u00e1genes de beb\u00e9s reci\u00e9n nacidos y banderas argentinas fueron arribando tras la convocatoria nacional a trav\u00e9s de redes social con los lemas \u00abla mayor\u00eda celesta\u00bb y \u00abcontra el aborto salimos todos\u00bb. <\/p>\n\n\n\n<p>\u00abGracias a las m\u00e1s de 250 personas que salieron a gritar bien fuerte que queremos defender la vida de los 2. Hoy el pueblo argentino volvi\u00f3 a salir en m\u00e1s de 350 ciudades a lo largo y ancho del pa\u00eds mostr\u00e1ndole a los gobernantes que <a href=\"https:\/\/www.facebook.com\/hashtag\/lamayoriaceleste?__eep__=6&amp;__cft__[0]=AZVDkHRj3vluLrOgw1QloXqRvPfJPxhA81KVzUlqlcsylxhj6nmS_UCX9sE3-1Qi8yrb5_vpBgzx32trI0XDUgtJ6Amr9baS2lRCdWVvtLTYv1ih9wrsg8R0qC3pRJjdNCwxDFb0BBAvmX74ClvYw4kd&amp;__tn__=*NK-R\" target=\"_blank\" rel=\"noopener\">#LaMayoriaCeleste<\/a> sigue m\u00e1s firme que nunca GRACIAS INFINITAS A TODOS POR ESTAR GRITANDO <a href=\"https:\/\/www.facebook.com\/hashtag\/salvemoslas2vidas?__eep__=6&amp;__cft__[0]=AZVDkHRj3vluLrOgw1QloXqRvPfJPxhA81KVzUlqlcsylxhj6nmS_UCX9sE3-1Qi8yrb5_vpBgzx32trI0XDUgtJ6Amr9baS2lRCdWVvtLTYv1ih9wrsg8R0qC3pRJjdNCwxDFb0BBAvmX74ClvYw4kd&amp;__tn__=*NK-R\" target=\"_blank\" rel=\"noopener\">#SalvemosLas2Vidas<\/a>\u00ab, expresan los vecinos de la ciudad nucleados en la p\u00e1gina de facebook <a rel=\"noreferrer noopener\" href=\"https:\/\/www.facebook.com\/Mercedes-X-La-Vida-400832430385095\/\" target=\"_blank\">\u00abMercedes x la Vida\u00bb<\/a>, parte de quienes estuvieron participando en la movilizaci\u00f3n del s\u00e1bado. <\/p>\n\n\n\n<p>Detr\u00e1s de una gran bandera celeste con la inscripci\u00f3n \u00abMarcha por la Vida\u00bb la columna reunida camin\u00f3 por las calles c\u00e9ntricas acompa\u00f1ados de bocinazos y c\u00e1nticos. Tambi\u00e9n pegaron carteles en \u00e1rboles y estructura c\u00e9ntricas que dicen \u00abSr. Presidente: No insista m\u00e1s \u00a1Los ni\u00f1os por nacer, no quieren morir!\u00bb acompa\u00f1adas es im\u00e1genes de beb\u00e9s de corta edad. <\/p>\n\n\n\n<p>El proyecto de Ley para la Interrupci\u00f3n Voluntaria del Embarazo comenzar\u00e1 a discutirse en los pr\u00f3ximos d\u00edas. El proyecto ser\u00eda analizado por las comisiones de Mujeres y Diversidad; de Legislaci\u00f3n General; de Salud; y de Legislaci\u00f3n Penal.<\/p>\n","protected":false},"excerpt":{"rendered":"<p>Sectores que se oponen a la legalizaci\u00f3n del aborto se movilizaron este s\u00e1bado en distintos puntos del pa\u00eds. El objetivo &#8230; <a title=\"La Mayor\u00eda Celeste: En Mercedes se movilizaron contra el proyecto que legaliza el aborto\" class=\"read-more\" href=\"https:\/\/www.hoymercedes.com.ar\/principal\/2020\/11\/29\/en-mercedes-se-movilizaron-contra-el-proyecto-que-legaliza-el-aborto\/\" aria-label=\"Leer m\u00e1s sobre La Mayor\u00eda Celeste: En Mercedes se movilizaron contra el proyecto que legaliza el aborto\">Leer m\u00e1s<\/a><\/p>\n","protected":false},"author":5,"featured_media":121037,"comment_status":"closed","ping_status":"open","sticky":false,"template":"","format":"standard","meta":{"_monsterinsights_skip_tracking":false,"_monsterinsights_sitenote_active":false,"_monsterinsights_sitenote_note":"","_monsterinsights_sitenote_category":0,"jetpack_post_was_ever_published":false,"_jetpack_newsletter_access":"","_jetpack_dont_email_post_to_subs":false,"_jetpack_newsletter_tier_id":0,"_jetpack_memberships_contains_paywalled_content":false,"_jetpack_memberships_contains_paid_content":false,"footnotes":"","jetpack_publicize_message":"","jetpack_publicize_feature_enabled":true,"jetpack_social_post_already_shared":true,"jetpack_social_options":{"image_generator_settings":{"template":"highway","default_image_id":0,"font":"","enabled":false},"version":2},"_wpas_customize_per_network":false},"categories":[8],"tags":[14683,17336],"class_list":["post-121033","post","type-post","status-publish","format-standard","has-post-thumbnail","hentry","category-sociedad","tag-contra-ive","tag-la-mayoria-celeste","generate-columns","tablet-grid-50","mobile-grid-100","grid-parent","grid-50"],"jetpack_publicize_connections":[],"jetpack_featured_media_url":"https:\/\/www.hoymercedes.com.ar\/principal\/wp-content\/uploads\/2020\/11\/29-mercedes-x-vida.jpg","wps_subtitle":"El s\u00e1bado por la tarde","jetpack_sharing_enabled":true,"_links":{"self":[{"href":"https:\/\/www.hoymercedes.com.ar\/principal\/wp-json\/wp\/v2\/posts\/121033","targetHints":{"allow":["GET"]}}],"collection":[{"href":"https:\/\/www.hoymercedes.com.ar\/principal\/wp-json\/wp\/v2\/posts"}],"about":[{"href":"https:\/\/www.hoymercedes.com.ar\/principal\/wp-json\/wp\/v2\/types\/post"}],"author":[{"embeddable":true,"href":"https:\/\/www.hoymercedes.com.ar\/principal\/wp-json\/wp\/v2\/users\/5"}],"replies":[{"embeddable":true,"href":"https:\/\/www.hoymercedes.com.ar\/principal\/wp-json\/wp\/v2\/comments?post=121033"}],"version-history":[{"count":0,"href":"https:\/\/www.hoymercedes.com.ar\/principal\/wp-json\/wp\/v2\/posts\/121033\/revisions"}],"wp:featuredmedia":[{"embeddable":true,"href":"https:\/\/www.hoymercedes.com.ar\/principal\/wp-json\/wp\/v2\/media\/121037"}],"wp:attachment":[{"href":"https:\/\/www.hoymercedes.com.ar\/principal\/wp-json\/wp\/v2\/media?parent=121033"}],"wp:term":[{"taxonomy":"category","embeddable":true,"href":"https:\/\/www.hoymercedes.com.ar\/principal\/wp-json\/wp\/v2\/categories?post=121033"},{"taxonomy":"post_tag","embeddable":true,"href":"https:\/\/www.hoymercedes.com.ar\/principal\/wp-json\/wp\/v2\/tags?post=121033"}],"curies":[{"name":"wp","href":"https:\/\/api.w.org\/{rel}","templated":true}]}}