{"id":121069,"date":"2020-11-30T10:04:25","date_gmt":"2020-11-30T13:04:25","guid":{"rendered":"http:\/\/www.hoymercedes.com.ar\/principal\/?p=121069"},"modified":"2020-11-30T21:53:03","modified_gmt":"2020-12-01T00:53:03","slug":"provincia-oficializo-el-cambio-de-horario-bancario-desde-el-1-de-diciembre","status":"publish","type":"post","link":"https:\/\/www.hoymercedes.com.ar\/principal\/2020\/11\/30\/provincia-oficializo-el-cambio-de-horario-bancario-desde-el-1-de-diciembre\/","title":{"rendered":"Provincia oficializ\u00f3 el cambio de horario bancario desde el 1 de diciembre"},"content":{"rendered":"\n<p>En el decreto N\u00ba 1085\/2020 se estableci\u00f3 que\u00a0entre el 1\u00b0 de diciembre de 2020 y el 4 de abril de 2021, los horarios de ocupaci\u00f3n para el personal y de atenci\u00f3n al p\u00fablico en las entidades bancarias situadas en distintos municipios de la Provincia ser\u00e1 de 8 a 13 horas.\u00a0<\/p>\n\n\n\n<p>Esto se da luego de que \u00abel Secretario General de la Asociaci\u00f3n Bancaria, mediante nota cursada el 19 de octubre de 2020, solicit\u00f3 la modificaci\u00f3n de los horarios de apertura y cierre, como as\u00ed tambi\u00e9n el de atenci\u00f3n al p\u00fablico de las entidades bancarias, reestableci\u00e9ndose el horario de funcionamiento estival, con la finalidad de evitar la exposici\u00f3n de las\/os usuarias\/os a las altas temperaturas estacionales en todo el territorio bonaerense\u00bb.&nbsp;<\/p>\n\n\n\n<p>\u00abCon el fin de facilitar a la comunidad el desenvolvimiento adecuado a las caracter\u00edsticas propias de la actividad financiera y el cumplimiento regular de las obligaciones tributarias, en los municipios que hubieren prestado conformidad, deviene necesario modificar los horarios de funcionamiento, desde el 1\u00b0 de diciembre de 2020 y hasta el 4 de abril de 2021, de las entidades bancarias situadas en su territorio\u00bb, manifiestan en el Bolet\u00edn Oficial Bonaerense.&nbsp;<\/p>\n\n\n\n<p>Fue as\u00ed que se estableci\u00f3 que \u00abentre el 1\u00b0 de diciembre de 2020 y el 4 de abril de 2021, para las entidades bancarias situadas en los municipios comprendidos en el Anexo \u00danico (IF-2020-27641550-GDEBA-DPLYTMJGM) que forma parte del presente decreto, que&nbsp;el personal cumplir\u00e1 su jornada laboral de lunes a viernes de 7:45 a 15:15 horas, debiendo destinarse como horario de atenci\u00f3n al p\u00fablico el comprendido entre las 8:00 y las 13:00 horas\u00bb<\/p>\n\n\n\n<p>Las localidades incluidas son: 25 de Mayo; Adolfo Alsina; Adolfo Gonzales Chaves; Alberti; Arrecifes; Ayacucho; Azul; Bah\u00eda Blanca; Balcarce; Baradero; Benito Ju\u00e1rez; Berisso; Bol\u00edvar; Bragado; Brandsen; Capit\u00e1n Sarmiento; Carlos Casares; Carlos Tejedor; Carmen de Areco; Castelli; Chascom\u00fas; Chivilcoy; Col\u00f3n; Coronel de Marina L. Rosales; Coronel Dorrego; Coronel Pringles; Coronel Su\u00e1rez; Daireaux; Dolores; Ensenada; Exaltaci\u00f3n de la Cruz; y Florentino Ameghino. <\/p>\n\n\n\n<p>Tambi\u00e9n General Alvarado; General Arenales; General Belgrano; General Guido; General Juan Madariaga; General La Madrid; General Las Heras; General Lavalle; General Paz; General Pinto; General Pueyrred\u00f3n; General Rodriguez; General Viamonte; General Villegas; Guamin\u00ed; Hip\u00f3lito Yrigoyen; Jun\u00edn; La Costa; La Plata; Laprida; Las Flores; Leandro N. Alem; Lezama; Lincoln; Lober\u00eda; Lobos; Luj\u00e1n; Magdalena; Maip\u00fa; Mar Chiquita y <strong>Mercedes<\/strong>. <\/p>\n\n\n\n<p>Adem\u00e1s, cambiaran el horario en Monte; Navarro; Necochea; Olavarr\u00eda; Patagones; Pehuaj\u00f3; Pellegrini; Pergamino; Pila; Pinamar; Pu\u00e1n; Punta Indio; Ramallo; Rivadavia; Saavedra; Salliquel\u00f3; Salto; San Andr\u00e9s de Giles; San Antonio de Areco; San Cayetano; San Nicol\u00e1s; Suipacha; Tapalqu\u00e9; Tordillo; Tornquist; Tres Arroyos; Tres Lomas; y Villa Gesell.<\/p>\n\n\n\n<p><\/p>\n","protected":false},"excerpt":{"rendered":"<p>En el decreto N\u00ba 1085\/2020 se estableci\u00f3 que\u00a0entre el 1\u00b0 de diciembre de 2020 y el 4 de abril de &#8230; <a title=\"Provincia oficializ\u00f3 el cambio de horario bancario desde el 1 de diciembre\" class=\"read-more\" href=\"https:\/\/www.hoymercedes.com.ar\/principal\/2020\/11\/30\/provincia-oficializo-el-cambio-de-horario-bancario-desde-el-1-de-diciembre\/\" aria-label=\"Leer m\u00e1s sobre Provincia oficializ\u00f3 el cambio de horario bancario desde el 1 de diciembre\">Leer m\u00e1s<\/a><\/p>\n","protected":false},"author":5,"featured_media":71947,"comment_status":"closed","ping_status":"open","sticky":false,"template":"","format":"standard","meta":{"_monsterinsights_skip_tracking":false,"_monsterinsights_sitenote_active":false,"_monsterinsights_sitenote_note":"","_monsterinsights_sitenote_category":0,"jetpack_post_was_ever_published":false,"_jetpack_newsletter_access":"","_jetpack_dont_email_post_to_subs":false,"_jetpack_newsletter_tier_id":0,"_jetpack_memberships_contains_paywalled_content":false,"_jetpack_memberships_contains_paid_content":false,"footnotes":"","jetpack_publicize_message":"","jetpack_publicize_feature_enabled":true,"jetpack_social_post_already_shared":true,"jetpack_social_options":{"image_generator_settings":{"template":"highway","default_image_id":0,"font":"","enabled":false},"version":2},"_wpas_customize_per_network":false},"categories":[8],"tags":[17341,14627,17339,17340,1803],"class_list":["post-121069","post","type-post","status-publish","format-standard","has-post-thumbnail","hentry","category-sociedad","tag-bancos-bonaerenses","tag-boletin-oficial","tag-horario-bancario","tag-horario-de-verano","tag-provincia","generate-columns","tablet-grid-50","mobile-grid-100","grid-parent","grid-50"],"jetpack_publicize_connections":[],"jetpack_featured_media_url":"https:\/\/www.hoymercedes.com.ar\/principal\/wp-content\/uploads\/2018\/01\/30-banco-provincia.jpg","wps_subtitle":"De 8 a 13 horas","jetpack_sharing_enabled":true,"_links":{"self":[{"href":"https:\/\/www.hoymercedes.com.ar\/principal\/wp-json\/wp\/v2\/posts\/121069","targetHints":{"allow":["GET"]}}],"collection":[{"href":"https:\/\/www.hoymercedes.com.ar\/principal\/wp-json\/wp\/v2\/posts"}],"about":[{"href":"https:\/\/www.hoymercedes.com.ar\/principal\/wp-json\/wp\/v2\/types\/post"}],"author":[{"embeddable":true,"href":"https:\/\/www.hoymercedes.com.ar\/principal\/wp-json\/wp\/v2\/users\/5"}],"replies":[{"embeddable":true,"href":"https:\/\/www.hoymercedes.com.ar\/principal\/wp-json\/wp\/v2\/comments?post=121069"}],"version-history":[{"count":0,"href":"https:\/\/www.hoymercedes.com.ar\/principal\/wp-json\/wp\/v2\/posts\/121069\/revisions"}],"wp:featuredmedia":[{"embeddable":true,"href":"https:\/\/www.hoymercedes.com.ar\/principal\/wp-json\/wp\/v2\/media\/71947"}],"wp:attachment":[{"href":"https:\/\/www.hoymercedes.com.ar\/principal\/wp-json\/wp\/v2\/media?parent=121069"}],"wp:term":[{"taxonomy":"category","embeddable":true,"href":"https:\/\/www.hoymercedes.com.ar\/principal\/wp-json\/wp\/v2\/categories?post=121069"},{"taxonomy":"post_tag","embeddable":true,"href":"https:\/\/www.hoymercedes.com.ar\/principal\/wp-json\/wp\/v2\/tags?post=121069"}],"curies":[{"name":"wp","href":"https:\/\/api.w.org\/{rel}","templated":true}]}}