{"id":121072,"date":"2020-11-30T07:06:46","date_gmt":"2020-11-30T10:06:46","guid":{"rendered":"http:\/\/www.hoymercedes.com.ar\/principal\/?p=121072"},"modified":"2020-11-30T18:09:01","modified_gmt":"2020-11-30T21:09:01","slug":"nuevo-proyecto-de-ordenanza-contra-mega-granjas-porcinas","status":"publish","type":"post","link":"https:\/\/www.hoymercedes.com.ar\/principal\/2020\/11\/30\/nuevo-proyecto-de-ordenanza-contra-mega-granjas-porcinas\/","title":{"rendered":"Nuevo proyecto de ordenanza contra mega-granjas porcinas"},"content":{"rendered":"\n<p>El pasado jueves 26 de noviembre, miembros de la AMA (Asamblea Mercedina por la Agroecologia) presentaron al Concejo Deliberante, un proyecto de ordenanza, tambi\u00e9n suscrito por S.O.S h\u00e1bitat, Tribuna Ambiental Mercedes, Asamblea Popular Mercedes, MADRe, XR Cuenca R\u00edo Luj\u00e1n, UTT, MOCASE VC y Galaxias Agroecol\u00f3gicas. <\/p>\n\n\n\n<p>El mismo exige la prohibici\u00f3n del establecimiento en nuestro partido, de granjas industriales para cr\u00eda y engorde de lechones, cachorros, capones, hembras con o sin servicio, bajo sistema de producci\u00f3n intensiva, que se derive del Memor\u00e1ndum Porcino de nuestro pa\u00eds con la Rep\u00fablica China o de caracter\u00edsticas similares.<\/p>\n\n\n\n<p>El mega plan porcino, representa un grave retroceso en materia de derechos humanos, solamente tomando como base \u201clos vol\u00famenes\u201d referidos en el informe de prensa de Canciller\u00eda, tendr\u00edamos en el horizonte del territorio de nuestro pa\u00eds una verdadera explosi\u00f3n de procesos reconocidos como atentatorios de los derechos humanos a la vida, la salud, el ambiente sano y la biodiversidad y que adem\u00e1s van a contramano de los Objetivos de Desarrollo Sostenibles asumidos en el marco del Acuerdo de Par\u00eds por el Cambio Clim\u00e1tico y el Plan Nacional de Acci\u00f3n Clim\u00e1tica.<\/p>\n\n\n\n<p>Cabe destacar que el proyecto presentado en su art\u00edculo 4\u00b0., expresa una posici\u00f3n propositiva mediante el fomento de la producci\u00f3n porcina, bajo el sistema de producci\u00f3n extensiva, semi-extensiva o mixta, cuyos procesos completos est\u00e9n sujetos a los principios de la agroecolog\u00eda.<\/p>\n","protected":false},"excerpt":{"rendered":"<p>El pasado jueves 26 de noviembre, miembros de la AMA (Asamblea Mercedina por la Agroecologia) presentaron al Concejo Deliberante, un &#8230; <a title=\"Nuevo proyecto de ordenanza contra mega-granjas porcinas\" class=\"read-more\" href=\"https:\/\/www.hoymercedes.com.ar\/principal\/2020\/11\/30\/nuevo-proyecto-de-ordenanza-contra-mega-granjas-porcinas\/\" aria-label=\"Leer m\u00e1s sobre Nuevo proyecto de ordenanza contra mega-granjas porcinas\">Leer m\u00e1s<\/a><\/p>\n","protected":false},"author":5,"featured_media":121073,"comment_status":"closed","ping_status":"open","sticky":false,"template":"","format":"standard","meta":{"_monsterinsights_skip_tracking":false,"_monsterinsights_sitenote_active":false,"_monsterinsights_sitenote_note":"","_monsterinsights_sitenote_category":0,"jetpack_post_was_ever_published":false,"_jetpack_newsletter_access":"","_jetpack_dont_email_post_to_subs":false,"_jetpack_newsletter_tier_id":0,"_jetpack_memberships_contains_paywalled_content":false,"_jetpack_memberships_contains_paid_content":false,"footnotes":"","jetpack_publicize_message":"","jetpack_publicize_feature_enabled":true,"jetpack_social_post_already_shared":true,"jetpack_social_options":{"image_generator_settings":{"template":"highway","default_image_id":0,"font":"","enabled":false},"version":2},"_wpas_customize_per_network":false},"categories":[5],"tags":[9947,13658,8955],"class_list":["post-121072","post","type-post","status-publish","format-standard","has-post-thumbnail","hentry","category-politica","tag-agroecologia","tag-ama","tag-proyecto-de-ordenanza","generate-columns","tablet-grid-50","mobile-grid-100","grid-parent","grid-50"],"jetpack_publicize_connections":[],"jetpack_featured_media_url":"https:\/\/www.hoymercedes.com.ar\/principal\/wp-content\/uploads\/2020\/11\/unnamed-1.jpg","wps_subtitle":"Presentado ante el HCD","jetpack_sharing_enabled":true,"_links":{"self":[{"href":"https:\/\/www.hoymercedes.com.ar\/principal\/wp-json\/wp\/v2\/posts\/121072","targetHints":{"allow":["GET"]}}],"collection":[{"href":"https:\/\/www.hoymercedes.com.ar\/principal\/wp-json\/wp\/v2\/posts"}],"about":[{"href":"https:\/\/www.hoymercedes.com.ar\/principal\/wp-json\/wp\/v2\/types\/post"}],"author":[{"embeddable":true,"href":"https:\/\/www.hoymercedes.com.ar\/principal\/wp-json\/wp\/v2\/users\/5"}],"replies":[{"embeddable":true,"href":"https:\/\/www.hoymercedes.com.ar\/principal\/wp-json\/wp\/v2\/comments?post=121072"}],"version-history":[{"count":0,"href":"https:\/\/www.hoymercedes.com.ar\/principal\/wp-json\/wp\/v2\/posts\/121072\/revisions"}],"wp:featuredmedia":[{"embeddable":true,"href":"https:\/\/www.hoymercedes.com.ar\/principal\/wp-json\/wp\/v2\/media\/121073"}],"wp:attachment":[{"href":"https:\/\/www.hoymercedes.com.ar\/principal\/wp-json\/wp\/v2\/media?parent=121072"}],"wp:term":[{"taxonomy":"category","embeddable":true,"href":"https:\/\/www.hoymercedes.com.ar\/principal\/wp-json\/wp\/v2\/categories?post=121072"},{"taxonomy":"post_tag","embeddable":true,"href":"https:\/\/www.hoymercedes.com.ar\/principal\/wp-json\/wp\/v2\/tags?post=121072"}],"curies":[{"name":"wp","href":"https:\/\/api.w.org\/{rel}","templated":true}]}}