{"id":121078,"date":"2020-11-30T15:36:32","date_gmt":"2020-11-30T18:36:32","guid":{"rendered":"http:\/\/www.hoymercedes.com.ar\/principal\/?p=121078"},"modified":"2020-11-30T18:46:23","modified_gmt":"2020-11-30T21:46:23","slug":"familiares-y-amigos-de-jesus-miranda-pidieron-justicia-ante-la-fiscalia","status":"publish","type":"post","link":"https:\/\/www.hoymercedes.com.ar\/principal\/2020\/11\/30\/familiares-y-amigos-de-jesus-miranda-pidieron-justicia-ante-la-fiscalia\/","title":{"rendered":"Familiares y amigos de Jes\u00fas Miranda pidieron justicia ante la Fiscal\u00eda"},"content":{"rendered":"\n<p>Promediando la ma\u00f1ana de este lunes, familiares y amigos de Jes\u00fas \u00abEl Tucu\u00bb Miranda se dieron cita en la esquina de 26 y 37, sede principal del Ministerio P\u00fablico Fiscal del Depto. Judicial Mercedes. Claudia De Marco, madre de Jes\u00fas, se reuni\u00f3 con el fiscal Masson, quien lleva adelante la investigaci\u00f3n, y le pidi\u00f3 que cambien la car\u00e1tula. <\/p>\n\n\n\n<figure class=\"wp-block-embed-youtube wp-block-embed is-type-video is-provider-youtube wp-embed-aspect-16-9 wp-has-aspect-ratio\"><div class=\"wp-block-embed__wrapper\">\n<span class=\"embed-youtube\" style=\"text-align:center; display: block;\"><iframe loading=\"lazy\" class=\"youtube-player\" width=\"1200\" height=\"675\" src=\"https:\/\/www.youtube.com\/embed\/qFPpaKL_tec?version=3&#038;rel=1&#038;showsearch=0&#038;showinfo=1&#038;iv_load_policy=1&#038;fs=1&#038;hl=es-ES&#038;autohide=2&#038;wmode=transparent\" allowfullscreen=\"true\" style=\"border:0;\" sandbox=\"allow-scripts allow-same-origin allow-popups allow-presentation allow-popups-to-escape-sandbox\"><\/iframe><\/span>\n<\/div><\/figure>\n\n\n\n<p>Mientas Claudia esta en la UFI 4, la madre de la hija de 3 a\u00f1os de Jesus, Daiana Azambullo, y un t\u00edo Daniel \u00c1vila, contaron que Miranda estaba en una fiesta y llev\u00f3 a unos primos para despu\u00e9s volver a la fiesta. Esto acompa\u00f1ado de una mujer, ex pareja del acusado Pablo Castro. El imputado lo habr\u00eda \u00abencerrado\u00bb con su moto haciendo que el veh\u00edculo cayese en una zanja y luego lo atac\u00f3 con un cuchillo de carnicer\u00eda. De un solo puntazo, lo hiri\u00f3 en un lugar que hizo que \u00abEl Tucu\u00bb se desangre y fallezca en pocos minutos. <\/p>\n\n\n\n<div class=\"wp-block-image\"><figure class=\"aligncenter size-large\"><img loading=\"lazy\" decoding=\"async\" width=\"800\" height=\"533\" data-attachment-id=\"121084\" data-permalink=\"https:\/\/www.hoymercedes.com.ar\/principal\/2020\/11\/30\/familiares-y-amigos-de-jesus-miranda-pidieron-justicia-ante-la-fiscalia\/30-miranda\/#main\" data-orig-file=\"https:\/\/www.hoymercedes.com.ar\/principal\/wp-content\/uploads\/2020\/11\/30-miranda.jpg\" data-orig-size=\"800,533\" data-comments-opened=\"0\" data-image-meta=\"{&quot;aperture&quot;:&quot;2&quot;,&quot;credit&quot;:&quot;&quot;,&quot;camera&quot;:&quot;Moto G (5S) Plus&quot;,&quot;caption&quot;:&quot;&quot;,&quot;created_timestamp&quot;:&quot;1606735411&quot;,&quot;copyright&quot;:&quot;&quot;,&quot;focal_length&quot;:&quot;3.59&quot;,&quot;iso&quot;:&quot;103&quot;,&quot;shutter_speed&quot;:&quot;0.01&quot;,&quot;title&quot;:&quot;&quot;,&quot;orientation&quot;:&quot;1&quot;}\" data-image-title=\"30 miranda\" data-image-description=\"\" data-image-caption=\"\" data-large-file=\"https:\/\/www.hoymercedes.com.ar\/principal\/wp-content\/uploads\/2020\/11\/30-miranda.jpg\" src=\"https:\/\/www.hoymercedes.com.ar\/principal\/wp-content\/uploads\/2020\/11\/30-miranda.jpg\" alt=\"\" class=\"wp-image-121084\" srcset=\"https:\/\/www.hoymercedes.com.ar\/principal\/wp-content\/uploads\/2020\/11\/30-miranda.jpg 800w, https:\/\/www.hoymercedes.com.ar\/principal\/wp-content\/uploads\/2020\/11\/30-miranda-630x420.jpg 630w, https:\/\/www.hoymercedes.com.ar\/principal\/wp-content\/uploads\/2020\/11\/30-miranda-150x100.jpg 150w, https:\/\/www.hoymercedes.com.ar\/principal\/wp-content\/uploads\/2020\/11\/30-miranda-700x465.jpg 700w\" sizes=\"auto, (max-width: 800px) 100vw, 800px\" \/><\/figure><\/div>\n","protected":false},"excerpt":{"rendered":"<p>Promediando la ma\u00f1ana de este lunes, familiares y amigos de Jes\u00fas \u00abEl Tucu\u00bb Miranda se dieron cita en la esquina &#8230; <a title=\"Familiares y amigos de Jes\u00fas Miranda pidieron justicia ante la Fiscal\u00eda\" class=\"read-more\" href=\"https:\/\/www.hoymercedes.com.ar\/principal\/2020\/11\/30\/familiares-y-amigos-de-jesus-miranda-pidieron-justicia-ante-la-fiscalia\/\" aria-label=\"Leer m\u00e1s sobre Familiares y amigos de Jes\u00fas Miranda pidieron justicia ante la Fiscal\u00eda\">Leer m\u00e1s<\/a><\/p>\n","protected":false},"author":5,"featured_media":121083,"comment_status":"closed","ping_status":"open","sticky":false,"template":"","format":"standard","meta":{"_monsterinsights_skip_tracking":false,"_monsterinsights_sitenote_active":false,"_monsterinsights_sitenote_note":"","_monsterinsights_sitenote_category":0,"jetpack_post_was_ever_published":false,"_jetpack_newsletter_access":"","_jetpack_dont_email_post_to_subs":false,"_jetpack_newsletter_tier_id":0,"_jetpack_memberships_contains_paywalled_content":false,"_jetpack_memberships_contains_paid_content":false,"footnotes":"","jetpack_publicize_message":"","jetpack_publicize_feature_enabled":true,"jetpack_social_post_already_shared":true,"jetpack_social_options":{"image_generator_settings":{"template":"highway","default_image_id":0,"font":"","enabled":false},"version":2},"_wpas_customize_per_network":false},"categories":[85],"tags":[10581,9351,17337,9180],"class_list":["post-121078","post","type-post","status-publish","format-standard","has-post-thumbnail","hentry","category-policial","tag-fiscalia","tag-homicidio","tag-jesus-miranda","tag-marcha","generate-columns","tablet-grid-50","mobile-grid-100","grid-parent","grid-50"],"jetpack_publicize_connections":[],"jetpack_featured_media_url":"https:\/\/www.hoymercedes.com.ar\/principal\/wp-content\/uploads\/2020\/11\/30-miranda-1.jpg","wps_subtitle":"Durante la ma\u00f1ana del lunes","jetpack_sharing_enabled":true,"_links":{"self":[{"href":"https:\/\/www.hoymercedes.com.ar\/principal\/wp-json\/wp\/v2\/posts\/121078","targetHints":{"allow":["GET"]}}],"collection":[{"href":"https:\/\/www.hoymercedes.com.ar\/principal\/wp-json\/wp\/v2\/posts"}],"about":[{"href":"https:\/\/www.hoymercedes.com.ar\/principal\/wp-json\/wp\/v2\/types\/post"}],"author":[{"embeddable":true,"href":"https:\/\/www.hoymercedes.com.ar\/principal\/wp-json\/wp\/v2\/users\/5"}],"replies":[{"embeddable":true,"href":"https:\/\/www.hoymercedes.com.ar\/principal\/wp-json\/wp\/v2\/comments?post=121078"}],"version-history":[{"count":0,"href":"https:\/\/www.hoymercedes.com.ar\/principal\/wp-json\/wp\/v2\/posts\/121078\/revisions"}],"wp:featuredmedia":[{"embeddable":true,"href":"https:\/\/www.hoymercedes.com.ar\/principal\/wp-json\/wp\/v2\/media\/121083"}],"wp:attachment":[{"href":"https:\/\/www.hoymercedes.com.ar\/principal\/wp-json\/wp\/v2\/media?parent=121078"}],"wp:term":[{"taxonomy":"category","embeddable":true,"href":"https:\/\/www.hoymercedes.com.ar\/principal\/wp-json\/wp\/v2\/categories?post=121078"},{"taxonomy":"post_tag","embeddable":true,"href":"https:\/\/www.hoymercedes.com.ar\/principal\/wp-json\/wp\/v2\/tags?post=121078"}],"curies":[{"name":"wp","href":"https:\/\/api.w.org\/{rel}","templated":true}]}}