{"id":121088,"date":"2020-11-29T16:19:53","date_gmt":"2020-11-29T19:19:53","guid":{"rendered":"http:\/\/www.hoymercedes.com.ar\/principal\/?p=121088"},"modified":"2020-11-30T18:05:36","modified_gmt":"2020-11-30T21:05:36","slug":"campana-de-seguridad-vial-con-participacion-del-tano-veron","status":"publish","type":"post","link":"https:\/\/www.hoymercedes.com.ar\/principal\/2020\/11\/29\/campana-de-seguridad-vial-con-participacion-del-tano-veron\/","title":{"rendered":"Campa\u00f1a de seguridad vial con participaci\u00f3n del Tano Ver\u00f3n"},"content":{"rendered":"\n<p>Se concret\u00f3 una nueva etapa de la campa\u00f1a de concientizaci\u00f3n de seguridad vial y uso del caso. En esta ocasi\u00f3n con una \u201cmovida art\u00edstica\u201d junto al \u201cTano Ver\u00f3n\u201d. Se enmarca en la presentaci\u00f3n que tiempo atr\u00e1s efectu\u00f3 el intendente Ustarroz y el Ministro De Pedro con la Agencia Nacional de Seguridad Vial. \u201cEs sumamente importante este tipo de intervenciones\u201d destac\u00f3 el jefe comunal, Juan Ignacio Ustarroz. \u00a0<\/p>\n\n\n\n<p>Ver\u00f3n coment\u00f3 que \u201cestoy muy contento de formar parte de esta campa\u00f1a de concientizaci\u00f3n del uso del casco, me parece que es muy importante que j\u00f3venes, adultos, mayores, que todos entendamos la importancia del uso del casco\u201d y coment\u00f3 que \u201cadem\u00e1s de hacerlo con uno mismo hace bien a la sociedad y como dice ac\u00e1, en el arte que estamos desplegando por toda la ciudad, es por tu bien, por tu vida, por vos mismo, creo que es importante entender que el casco ayuda a nivel sociedad, que debemos evitar la falta de responsabilidades al manejar\u201d &nbsp;<\/p>\n\n\n\n<p>El \u201ctanto para uno como para el vecino, por eso estoy muy contento de poder colaborar en mi ciudad\u201d manifest\u00f3 el artista de renombre nacional y que es oriundo de nuestra localidad.&nbsp;<\/p>\n\n\n\n<p>Por su parte, Gonzalo Anselmo, sub secretario de seguridad municipal, inform\u00f3 que \u201cdesde la Secretar\u00eda de Seguridad estamos muy contentos de llevar a cabo una acci\u00f3n m\u00e1s dentro de la campa\u00f1a de concientizaci\u00f3n vial que venimos elaborando junto a la Agencia de Seguridad Vial Nacional y en este caso con la grata presencia del Tano Ver\u00f3n, un artista sumamente reconocido a lo largo y ancho de nuestro pa\u00eds, con un mensaje que es la concientizaci\u00f3n vial y fundamentalmente haciendo hincapi\u00e9 en el uso del casco para reducir los siniestros viales y fundamentalmente que no debamos padecer m\u00e1s muertes por la falta de casco.\u201d Sostuvo.&nbsp;<\/p>\n\n\n\n<p>Tambi\u00e9n coment\u00f3 que \u201cpor eso una vez m\u00e1s nos convocamos a todos como sociedad a reflexionar sobre la importancia del uso del caco\u201d destacando que \u201cestamos muy agradecidos al ministro Wado de Pedro, que siempre nos acompa\u00f1a y acompa\u00f1\u00f3 en este proceso, en este v\u00ednculo con la Agencia Nacional, donde recordemos que fue hace unos meses que con su presencia pudimos lanzar este programa que nos permite capacitarnos, hacer operativos, campa\u00f1as, equiparnos, promocionar, prevenir, es de gran importancia para esta tarea que realizamos\u201d.&nbsp;<\/p>\n","protected":false},"excerpt":{"rendered":"<p>Se concret\u00f3 una nueva etapa de la campa\u00f1a de concientizaci\u00f3n de seguridad vial y uso del caso. En esta ocasi\u00f3n &#8230; <a title=\"Campa\u00f1a de seguridad vial con participaci\u00f3n del Tano Ver\u00f3n\" class=\"read-more\" href=\"https:\/\/www.hoymercedes.com.ar\/principal\/2020\/11\/29\/campana-de-seguridad-vial-con-participacion-del-tano-veron\/\" aria-label=\"Leer m\u00e1s sobre Campa\u00f1a de seguridad vial con participaci\u00f3n del Tano Ver\u00f3n\">Leer m\u00e1s<\/a><\/p>\n","protected":false},"author":1,"featured_media":121089,"comment_status":"closed","ping_status":"open","sticky":false,"template":"","format":"standard","meta":{"_monsterinsights_skip_tracking":false,"_monsterinsights_sitenote_active":false,"_monsterinsights_sitenote_note":"","_monsterinsights_sitenote_category":0,"jetpack_post_was_ever_published":false,"_jetpack_newsletter_access":"","_jetpack_dont_email_post_to_subs":false,"_jetpack_newsletter_tier_id":0,"_jetpack_memberships_contains_paywalled_content":false,"_jetpack_memberships_contains_paid_content":false,"footnotes":"","jetpack_publicize_message":"","jetpack_publicize_feature_enabled":true,"jetpack_social_post_already_shared":true,"jetpack_social_options":{"image_generator_settings":{"template":"highway","default_image_id":0,"font":"","enabled":false},"version":2},"_wpas_customize_per_network":false},"categories":[30],"tags":[7805,244,626,9175],"class_list":["post-121088","post","type-post","status-publish","format-standard","has-post-thumbnail","hentry","category-municipio","tag-cultura","tag-municipio-2","tag-seguridad-vial","tag-tano-veron","generate-columns","tablet-grid-50","mobile-grid-100","grid-parent","grid-50"],"jetpack_publicize_connections":[],"jetpack_featured_media_url":"https:\/\/www.hoymercedes.com.ar\/principal\/wp-content\/uploads\/2020\/11\/30-tano-veron.jpg","wps_subtitle":"Arte y prevenci\u00f3n","jetpack_sharing_enabled":true,"_links":{"self":[{"href":"https:\/\/www.hoymercedes.com.ar\/principal\/wp-json\/wp\/v2\/posts\/121088","targetHints":{"allow":["GET"]}}],"collection":[{"href":"https:\/\/www.hoymercedes.com.ar\/principal\/wp-json\/wp\/v2\/posts"}],"about":[{"href":"https:\/\/www.hoymercedes.com.ar\/principal\/wp-json\/wp\/v2\/types\/post"}],"author":[{"embeddable":true,"href":"https:\/\/www.hoymercedes.com.ar\/principal\/wp-json\/wp\/v2\/users\/1"}],"replies":[{"embeddable":true,"href":"https:\/\/www.hoymercedes.com.ar\/principal\/wp-json\/wp\/v2\/comments?post=121088"}],"version-history":[{"count":0,"href":"https:\/\/www.hoymercedes.com.ar\/principal\/wp-json\/wp\/v2\/posts\/121088\/revisions"}],"wp:featuredmedia":[{"embeddable":true,"href":"https:\/\/www.hoymercedes.com.ar\/principal\/wp-json\/wp\/v2\/media\/121089"}],"wp:attachment":[{"href":"https:\/\/www.hoymercedes.com.ar\/principal\/wp-json\/wp\/v2\/media?parent=121088"}],"wp:term":[{"taxonomy":"category","embeddable":true,"href":"https:\/\/www.hoymercedes.com.ar\/principal\/wp-json\/wp\/v2\/categories?post=121088"},{"taxonomy":"post_tag","embeddable":true,"href":"https:\/\/www.hoymercedes.com.ar\/principal\/wp-json\/wp\/v2\/tags?post=121088"}],"curies":[{"name":"wp","href":"https:\/\/api.w.org\/{rel}","templated":true}]}}