{"id":121100,"date":"2020-11-30T06:18:45","date_gmt":"2020-11-30T09:18:45","guid":{"rendered":"http:\/\/www.hoymercedes.com.ar\/principal\/?p=121100"},"modified":"2020-11-30T18:07:33","modified_gmt":"2020-11-30T21:07:33","slug":"reunion-tecnica-y-de-planificacion-obras-en-rio-lujan-en-ministerio-de-infraestructura","status":"publish","type":"post","link":"https:\/\/www.hoymercedes.com.ar\/principal\/2020\/11\/30\/reunion-tecnica-y-de-planificacion-obras-en-rio-lujan-en-ministerio-de-infraestructura\/","title":{"rendered":"Reuni\u00f3n t\u00e9cnica y de planificaci\u00f3n obras en R\u00edo Luj\u00e1n en Ministerio de Infraestructura"},"content":{"rendered":"\n<p>Fuente: Prensa Municipal &#8211; Tras la firma del convenio por obras en la cuenca del R\u00edo Luj\u00e1n realizado en Casa Rosa por el presidente Fern\u00e1ndez de la cual particip\u00f3 el intendente Ustarroz se concret\u00f3 una nueva reuni\u00f3n para avanzar en planificaciones y aspectos t\u00e9cnicos inherentes a las pr\u00f3ximas intervenciones. <\/p>\n\n\n\n<p>El jefe comunal de Mercedes Juan Ignacio Ustarroz se reuni\u00f3 con el Ing. Guillermo Jelinski, Subsecretar\u00edo de Recursos H\u00eddricos, Diego Men\u00e9ndez, Jefe de Gabinete, e Ignacio Negroni,\u00a0Subsecretario de Planificaci\u00f3n y Evaluaci\u00f3n\u00a0del Ministerio de Infraestructura de la Provincia de Buenos Aires, entre otros integrantes de los equipos de trabajo. \u00a0<\/p>\n\n\n\n<p>Con el objetivo de planificar las acciones a desplegar se gener\u00f3 un encuentro con equipos t\u00e9cnicos y de gesti\u00f3n en las dependencias del Ministerio de Infraestructura y Servicios P\u00fablicos de la Provincia de Buenos Aires a cargo del ministro Lic. Agust\u00edn Simone. &nbsp;<\/p>\n\n\n\n<p>Ustarroz destac\u00f3 que \u201ccumpliendo los compromisos asumidos por el presidente Fern\u00e1ndez y el gobernador Kicillof participamos de una importante reuni\u00f3n planificando y proyectando obras en el R\u00edo Luj\u00e1n\u201d destacando que \u201cel cuidado ambiental y de las poblaciones aleda\u00f1as es una prioridad\u201d, como as\u00ed tambi\u00e9n el respeto a la biodiversidad y naturaleza nativa. &nbsp;<\/p>\n\n\n\n<p>Vale recordar que d\u00edas atr\u00e1s se anunci\u00f3 desde Casa Rosada y se trata de un proyecto para la implementaci\u00f3n del Plan de Manejo Integral de la Cuenca del R\u00edo Luj\u00e1n tiene un plazo de ejecuci\u00f3n de cuatro a\u00f1os, y consiste en la realizaci\u00f3n de obras de infraestructura para prevenir las crecidas y controlar los caudales del r\u00edo Luj\u00e1n en los municipios de Chacabuco, Luj\u00e1n, Mercedes, San Andr\u00e9s de Giles y Suipacha. &nbsp;<\/p>\n\n\n\n<p>El jefe comunal tambi\u00e9n destac\u00f3 que \u201cel cuidado ambiental y de las poblaciones aleda\u00f1as es una prioridad\u201d&nbsp;&nbsp;<\/p>\n","protected":false},"excerpt":{"rendered":"<p>Fuente: Prensa Municipal &#8211; Tras la firma del convenio por obras en la cuenca del R\u00edo Luj\u00e1n realizado en Casa &#8230; <a title=\"Reuni\u00f3n t\u00e9cnica y de planificaci\u00f3n obras en R\u00edo Luj\u00e1n en Ministerio de Infraestructura\" class=\"read-more\" href=\"https:\/\/www.hoymercedes.com.ar\/principal\/2020\/11\/30\/reunion-tecnica-y-de-planificacion-obras-en-rio-lujan-en-ministerio-de-infraestructura\/\" aria-label=\"Leer m\u00e1s sobre Reuni\u00f3n t\u00e9cnica y de planificaci\u00f3n obras en R\u00edo Luj\u00e1n en Ministerio de Infraestructura\">Leer m\u00e1s<\/a><\/p>\n","protected":false},"author":1,"featured_media":121101,"comment_status":"closed","ping_status":"open","sticky":false,"template":"","format":"standard","meta":{"_monsterinsights_skip_tracking":false,"_monsterinsights_sitenote_active":false,"_monsterinsights_sitenote_note":"","_monsterinsights_sitenote_category":0,"jetpack_post_was_ever_published":false,"_jetpack_newsletter_access":"","_jetpack_dont_email_post_to_subs":false,"_jetpack_newsletter_tier_id":0,"_jetpack_memberships_contains_paywalled_content":false,"_jetpack_memberships_contains_paid_content":false,"footnotes":"","jetpack_publicize_message":"","jetpack_publicize_feature_enabled":true,"jetpack_social_post_already_shared":true,"jetpack_social_options":{"image_generator_settings":{"template":"highway","default_image_id":0,"font":"","enabled":false},"version":2},"_wpas_customize_per_network":false},"categories":[30],"tags":[244,1803,402],"class_list":["post-121100","post","type-post","status-publish","format-standard","has-post-thumbnail","hentry","category-municipio","tag-municipio-2","tag-provincia","tag-rio-lujan","generate-columns","tablet-grid-50","mobile-grid-100","grid-parent","grid-50"],"jetpack_publicize_connections":[],"jetpack_featured_media_url":"https:\/\/www.hoymercedes.com.ar\/principal\/wp-content\/uploads\/2020\/11\/30-muni-planif.jpg","wps_subtitle":"Encuentro con funcionarios provinciales","jetpack_sharing_enabled":true,"_links":{"self":[{"href":"https:\/\/www.hoymercedes.com.ar\/principal\/wp-json\/wp\/v2\/posts\/121100","targetHints":{"allow":["GET"]}}],"collection":[{"href":"https:\/\/www.hoymercedes.com.ar\/principal\/wp-json\/wp\/v2\/posts"}],"about":[{"href":"https:\/\/www.hoymercedes.com.ar\/principal\/wp-json\/wp\/v2\/types\/post"}],"author":[{"embeddable":true,"href":"https:\/\/www.hoymercedes.com.ar\/principal\/wp-json\/wp\/v2\/users\/1"}],"replies":[{"embeddable":true,"href":"https:\/\/www.hoymercedes.com.ar\/principal\/wp-json\/wp\/v2\/comments?post=121100"}],"version-history":[{"count":0,"href":"https:\/\/www.hoymercedes.com.ar\/principal\/wp-json\/wp\/v2\/posts\/121100\/revisions"}],"wp:featuredmedia":[{"embeddable":true,"href":"https:\/\/www.hoymercedes.com.ar\/principal\/wp-json\/wp\/v2\/media\/121101"}],"wp:attachment":[{"href":"https:\/\/www.hoymercedes.com.ar\/principal\/wp-json\/wp\/v2\/media?parent=121100"}],"wp:term":[{"taxonomy":"category","embeddable":true,"href":"https:\/\/www.hoymercedes.com.ar\/principal\/wp-json\/wp\/v2\/categories?post=121100"},{"taxonomy":"post_tag","embeddable":true,"href":"https:\/\/www.hoymercedes.com.ar\/principal\/wp-json\/wp\/v2\/tags?post=121100"}],"curies":[{"name":"wp","href":"https:\/\/api.w.org\/{rel}","templated":true}]}}