{"id":121104,"date":"2020-11-29T18:35:09","date_gmt":"2020-11-29T21:35:09","guid":{"rendered":"http:\/\/www.hoymercedes.com.ar\/principal\/?p=121104"},"modified":"2020-11-30T18:06:53","modified_gmt":"2020-11-30T21:06:53","slug":"ustarroz-se-reunio-con-la-directora-nacional-de-desarrollo-regional-de-la-nacion","status":"publish","type":"post","link":"https:\/\/www.hoymercedes.com.ar\/principal\/2020\/11\/29\/ustarroz-se-reunio-con-la-directora-nacional-de-desarrollo-regional-de-la-nacion\/","title":{"rendered":"Ustarroz se reuni\u00f3 con la Directora Nacional de Desarrollo Regional de la Naci\u00f3n"},"content":{"rendered":"\n<p>El intendente Juan Ignacio Ustarroz se reuni\u00f3 con la Directora Nacional de Desarrollo Regional de la Naci\u00f3n, Mercedes La Gioiosa, con quienes avanzaron en la planificaci\u00f3n de la implementaci\u00f3n de programas y proyectos de promoci\u00f3n del trabajo y el impulso industrial. La reuni\u00f3n que se realiz\u00f3 en el\u00a0Ministerio de Desarrollo Productivo\u00a0de la Naci\u00f3n en las instalaciones de la mencionada Direcci\u00f3n. \u00a0<\/p>\n\n\n\n<p>Al respecto, el jefe comunal coment\u00f3 que \u201cnos reunimos con Mercedes La Gioiosa para continuar planificando la implementaci\u00f3n de pol\u00edticas de promoci\u00f3n del trabajo y desarrollo industrial, teniendo presente la importancia del Sector Industrial Planificado de nuestra ciudad\u201d y destac\u00f3 que con estas reuniones \u201cseguimos planificando en torno a las pol\u00edticas impulsadas por nuestro presidente Fern\u00e1ndez\u201d &nbsp;<\/p>\n\n\n\n<p>Por su parte, la Gioiosa, afirm\u00f3 respecto al encuentro que \u201cavanzamos en una importante agenda de trabajo para acompa\u00f1ar el desarrollo industrial de Mercedes y la regi\u00f3n, brindando apoyo con los instrumentos del Programa Nacional para el Desarrollo de Parques Industriales del Ministerio de Desarrollo Productivo\u201d coment\u00f3 y rescat\u00f3 que es una \u201cherramienta central para la reactivaci\u00f3n econ\u00f3mica del pa\u00eds\u201d &nbsp;<\/p>\n\n\n\n<p>El encuentro con la funcionaria del ministerio que conduce Mat\u00edas Kulfas para articular detalles toma especial dimensi\u00f3n tras las \u00faltimas semanas donde se firm\u00f3 desde la Municipalidad la venta de tres parcelas para que distintas empresas empiecen a desarrollar tareas productivas en Mercedes, mostrando un claro crecimiento del sector. \u00a0<\/p>\n\n\n\n<p>Fuente: Prensa Municipal<\/p>\n","protected":false},"excerpt":{"rendered":"<p>El intendente Juan Ignacio Ustarroz se reuni\u00f3 con la Directora Nacional de Desarrollo Regional de la Naci\u00f3n, Mercedes La Gioiosa, &#8230; <a title=\"Ustarroz se reuni\u00f3 con la Directora Nacional de Desarrollo Regional de la Naci\u00f3n\" class=\"read-more\" href=\"https:\/\/www.hoymercedes.com.ar\/principal\/2020\/11\/29\/ustarroz-se-reunio-con-la-directora-nacional-de-desarrollo-regional-de-la-nacion\/\" aria-label=\"Leer m\u00e1s sobre Ustarroz se reuni\u00f3 con la Directora Nacional de Desarrollo Regional de la Naci\u00f3n\">Leer m\u00e1s<\/a><\/p>\n","protected":false},"author":1,"featured_media":121105,"comment_status":"closed","ping_status":"open","sticky":false,"template":"","format":"standard","meta":{"_monsterinsights_skip_tracking":false,"_monsterinsights_sitenote_active":false,"_monsterinsights_sitenote_note":"","_monsterinsights_sitenote_category":0,"jetpack_post_was_ever_published":false,"_jetpack_newsletter_access":"","_jetpack_dont_email_post_to_subs":false,"_jetpack_newsletter_tier_id":0,"_jetpack_memberships_contains_paywalled_content":false,"_jetpack_memberships_contains_paid_content":false,"footnotes":"","jetpack_publicize_message":"","jetpack_publicize_feature_enabled":true,"jetpack_social_post_already_shared":true,"jetpack_social_options":{"image_generator_settings":{"template":"highway","default_image_id":0,"font":"","enabled":false},"version":2},"_wpas_customize_per_network":false},"categories":[30],"tags":[244,185,8684],"class_list":["post-121104","post","type-post","status-publish","format-standard","has-post-thumbnail","hentry","category-municipio","tag-municipio-2","tag-nacion","tag-reunion","generate-columns","tablet-grid-50","mobile-grid-100","grid-parent","grid-50"],"jetpack_publicize_connections":[],"jetpack_featured_media_url":"https:\/\/www.hoymercedes.com.ar\/principal\/wp-content\/uploads\/2020\/11\/30-muni-regional.jpg","wps_subtitle":"Encuentro con Mercedes La Gioiosa","jetpack_sharing_enabled":true,"_links":{"self":[{"href":"https:\/\/www.hoymercedes.com.ar\/principal\/wp-json\/wp\/v2\/posts\/121104","targetHints":{"allow":["GET"]}}],"collection":[{"href":"https:\/\/www.hoymercedes.com.ar\/principal\/wp-json\/wp\/v2\/posts"}],"about":[{"href":"https:\/\/www.hoymercedes.com.ar\/principal\/wp-json\/wp\/v2\/types\/post"}],"author":[{"embeddable":true,"href":"https:\/\/www.hoymercedes.com.ar\/principal\/wp-json\/wp\/v2\/users\/1"}],"replies":[{"embeddable":true,"href":"https:\/\/www.hoymercedes.com.ar\/principal\/wp-json\/wp\/v2\/comments?post=121104"}],"version-history":[{"count":0,"href":"https:\/\/www.hoymercedes.com.ar\/principal\/wp-json\/wp\/v2\/posts\/121104\/revisions"}],"wp:featuredmedia":[{"embeddable":true,"href":"https:\/\/www.hoymercedes.com.ar\/principal\/wp-json\/wp\/v2\/media\/121105"}],"wp:attachment":[{"href":"https:\/\/www.hoymercedes.com.ar\/principal\/wp-json\/wp\/v2\/media?parent=121104"}],"wp:term":[{"taxonomy":"category","embeddable":true,"href":"https:\/\/www.hoymercedes.com.ar\/principal\/wp-json\/wp\/v2\/categories?post=121104"},{"taxonomy":"post_tag","embeddable":true,"href":"https:\/\/www.hoymercedes.com.ar\/principal\/wp-json\/wp\/v2\/tags?post=121104"}],"curies":[{"name":"wp","href":"https:\/\/api.w.org\/{rel}","templated":true}]}}