{"id":121119,"date":"2020-11-30T21:50:15","date_gmt":"2020-12-01T00:50:15","guid":{"rendered":"http:\/\/www.hoymercedes.com.ar\/principal\/?p=121119"},"modified":"2020-12-01T15:32:53","modified_gmt":"2020-12-01T18:32:53","slug":"coronavirus-mercedes-suma-dos-nuevos-positivos","status":"publish","type":"post","link":"https:\/\/www.hoymercedes.com.ar\/principal\/2020\/11\/30\/coronavirus-mercedes-suma-dos-nuevos-positivos\/","title":{"rendered":"Coronavirus: Mercedes suma dos nuevos positivos"},"content":{"rendered":"\n<p>De acuerdo al informe sanitario enviado por las autoridades de Mercedes, luego de la realizaci\u00f3n de 28 test confirman 2 nuevos casos positivos. Asimismo, tres pacientes obtuvieron el alta m\u00e9dica. <\/p>\n\n\n\n<div class=\"wp-block-image\"><figure class=\"aligncenter size-large\"><img loading=\"lazy\" decoding=\"async\" width=\"800\" height=\"800\" data-attachment-id=\"121120\" data-permalink=\"https:\/\/www.hoymercedes.com.ar\/principal\/2020\/11\/30\/coronavirus-mercedes-suma-dos-nuevos-positivos\/whatsapp-image-2020-11-30-at-20-57-24\/#main\" data-orig-file=\"https:\/\/www.hoymercedes.com.ar\/principal\/wp-content\/uploads\/2020\/11\/WhatsApp-Image-2020-11-30-at-20.57.24.jpeg\" data-orig-size=\"800,800\" data-comments-opened=\"0\" data-image-meta=\"{&quot;aperture&quot;:&quot;0&quot;,&quot;credit&quot;:&quot;&quot;,&quot;camera&quot;:&quot;&quot;,&quot;caption&quot;:&quot;&quot;,&quot;created_timestamp&quot;:&quot;0&quot;,&quot;copyright&quot;:&quot;&quot;,&quot;focal_length&quot;:&quot;0&quot;,&quot;iso&quot;:&quot;0&quot;,&quot;shutter_speed&quot;:&quot;0&quot;,&quot;title&quot;:&quot;&quot;,&quot;orientation&quot;:&quot;0&quot;}\" data-image-title=\"WhatsApp Image 2020-11-30 at 20.57.24\" data-image-description=\"\" data-image-caption=\"\" data-large-file=\"https:\/\/www.hoymercedes.com.ar\/principal\/wp-content\/uploads\/2020\/11\/WhatsApp-Image-2020-11-30-at-20.57.24.jpeg\" src=\"https:\/\/www.hoymercedes.com.ar\/principal\/wp-content\/uploads\/2020\/11\/WhatsApp-Image-2020-11-30-at-20.57.24.jpeg\" alt=\"\" class=\"wp-image-121120\" srcset=\"https:\/\/www.hoymercedes.com.ar\/principal\/wp-content\/uploads\/2020\/11\/WhatsApp-Image-2020-11-30-at-20.57.24.jpeg 800w, https:\/\/www.hoymercedes.com.ar\/principal\/wp-content\/uploads\/2020\/11\/WhatsApp-Image-2020-11-30-at-20.57.24-620x620.jpeg 620w, https:\/\/www.hoymercedes.com.ar\/principal\/wp-content\/uploads\/2020\/11\/WhatsApp-Image-2020-11-30-at-20.57.24-150x150.jpeg 150w\" sizes=\"auto, (max-width: 800px) 100vw, 800px\" \/><\/figure><\/div>\n\n\n\n<p>Informe nacional: Fueron confirmados 5.726 nuevos casos de COVID-19. Con estos registros, suman 1.424.533 positivos en el pa\u00eds, de los cuales 1.257.227 son pacientes recuperados y 128.576 son casos confirmados activos. En las \u00faltimas 24 hs fueron realizados 19.291 testeos y desde el inicio del brote se realizaron 3.892.522 pruebas diagn\u00f3sticas para esta enfermedad, lo que equivale a 85.782 muestras por mill\u00f3n de habitantes.<\/p>\n\n\n\n<p>En las \u00faltimas 24 horas, se notificaron 257 nuevas muertes, son 143 hombres y 113 mujeres. Al momento la cantidad de personas fallecidas es 38.730. Una perosna notificada como fallecida residente en la provincia de Buenos Aires no registra dato de sexo.<\/p>\n\n\n\n<p>Detalle por provincia (N\u00ba de confirmados | N\u00ba de acumulados): Buenos Aires 1.455 | 618.726; Ciudad de Buenos Aires 321 | 158.805; Catamarca 17 | 1.867; Chaco 236 | 19.357; Chubut 220 | 22.851; Corrientes 295 | 7.098; C\u00f3rdoba 350 | 114.207; Entre R\u00edos 116 | 23.365; Formosa 0 | 182; Jujuy 11 | 18.381; La Pampa 60 | 5.770; La Rioja 28 | 8.722; Mendoza 151 | 56.546; Misiones 5 | 500; Neuqu\u00e9n 228 | 32.068; R\u00edo Negro 184 | 31.705; Salta 19 | 21.159; San Juan 147 | 7.466; San Luis 167 | 14.455; Santa Cruz 154 | 15.926; Santa Fe 1.115 | 147.620; Santiago del Estero 53 | 15.643; Tierra del Fuego 91 | 16.183 y Tucum\u00e1n 303 | 65.933<\/p>\n","protected":false},"excerpt":{"rendered":"<p>De acuerdo al informe sanitario enviado por las autoridades de Mercedes, luego de la realizaci\u00f3n de 28 test confirman 2 &#8230; <a title=\"Coronavirus: Mercedes suma dos nuevos positivos\" class=\"read-more\" href=\"https:\/\/www.hoymercedes.com.ar\/principal\/2020\/11\/30\/coronavirus-mercedes-suma-dos-nuevos-positivos\/\" aria-label=\"Leer m\u00e1s sobre Coronavirus: Mercedes suma dos nuevos positivos\">Leer m\u00e1s<\/a><\/p>\n","protected":false},"author":5,"featured_media":121120,"comment_status":"closed","ping_status":"open","sticky":false,"template":"","format":"standard","meta":{"_monsterinsights_skip_tracking":false,"_monsterinsights_sitenote_active":false,"_monsterinsights_sitenote_note":"","_monsterinsights_sitenote_category":0,"jetpack_post_was_ever_published":false,"_jetpack_newsletter_access":"","_jetpack_dont_email_post_to_subs":false,"_jetpack_newsletter_tier_id":0,"_jetpack_memberships_contains_paywalled_content":false,"_jetpack_memberships_contains_paid_content":false,"footnotes":"","jetpack_publicize_message":"","jetpack_publicize_feature_enabled":true,"jetpack_social_post_already_shared":true,"jetpack_social_options":{"image_generator_settings":{"template":"highway","default_image_id":0,"font":"","enabled":false},"version":2},"_wpas_customize_per_network":false},"categories":[9791],"tags":[16561,16175,16313,17351],"class_list":["post-121119","post","type-post","status-publish","format-standard","has-post-thumbnail","hentry","category-salud","tag-cierre-del-dia","tag-coronavirus","tag-covid-19","tag-nuevos-positivos","generate-columns","tablet-grid-50","mobile-grid-100","grid-parent","grid-50"],"jetpack_publicize_connections":[],"jetpack_featured_media_url":"https:\/\/www.hoymercedes.com.ar\/principal\/wp-content\/uploads\/2020\/11\/WhatsApp-Image-2020-11-30-at-20.57.24.jpeg","wps_subtitle":"Cierre del d\u00eda","jetpack_sharing_enabled":true,"_links":{"self":[{"href":"https:\/\/www.hoymercedes.com.ar\/principal\/wp-json\/wp\/v2\/posts\/121119","targetHints":{"allow":["GET"]}}],"collection":[{"href":"https:\/\/www.hoymercedes.com.ar\/principal\/wp-json\/wp\/v2\/posts"}],"about":[{"href":"https:\/\/www.hoymercedes.com.ar\/principal\/wp-json\/wp\/v2\/types\/post"}],"author":[{"embeddable":true,"href":"https:\/\/www.hoymercedes.com.ar\/principal\/wp-json\/wp\/v2\/users\/5"}],"replies":[{"embeddable":true,"href":"https:\/\/www.hoymercedes.com.ar\/principal\/wp-json\/wp\/v2\/comments?post=121119"}],"version-history":[{"count":0,"href":"https:\/\/www.hoymercedes.com.ar\/principal\/wp-json\/wp\/v2\/posts\/121119\/revisions"}],"wp:featuredmedia":[{"embeddable":true,"href":"https:\/\/www.hoymercedes.com.ar\/principal\/wp-json\/wp\/v2\/media\/121120"}],"wp:attachment":[{"href":"https:\/\/www.hoymercedes.com.ar\/principal\/wp-json\/wp\/v2\/media?parent=121119"}],"wp:term":[{"taxonomy":"category","embeddable":true,"href":"https:\/\/www.hoymercedes.com.ar\/principal\/wp-json\/wp\/v2\/categories?post=121119"},{"taxonomy":"post_tag","embeddable":true,"href":"https:\/\/www.hoymercedes.com.ar\/principal\/wp-json\/wp\/v2\/tags?post=121119"}],"curies":[{"name":"wp","href":"https:\/\/api.w.org\/{rel}","templated":true}]}}