{"id":121153,"date":"2020-12-01T13:21:02","date_gmt":"2020-12-01T16:21:02","guid":{"rendered":"http:\/\/www.hoymercedes.com.ar\/principal\/?p=121153"},"modified":"2020-12-01T15:17:16","modified_gmt":"2020-12-01T18:17:16","slug":"entregan-subsidios-a-espacios-culturales","status":"publish","type":"post","link":"https:\/\/www.hoymercedes.com.ar\/principal\/2020\/12\/01\/entregan-subsidios-a-espacios-culturales\/","title":{"rendered":"Entregan subsidios a espacios culturales"},"content":{"rendered":"\n<p>En la tarde del lunes, se llev\u00f3 adelante una reuni\u00f3n con representantes de espacios culturales de Mercedes que desde hace pocos d\u00edas pudieron retomar con protocolos sociosanitarios sus actividades. En el marco del encuentro llevado adelante en la planta baja del Teatro Argentino Julio C. Gioscio, el municipio de Mercedes entreg\u00f3 subsidios gestionados en el Plan del Cat\u00e1logo Tur\u00edstico y Cultural. Recibieron subsidios el Teatro Tal\u00eda, el Movimiento Cultural El Limonero, SABA Centro de Arte y el Centro Cultural La Gotera entre otros.<\/p>\n\n\n\n<div class=\"wp-block-image\"><figure class=\"aligncenter size-large\"><img loading=\"lazy\" decoding=\"async\" width=\"800\" height=\"450\" data-attachment-id=\"121150\" data-permalink=\"https:\/\/www.hoymercedes.com.ar\/principal\/01-subsidio-cultura-2\/\" data-orig-file=\"https:\/\/www.hoymercedes.com.ar\/principal\/wp-content\/uploads\/2020\/12\/01-subsidio-cultura-2.jpg\" data-orig-size=\"800,450\" data-comments-opened=\"0\" data-image-meta=\"{&quot;aperture&quot;:&quot;0&quot;,&quot;credit&quot;:&quot;&quot;,&quot;camera&quot;:&quot;&quot;,&quot;caption&quot;:&quot;&quot;,&quot;created_timestamp&quot;:&quot;0&quot;,&quot;copyright&quot;:&quot;&quot;,&quot;focal_length&quot;:&quot;0&quot;,&quot;iso&quot;:&quot;0&quot;,&quot;shutter_speed&quot;:&quot;0&quot;,&quot;title&quot;:&quot;&quot;,&quot;orientation&quot;:&quot;0&quot;}\" data-image-title=\"01 subsidio cultura 2\" data-image-description=\"\" data-image-caption=\"\" data-large-file=\"https:\/\/www.hoymercedes.com.ar\/principal\/wp-content\/uploads\/2020\/12\/01-subsidio-cultura-2.jpg\" src=\"https:\/\/www.hoymercedes.com.ar\/principal\/wp-content\/uploads\/2020\/12\/01-subsidio-cultura-2.jpg\" alt=\"\" class=\"wp-image-121150\" srcset=\"https:\/\/www.hoymercedes.com.ar\/principal\/wp-content\/uploads\/2020\/12\/01-subsidio-cultura-2.jpg 800w, https:\/\/www.hoymercedes.com.ar\/principal\/wp-content\/uploads\/2020\/12\/01-subsidio-cultura-2-630x354.jpg 630w, https:\/\/www.hoymercedes.com.ar\/principal\/wp-content\/uploads\/2020\/12\/01-subsidio-cultura-2-150x84.jpg 150w\" sizes=\"auto, (max-width: 800px) 100vw, 800px\" \/><\/figure><\/div>\n\n\n\n<p>\u00abEntregamos subsidios a espacios culturales de nuestra ciudad. Este nuevo apoyo se realiza gracias al acompa\u00f1amiento de la Provincia de Buenos Aires. Seguimos trabajando unidos para acompa\u00f1arnos en este a\u00f1o dif\u00edcil y prepar\u00e1ndonos para la pos pandemia\u00bb, expresaron desde la Direcci\u00f3n de Cultura del Municipio de Mercedes.<\/p>\n","protected":false},"excerpt":{"rendered":"<p>En la tarde del lunes, se llev\u00f3 adelante una reuni\u00f3n con representantes de espacios culturales de Mercedes que desde hace &#8230; <a title=\"Entregan subsidios a espacios culturales\" class=\"read-more\" href=\"https:\/\/www.hoymercedes.com.ar\/principal\/2020\/12\/01\/entregan-subsidios-a-espacios-culturales\/\" aria-label=\"Leer m\u00e1s sobre Entregan subsidios a espacios culturales\">Leer m\u00e1s<\/a><\/p>\n","protected":false},"author":5,"featured_media":121151,"comment_status":"closed","ping_status":"open","sticky":false,"template":"","format":"standard","meta":{"_monsterinsights_skip_tracking":false,"_monsterinsights_sitenote_active":false,"_monsterinsights_sitenote_note":"","_monsterinsights_sitenote_category":0,"jetpack_post_was_ever_published":false,"_jetpack_newsletter_access":"","_jetpack_dont_email_post_to_subs":false,"_jetpack_newsletter_tier_id":0,"_jetpack_memberships_contains_paywalled_content":false,"_jetpack_memberships_contains_paid_content":false,"footnotes":"","jetpack_publicize_message":"","jetpack_publicize_feature_enabled":true,"jetpack_social_post_already_shared":true,"jetpack_social_options":{"image_generator_settings":{"template":"highway","default_image_id":0,"font":"","enabled":false},"version":2},"_wpas_customize_per_network":false},"categories":[104],"tags":[7805,9880,244,2843],"class_list":["post-121153","post","type-post","status-publish","format-standard","has-post-thumbnail","hentry","category-cultura","tag-cultura","tag-espacios-culturales","tag-municipio-2","tag-subsidio","generate-columns","tablet-grid-50","mobile-grid-100","grid-parent","grid-50"],"jetpack_publicize_connections":[],"jetpack_featured_media_url":"https:\/\/www.hoymercedes.com.ar\/principal\/wp-content\/uploads\/2020\/12\/01-subsidio-cultura-1.jpg","wps_subtitle":"Ayuda econ\u00f3mica","jetpack_sharing_enabled":true,"_links":{"self":[{"href":"https:\/\/www.hoymercedes.com.ar\/principal\/wp-json\/wp\/v2\/posts\/121153","targetHints":{"allow":["GET"]}}],"collection":[{"href":"https:\/\/www.hoymercedes.com.ar\/principal\/wp-json\/wp\/v2\/posts"}],"about":[{"href":"https:\/\/www.hoymercedes.com.ar\/principal\/wp-json\/wp\/v2\/types\/post"}],"author":[{"embeddable":true,"href":"https:\/\/www.hoymercedes.com.ar\/principal\/wp-json\/wp\/v2\/users\/5"}],"replies":[{"embeddable":true,"href":"https:\/\/www.hoymercedes.com.ar\/principal\/wp-json\/wp\/v2\/comments?post=121153"}],"version-history":[{"count":0,"href":"https:\/\/www.hoymercedes.com.ar\/principal\/wp-json\/wp\/v2\/posts\/121153\/revisions"}],"wp:featuredmedia":[{"embeddable":true,"href":"https:\/\/www.hoymercedes.com.ar\/principal\/wp-json\/wp\/v2\/media\/121151"}],"wp:attachment":[{"href":"https:\/\/www.hoymercedes.com.ar\/principal\/wp-json\/wp\/v2\/media?parent=121153"}],"wp:term":[{"taxonomy":"category","embeddable":true,"href":"https:\/\/www.hoymercedes.com.ar\/principal\/wp-json\/wp\/v2\/categories?post=121153"},{"taxonomy":"post_tag","embeddable":true,"href":"https:\/\/www.hoymercedes.com.ar\/principal\/wp-json\/wp\/v2\/tags?post=121153"}],"curies":[{"name":"wp","href":"https:\/\/api.w.org\/{rel}","templated":true}]}}