{"id":121163,"date":"2020-12-01T11:00:33","date_gmt":"2020-12-01T14:00:33","guid":{"rendered":"http:\/\/www.hoymercedes.com.ar\/principal\/?p=121163"},"modified":"2020-12-01T15:18:32","modified_gmt":"2020-12-01T18:18:32","slug":"la-sede-local-del-cbc-tambien-tendra-el-ubaxxi","status":"publish","type":"post","link":"https:\/\/www.hoymercedes.com.ar\/principal\/2020\/12\/01\/la-sede-local-del-cbc-tambien-tendra-el-ubaxxi\/","title":{"rendered":"La sede local del CBC tambi\u00e9n tendr\u00e1 el UBAXXI"},"content":{"rendered":"\n<p>Fuente: Prensa Municipal &#8211; El intendente Juan Ignacio Ustarroz expres\u00f3 \u201cqueremos darle la bienvenida a Jorge Ferronato director del CBC, una persona muy allegada a Mercedes, a qui\u00e9n le agradecemos infinitamente todo su trabajo, colaboraci\u00f3n y predisposici\u00f3n. Para nosotros como Municipio y comunidad trabajar con una Universidad tan prestigiosa como la UBA realmente es una alegr\u00eda enorme\u201d y agreg\u00f3 \u201clo que tambi\u00e9n nos produce gran satisfacci\u00f3n es poder ampliar la propuesta educativa en nuestra ciudad\u201d. \u00a0<\/p>\n\n\n\n<p>\u201cEn esta oportunidad, la idea es la ampliaci\u00f3n del CBC en lo que refiere a todas las carreras de la Universidad de Buenos Aires. De esta manera, nosotros vamos a modificar el formato y la modalidad a trav\u00e9s del esquema UBA XXI\u201d cont\u00f3 el Dr. Ustarroz e indic\u00f3 \u201cesta pandemia nos mostr\u00f3 el potencial que tiene la educaci\u00f3n a distancia\u201d. &nbsp;<\/p>\n\n\n\n<p>En este sentido, el intendente Ustarroz manifest\u00f3 \u201cpoder avanzar con esta decisi\u00f3n nos permite, no solamente ampliar la cantidad de carreras a cursar en nuestra ciudad, sino tambi\u00e9n, incorporar otras carreras que ya iremos anunciando\u201d y se\u00f1al\u00f3 \u201cesto no fue f\u00e1cil, y se debe, como dije al principio, el compromiso que tiene en particular Jorge Ferronato con la ciudad de Mercedes y en el marco de un gran compromiso con la educaci\u00f3n p\u00fablica\u201d. &nbsp;<\/p>\n\n\n\n<p>Por su parte, el Prof. Jorge Ferronato, director del Ciclo B\u00e1sico Com\u00fan de la UBA, dijo \u201cmuchas gracias intendente Ustarroz, la verdad que estoy muy contento de estar en Mercedes, ciudad a la cual quiero y conozco mucho, vengo muy seguido, ac\u00e1 se criaron mis hijos, as\u00ed que todo lo que pueda hacer por esta ciudad, lo hago con cari\u00f1o y compromiso\u201d. &nbsp;<\/p>\n\n\n\n<p>\u201cEste es un intendente joven, talentoso y preocupado por ampliar la propuesta educativa, utilizando las nuevas t\u00e9cnicas tecnol\u00f3gicas que nos permiten, entre otras cosas, estudiar a distancia\u201d indic\u00f3 Ferronato y a\u00f1adi\u00f3 \u201ces as\u00ed como junto a sus t\u00e9cnicos fueron analizando las posibilidades de ampliar las propuestas y hacer de esta ciudad, una ciudad educadora\u201d. &nbsp;<\/p>\n\n\n\n<p>A su vez, subray\u00f3 \u201ca m\u00ed me llena de orgullo que un joven dirigente pol\u00edtico piense en t\u00e9rminos de educaci\u00f3n, que la salida de estas crisis que frecuentemente vivimos en la Argentina sea con m\u00e1s y mejor educaci\u00f3n, ampliando el sistema educativo\u201d. Para eso \u201cla UBA ofrece el sistema a distancia -UBA XXI- donde dentro de poco, la ciudad ofrecer\u00e1 todas las carreras, mismas que en su primer tramo (ciclo b\u00e1sico com\u00fan) se podr\u00e1n hacer a distancia\u201d. &nbsp;<\/p>\n\n\n\n<p>Conjuntamente, el Prof. Jorge Ferronato, director del Ciclo B\u00e1sico Com\u00fan de la UBA reafirm\u00f3 \u201cno tengo m\u00e1s que decir que los voy a acompa\u00f1ar y a seguir ayudando, yo soy consciente del enorme esfuerzo que ha hecho el Municipio de Mercedes en todas las gestiones para la construcci\u00f3n de un mejor futuro universitario, acad\u00e9mico para sus j\u00f3venes y soy testigo del trabajo que est\u00e1 desarrollando esta gesti\u00f3n para ampliar el sistema educativo\u201d. &nbsp;<\/p>\n\n\n\n<p>La secretaria de gobierno, Clara Zunino y el responsable del Centro Universitario Regional Mercedes, Sergio Carini, fueron parte de la reuni\u00f3n previa de trabajo que se gener\u00f3 en el Palacio Municipal donde finalmente se concret\u00f3 el anuncio de algo que desde hace tiempo se viene planificando. \u00a0<\/p>\n","protected":false},"excerpt":{"rendered":"<p>Fuente: Prensa Municipal &#8211; El intendente Juan Ignacio Ustarroz expres\u00f3 \u201cqueremos darle la bienvenida a Jorge Ferronato director del CBC, &#8230; <a title=\"La sede local del CBC tambi\u00e9n tendr\u00e1 el UBAXXI\" class=\"read-more\" href=\"https:\/\/www.hoymercedes.com.ar\/principal\/2020\/12\/01\/la-sede-local-del-cbc-tambien-tendra-el-ubaxxi\/\" aria-label=\"Leer m\u00e1s sobre La sede local del CBC tambi\u00e9n tendr\u00e1 el UBAXXI\">Leer m\u00e1s<\/a><\/p>\n","protected":false},"author":5,"featured_media":121164,"comment_status":"closed","ping_status":"open","sticky":false,"template":"","format":"standard","meta":{"_monsterinsights_skip_tracking":false,"_monsterinsights_sitenote_active":false,"_monsterinsights_sitenote_note":"","_monsterinsights_sitenote_category":0,"jetpack_post_was_ever_published":false,"_jetpack_newsletter_access":"","_jetpack_dont_email_post_to_subs":false,"_jetpack_newsletter_tier_id":0,"_jetpack_memberships_contains_paywalled_content":false,"_jetpack_memberships_contains_paid_content":false,"footnotes":"","jetpack_publicize_message":"","jetpack_publicize_feature_enabled":true,"jetpack_social_post_already_shared":true,"jetpack_social_options":{"image_generator_settings":{"template":"highway","default_image_id":0,"font":"","enabled":false},"version":2},"_wpas_customize_per_network":false},"categories":[8],"tags":[17347,11409,17349,244,17348],"class_list":["post-121163","post","type-post","status-publish","format-standard","has-post-thumbnail","hentry","category-sociedad","tag-cbc","tag-educacion-superior","tag-educacion-universitario","tag-municipio-2","tag-ubaxxi","generate-columns","tablet-grid-50","mobile-grid-100","grid-parent","grid-50"],"jetpack_publicize_connections":[],"jetpack_featured_media_url":"https:\/\/www.hoymercedes.com.ar\/principal\/wp-content\/uploads\/2020\/12\/ubaxxi.jpg","wps_subtitle":"Para el pr\u00f3ximo a\u00f1o","jetpack_sharing_enabled":true,"_links":{"self":[{"href":"https:\/\/www.hoymercedes.com.ar\/principal\/wp-json\/wp\/v2\/posts\/121163","targetHints":{"allow":["GET"]}}],"collection":[{"href":"https:\/\/www.hoymercedes.com.ar\/principal\/wp-json\/wp\/v2\/posts"}],"about":[{"href":"https:\/\/www.hoymercedes.com.ar\/principal\/wp-json\/wp\/v2\/types\/post"}],"author":[{"embeddable":true,"href":"https:\/\/www.hoymercedes.com.ar\/principal\/wp-json\/wp\/v2\/users\/5"}],"replies":[{"embeddable":true,"href":"https:\/\/www.hoymercedes.com.ar\/principal\/wp-json\/wp\/v2\/comments?post=121163"}],"version-history":[{"count":0,"href":"https:\/\/www.hoymercedes.com.ar\/principal\/wp-json\/wp\/v2\/posts\/121163\/revisions"}],"wp:featuredmedia":[{"embeddable":true,"href":"https:\/\/www.hoymercedes.com.ar\/principal\/wp-json\/wp\/v2\/media\/121164"}],"wp:attachment":[{"href":"https:\/\/www.hoymercedes.com.ar\/principal\/wp-json\/wp\/v2\/media?parent=121163"}],"wp:term":[{"taxonomy":"category","embeddable":true,"href":"https:\/\/www.hoymercedes.com.ar\/principal\/wp-json\/wp\/v2\/categories?post=121163"},{"taxonomy":"post_tag","embeddable":true,"href":"https:\/\/www.hoymercedes.com.ar\/principal\/wp-json\/wp\/v2\/tags?post=121163"}],"curies":[{"name":"wp","href":"https:\/\/api.w.org\/{rel}","templated":true}]}}