{"id":121171,"date":"2020-12-01T15:12:36","date_gmt":"2020-12-01T18:12:36","guid":{"rendered":"http:\/\/www.hoymercedes.com.ar\/principal\/?p=121171"},"modified":"2020-12-01T15:13:45","modified_gmt":"2020-12-01T18:13:45","slug":"municipio-incorpora-camion-a-traves-de-leasing-con-el-banco-provincia","status":"publish","type":"post","link":"https:\/\/www.hoymercedes.com.ar\/principal\/2020\/12\/01\/municipio-incorpora-camion-a-traves-de-leasing-con-el-banco-provincia\/","title":{"rendered":"Municipio incorpora cami\u00f3n a trav\u00e9s de leasing con el Banco Provincia"},"content":{"rendered":"\n<p>Durante la ma\u00f1ana del lunes, el Municipio present\u00f3 un cami\u00f3n batea adquirido a trav\u00e9s de leasing acordado por el Banco Provincia y el gobierno bonaerense. El leasing permite el financiamiento de bienes de capital a los municipios contra el pago de un canon mensual y, a la finalizaci\u00f3n del contrato dichos municipios tienen la posibilidad de ejercer la opci\u00f3n de compra. \u00a0<\/p>\n\n\n\n<div class=\"wp-block-image\"><figure class=\"aligncenter size-large\"><img loading=\"lazy\" decoding=\"async\" width=\"800\" height=\"534\" data-attachment-id=\"121172\" data-permalink=\"https:\/\/www.hoymercedes.com.ar\/principal\/2020\/12\/01\/municipio-incorpora-camion-a-traves-de-leasing-con-el-banco-provincia\/dsc01591\/#main\" data-orig-file=\"https:\/\/www.hoymercedes.com.ar\/principal\/wp-content\/uploads\/2020\/12\/DSC01591.jpg\" data-orig-size=\"800,534\" data-comments-opened=\"0\" data-image-meta=\"{&quot;aperture&quot;:&quot;0&quot;,&quot;credit&quot;:&quot;&quot;,&quot;camera&quot;:&quot;&quot;,&quot;caption&quot;:&quot;&quot;,&quot;created_timestamp&quot;:&quot;1606833444&quot;,&quot;copyright&quot;:&quot;&quot;,&quot;focal_length&quot;:&quot;0&quot;,&quot;iso&quot;:&quot;0&quot;,&quot;shutter_speed&quot;:&quot;0&quot;,&quot;title&quot;:&quot;&quot;,&quot;orientation&quot;:&quot;1&quot;}\" data-image-title=\"DSC01591\" data-image-description=\"\" data-image-caption=\"\" data-large-file=\"https:\/\/www.hoymercedes.com.ar\/principal\/wp-content\/uploads\/2020\/12\/DSC01591.jpg\" src=\"https:\/\/www.hoymercedes.com.ar\/principal\/wp-content\/uploads\/2020\/12\/DSC01591.jpg\" alt=\"\" class=\"wp-image-121172\" srcset=\"https:\/\/www.hoymercedes.com.ar\/principal\/wp-content\/uploads\/2020\/12\/DSC01591.jpg 800w, https:\/\/www.hoymercedes.com.ar\/principal\/wp-content\/uploads\/2020\/12\/DSC01591-630x421.jpg 630w, https:\/\/www.hoymercedes.com.ar\/principal\/wp-content\/uploads\/2020\/12\/DSC01591-150x100.jpg 150w\" sizes=\"auto, (max-width: 800px) 100vw, 800px\" \/><\/figure><\/div>\n\n\n\n<p>En la presentaci\u00f3n del cami\u00f3n batea el Jefe Comunal Juan Ignacio Ustarroz estuvo acompa\u00f1ado por el Secretario de Econom\u00eda Gast\u00f3n Boido y el Subsecretario de Servicios P\u00fablicos Luis Ponce. Las autoridades explicaron que la adquisici\u00f3n del cami\u00f3n permitir\u00e1 el traslado de residuos al CEAMSE. <\/p>\n\n\n\n<p>\u00abEl Estado provincial, durante este a\u00f1o, facilit\u00f3 a los 135 municipios la apertura del leasing, una herramienta que nos permite hacer este tipo de inversi\u00f3n. Cada vez que logramos incorporar una herramienta de trabajo para el municipio, es un avance concreto, real, tangible que nos permitir\u00e1 seguir trabajando con mayor intensidad\u201d, explic\u00f3 Ustarroz.\u00a0\u00a0\u00a0\u00a0\u00a0<\/p>\n\n\n\n<p>Boido explic\u00f3 que en el mes de marzo se propone tomar un leasing \u00aben un momento donde las tasas de inter\u00e9s y el financiamiento estaba bastante complicado\u00bb y finalmente se concret\u00f3. \u00abEs una muy buena inversi\u00f3n, nosotros vamos a devolver mediante la modalidad de leasing (modalidad de alquiler de 36 meses a una tasa conveniente para el Municipio) donde en cuanto termine los 36 meses de alquiler, queda autom\u00e1ticamente con el 3 % para el patrimonio del Municipio\u201d. agreg\u00f3. \u00a0<\/p>\n\n\n\n<p>Finalmente Ponce cont\u00f3 \u201cestamos ampliando el parque automotor del corral\u00f3n municipal ya que hemos adquirido este cami\u00f3n batea que nos ser\u00e1 de mucha utilidad para poder transportar, ya sea, residuos s\u00f3lidos urbanos al CEAMSE, como as\u00ed tambi\u00e9n, transportar tosca para el mejoramiento de los caminos rurales. La batea de este cami\u00f3n es pr\u00e1cticamente el doble a la que ya tenemos, lo que nos asegura el traslado de m\u00e1s caudal de toneladas. Muchas veces deb\u00edamos alquilar este tipo de camiones para poder avanzar con los trabajos, con lo cual, esta nueva adquisici\u00f3n nos permitir\u00e1 bajar los costos de alquileres de este tipo de veh\u00edculos\u00bb\u00a0\u00a0\u00a0<\/p>\n\n\n\n<div class=\"wp-block-image\"><figure class=\"aligncenter size-large\"><img loading=\"lazy\" decoding=\"async\" width=\"800\" height=\"450\" data-attachment-id=\"121173\" data-permalink=\"https:\/\/www.hoymercedes.com.ar\/principal\/2020\/12\/01\/municipio-incorpora-camion-a-traves-de-leasing-con-el-banco-provincia\/dsc01566\/#main\" data-orig-file=\"https:\/\/www.hoymercedes.com.ar\/principal\/wp-content\/uploads\/2020\/12\/DSC01566.jpg\" data-orig-size=\"800,450\" data-comments-opened=\"0\" data-image-meta=\"{&quot;aperture&quot;:&quot;0&quot;,&quot;credit&quot;:&quot;&quot;,&quot;camera&quot;:&quot;&quot;,&quot;caption&quot;:&quot;&quot;,&quot;created_timestamp&quot;:&quot;0&quot;,&quot;copyright&quot;:&quot;&quot;,&quot;focal_length&quot;:&quot;0&quot;,&quot;iso&quot;:&quot;0&quot;,&quot;shutter_speed&quot;:&quot;0&quot;,&quot;title&quot;:&quot;&quot;,&quot;orientation&quot;:&quot;0&quot;}\" data-image-title=\"DSC01566\" data-image-description=\"\" data-image-caption=\"\" data-large-file=\"https:\/\/www.hoymercedes.com.ar\/principal\/wp-content\/uploads\/2020\/12\/DSC01566.jpg\" src=\"https:\/\/www.hoymercedes.com.ar\/principal\/wp-content\/uploads\/2020\/12\/DSC01566.jpg\" alt=\"\" class=\"wp-image-121173\" srcset=\"https:\/\/www.hoymercedes.com.ar\/principal\/wp-content\/uploads\/2020\/12\/DSC01566.jpg 800w, https:\/\/www.hoymercedes.com.ar\/principal\/wp-content\/uploads\/2020\/12\/DSC01566-630x354.jpg 630w, https:\/\/www.hoymercedes.com.ar\/principal\/wp-content\/uploads\/2020\/12\/DSC01566-150x84.jpg 150w\" sizes=\"auto, (max-width: 800px) 100vw, 800px\" \/><\/figure><\/div>\n","protected":false},"excerpt":{"rendered":"<p>Durante la ma\u00f1ana del lunes, el Municipio present\u00f3 un cami\u00f3n batea adquirido a trav\u00e9s de leasing acordado por el Banco &#8230; <a title=\"Municipio incorpora cami\u00f3n a trav\u00e9s de leasing con el Banco Provincia\" class=\"read-more\" href=\"https:\/\/www.hoymercedes.com.ar\/principal\/2020\/12\/01\/municipio-incorpora-camion-a-traves-de-leasing-con-el-banco-provincia\/\" aria-label=\"Leer m\u00e1s sobre Municipio incorpora cami\u00f3n a trav\u00e9s de leasing con el Banco Provincia\">Leer m\u00e1s<\/a><\/p>\n","protected":false},"author":1,"featured_media":121173,"comment_status":"closed","ping_status":"open","sticky":false,"template":"","format":"standard","meta":{"_monsterinsights_skip_tracking":false,"_monsterinsights_sitenote_active":false,"_monsterinsights_sitenote_note":"","_monsterinsights_sitenote_category":0,"jetpack_post_was_ever_published":false,"_jetpack_newsletter_access":"","_jetpack_dont_email_post_to_subs":false,"_jetpack_newsletter_tier_id":0,"_jetpack_memberships_contains_paywalled_content":false,"_jetpack_memberships_contains_paid_content":false,"footnotes":"","jetpack_publicize_message":"","jetpack_publicize_feature_enabled":true,"jetpack_social_post_already_shared":true,"jetpack_social_options":{"image_generator_settings":{"template":"highway","default_image_id":0,"font":"","enabled":false},"version":2},"_wpas_customize_per_network":false},"categories":[8],"tags":[17345,17346,244],"class_list":["post-121171","post","type-post","status-publish","format-standard","has-post-thumbnail","hentry","category-sociedad","tag-camion-batea","tag-leasing","tag-municipio-2","generate-columns","tablet-grid-50","mobile-grid-100","grid-parent","grid-50"],"jetpack_publicize_connections":[],"jetpack_featured_media_url":"https:\/\/www.hoymercedes.com.ar\/principal\/wp-content\/uploads\/2020\/12\/DSC01566.jpg","wps_subtitle":"Presentado el lunes pasado","jetpack_sharing_enabled":true,"_links":{"self":[{"href":"https:\/\/www.hoymercedes.com.ar\/principal\/wp-json\/wp\/v2\/posts\/121171","targetHints":{"allow":["GET"]}}],"collection":[{"href":"https:\/\/www.hoymercedes.com.ar\/principal\/wp-json\/wp\/v2\/posts"}],"about":[{"href":"https:\/\/www.hoymercedes.com.ar\/principal\/wp-json\/wp\/v2\/types\/post"}],"author":[{"embeddable":true,"href":"https:\/\/www.hoymercedes.com.ar\/principal\/wp-json\/wp\/v2\/users\/1"}],"replies":[{"embeddable":true,"href":"https:\/\/www.hoymercedes.com.ar\/principal\/wp-json\/wp\/v2\/comments?post=121171"}],"version-history":[{"count":0,"href":"https:\/\/www.hoymercedes.com.ar\/principal\/wp-json\/wp\/v2\/posts\/121171\/revisions"}],"wp:featuredmedia":[{"embeddable":true,"href":"https:\/\/www.hoymercedes.com.ar\/principal\/wp-json\/wp\/v2\/media\/121173"}],"wp:attachment":[{"href":"https:\/\/www.hoymercedes.com.ar\/principal\/wp-json\/wp\/v2\/media?parent=121171"}],"wp:term":[{"taxonomy":"category","embeddable":true,"href":"https:\/\/www.hoymercedes.com.ar\/principal\/wp-json\/wp\/v2\/categories?post=121171"},{"taxonomy":"post_tag","embeddable":true,"href":"https:\/\/www.hoymercedes.com.ar\/principal\/wp-json\/wp\/v2\/tags?post=121171"}],"curies":[{"name":"wp","href":"https:\/\/api.w.org\/{rel}","templated":true}]}}