{"id":121188,"date":"2020-12-01T21:30:26","date_gmt":"2020-12-02T00:30:26","guid":{"rendered":"http:\/\/www.hoymercedes.com.ar\/principal\/?p=121188"},"modified":"2020-12-02T19:55:47","modified_gmt":"2020-12-02T22:55:47","slug":"coronavirus-diciembre-comienza-con-3-nuevos-positivos","status":"publish","type":"post","link":"https:\/\/www.hoymercedes.com.ar\/principal\/2020\/12\/01\/coronavirus-diciembre-comienza-con-3-nuevos-positivos\/","title":{"rendered":"Coronavirus: Diciembre comienza con 3 nuevos positivos"},"content":{"rendered":"\n<p>Empezando el \u00faltimo mes del a\u00f1o, en Mercedes confirman tres nuevos positivos de covid-19 entre los 40 test realizados en el laboratorio del Hospital Blas L. Dubarry. Asimismo, comunicaron que 6 pacientes obtuvieron el alta m\u00e9dica. Es as\u00ed que son 32 los pacientes activos de acuerdo a la informaci\u00f3n enviarda por las autoridades sanitarias de la ciudad. <\/p>\n\n\n\n<div class=\"wp-block-image\"><figure class=\"aligncenter size-large\"><img loading=\"lazy\" decoding=\"async\" width=\"800\" height=\"800\" data-attachment-id=\"121189\" data-permalink=\"https:\/\/www.hoymercedes.com.ar\/principal\/2020\/12\/01\/coronavirus-diciembre-comienza-con-3-nuevos-positivos\/whatsapp-image-2020-12-01-at-21-09-26\/#main\" data-orig-file=\"https:\/\/www.hoymercedes.com.ar\/principal\/wp-content\/uploads\/2020\/12\/WhatsApp-Image-2020-12-01-at-21.09.26.jpeg\" data-orig-size=\"800,800\" data-comments-opened=\"0\" data-image-meta=\"{&quot;aperture&quot;:&quot;0&quot;,&quot;credit&quot;:&quot;&quot;,&quot;camera&quot;:&quot;&quot;,&quot;caption&quot;:&quot;&quot;,&quot;created_timestamp&quot;:&quot;0&quot;,&quot;copyright&quot;:&quot;&quot;,&quot;focal_length&quot;:&quot;0&quot;,&quot;iso&quot;:&quot;0&quot;,&quot;shutter_speed&quot;:&quot;0&quot;,&quot;title&quot;:&quot;&quot;,&quot;orientation&quot;:&quot;0&quot;}\" data-image-title=\"WhatsApp Image 2020-12-01 at 21.09.26\" data-image-description=\"\" data-image-caption=\"\" data-large-file=\"https:\/\/www.hoymercedes.com.ar\/principal\/wp-content\/uploads\/2020\/12\/WhatsApp-Image-2020-12-01-at-21.09.26.jpeg\" src=\"https:\/\/www.hoymercedes.com.ar\/principal\/wp-content\/uploads\/2020\/12\/WhatsApp-Image-2020-12-01-at-21.09.26.jpeg\" alt=\"\" class=\"wp-image-121189\" srcset=\"https:\/\/www.hoymercedes.com.ar\/principal\/wp-content\/uploads\/2020\/12\/WhatsApp-Image-2020-12-01-at-21.09.26.jpeg 800w, https:\/\/www.hoymercedes.com.ar\/principal\/wp-content\/uploads\/2020\/12\/WhatsApp-Image-2020-12-01-at-21.09.26-620x620.jpeg 620w, https:\/\/www.hoymercedes.com.ar\/principal\/wp-content\/uploads\/2020\/12\/WhatsApp-Image-2020-12-01-at-21.09.26-150x150.jpeg 150w\" sizes=\"auto, (max-width: 800px) 100vw, 800px\" \/><\/figure><\/div>\n\n\n\n<p>Informe Nacional: Fueron confirmados 8.037 nuevos casos de COVID-19. Con estos registros, suman 1.432.570 positivos en el pa\u00eds, de los cuales 1.263.251 son pacientes recuperados y 130.391 son casos confirmados activos. En las \u00faltimas 24 hs fueron realizados 33.764 testeos y desde el inicio del brote se realizaron 3.926.286 pruebas diagn\u00f3sticas para esta enfermedad, lo que equivale a 86.526 muestras por mill\u00f3n de habitantes.<\/p>\n\n\n\n<p>En las \u00faltimas 24 horas, se notificaron 198 nuevas muertes, son 105 hombres y 93 mujeres. Al momento la cantidad de personas fallecidas es 38.928.<\/p>\n\n\n\n<p>Detalle por provincia (N\u00ba de confirmados | N\u00ba de acumulados): Buenos Aires 2.128 | 620.854; Ciudad de Buenos Aires 398 | 159.203; Catamarca 16 | 1.883; Chaco 238 | 19.595; Chubut 438 | 23.289; Corrientes 193 | 7.291; C\u00f3rdoba 715 | 114.922; Entre R\u00edos 139 | 23.504; Formosa 1 | 183; Jujuy 16 | 18.397; La Pampa 103 | 5.873; La Rioja 13 | 8.735; Mendoza 263 | 56.809; Misiones 19 | 519; Neuqu\u00e9n 344 | 32.412; R\u00edo Negro 244 | 31.949; Salta 43 | 21.202; San Juan 351 | 7.817; San Luis 253 | 14.708; Santa Cruz 315 | 16.241; Santa Fe 1.355 | 148.975; Santiago del Estero 71 | 15.714; Tierra del Fuego 79 | 16.260 y Tucum\u00e1n 302 | 66.235<\/p>\n\n\n\n<p><\/p>\n","protected":false},"excerpt":{"rendered":"<p>Empezando el \u00faltimo mes del a\u00f1o, en Mercedes confirman tres nuevos positivos de covid-19 entre los 40 test realizados en &#8230; <a title=\"Coronavirus: Diciembre comienza con 3 nuevos positivos\" class=\"read-more\" href=\"https:\/\/www.hoymercedes.com.ar\/principal\/2020\/12\/01\/coronavirus-diciembre-comienza-con-3-nuevos-positivos\/\" aria-label=\"Leer m\u00e1s sobre Coronavirus: Diciembre comienza con 3 nuevos positivos\">Leer m\u00e1s<\/a><\/p>\n","protected":false},"author":5,"featured_media":121189,"comment_status":"closed","ping_status":"open","sticky":false,"template":"","format":"standard","meta":{"_monsterinsights_skip_tracking":false,"_monsterinsights_sitenote_active":false,"_monsterinsights_sitenote_note":"","_monsterinsights_sitenote_category":0,"jetpack_post_was_ever_published":false,"_jetpack_newsletter_access":"","_jetpack_dont_email_post_to_subs":false,"_jetpack_newsletter_tier_id":0,"_jetpack_memberships_contains_paywalled_content":false,"_jetpack_memberships_contains_paid_content":false,"footnotes":"","jetpack_publicize_message":"","jetpack_publicize_feature_enabled":true,"jetpack_social_post_already_shared":true,"jetpack_social_options":{"image_generator_settings":{"template":"highway","default_image_id":0,"font":"","enabled":false},"version":2},"_wpas_customize_per_network":false},"categories":[9791],"tags":[16561,16175,16313],"class_list":["post-121188","post","type-post","status-publish","format-standard","has-post-thumbnail","hentry","category-salud","tag-cierre-del-dia","tag-coronavirus","tag-covid-19","generate-columns","tablet-grid-50","mobile-grid-100","grid-parent","grid-50"],"jetpack_publicize_connections":[],"jetpack_featured_media_url":"https:\/\/www.hoymercedes.com.ar\/principal\/wp-content\/uploads\/2020\/12\/WhatsApp-Image-2020-12-01-at-21.09.26.jpeg","wps_subtitle":"Cierre del d\u00eda","jetpack_sharing_enabled":true,"_links":{"self":[{"href":"https:\/\/www.hoymercedes.com.ar\/principal\/wp-json\/wp\/v2\/posts\/121188","targetHints":{"allow":["GET"]}}],"collection":[{"href":"https:\/\/www.hoymercedes.com.ar\/principal\/wp-json\/wp\/v2\/posts"}],"about":[{"href":"https:\/\/www.hoymercedes.com.ar\/principal\/wp-json\/wp\/v2\/types\/post"}],"author":[{"embeddable":true,"href":"https:\/\/www.hoymercedes.com.ar\/principal\/wp-json\/wp\/v2\/users\/5"}],"replies":[{"embeddable":true,"href":"https:\/\/www.hoymercedes.com.ar\/principal\/wp-json\/wp\/v2\/comments?post=121188"}],"version-history":[{"count":0,"href":"https:\/\/www.hoymercedes.com.ar\/principal\/wp-json\/wp\/v2\/posts\/121188\/revisions"}],"wp:featuredmedia":[{"embeddable":true,"href":"https:\/\/www.hoymercedes.com.ar\/principal\/wp-json\/wp\/v2\/media\/121189"}],"wp:attachment":[{"href":"https:\/\/www.hoymercedes.com.ar\/principal\/wp-json\/wp\/v2\/media?parent=121188"}],"wp:term":[{"taxonomy":"category","embeddable":true,"href":"https:\/\/www.hoymercedes.com.ar\/principal\/wp-json\/wp\/v2\/categories?post=121188"},{"taxonomy":"post_tag","embeddable":true,"href":"https:\/\/www.hoymercedes.com.ar\/principal\/wp-json\/wp\/v2\/tags?post=121188"}],"curies":[{"name":"wp","href":"https:\/\/api.w.org\/{rel}","templated":true}]}}