{"id":12119,"date":"2012-04-11T11:39:58","date_gmt":"2012-04-11T11:39:58","guid":{"rendered":"http:\/\/www.hoymercedes.com.ar\/principal\/?p=12119"},"modified":"2012-04-11T11:58:02","modified_gmt":"2012-04-11T11:58:02","slug":"campana-solidaria-para-damnificados-por-la-tormenta","status":"publish","type":"post","link":"https:\/\/www.hoymercedes.com.ar\/principal\/2012\/04\/11\/campana-solidaria-para-damnificados-por-la-tormenta\/","title":{"rendered":"Campa\u00f1a solidaria para damnificados por la tormenta"},"content":{"rendered":"<p>Luego de la tormenta, el Frente Mercedino para la Victoria, lanza una Campa\u00f1a Solidaria para obtener diversas donaciones por parte de lo vecinos que han tenido la posibilidad de mantener la tranquilidad durante la fuerte tormenta.<\/p>\n<p>Para ello solicitan a quienes puedan la donaci\u00f3n de Frazadas, Colchones, Estufas, Ropa, Pa\u00f1ales y aquello que pueda ser de utilidad.<\/p>\n<p>Los bienes ser\u00e1n recibidos en 25 entre 14 y 16 en el local partidario los pr\u00f3ximos martes 10, mi\u00e9rcoles 11 y jueves 12.<\/p>\n<p><a href=\"https:\/\/www.hoymercedes.com.ar\/principal\/wp-content\/uploads\/2012\/04\/FMV_Yo_Te-_Abrigo.jpg\"><img loading=\"lazy\" decoding=\"async\" data-attachment-id=\"12121\" data-permalink=\"https:\/\/www.hoymercedes.com.ar\/principal\/2012\/04\/11\/campana-solidaria-para-damnificados-por-la-tormenta\/fmv_yo_te-_abrigo\/#main\" data-orig-file=\"https:\/\/www.hoymercedes.com.ar\/principal\/wp-content\/uploads\/2012\/04\/FMV_Yo_Te-_Abrigo.jpg\" data-orig-size=\"612,782\" data-comments-opened=\"1\" data-image-meta=\"{&quot;aperture&quot;:&quot;0&quot;,&quot;credit&quot;:&quot;PC&quot;,&quot;camera&quot;:&quot;&quot;,&quot;caption&quot;:&quot;&quot;,&quot;created_timestamp&quot;:&quot;1334068152&quot;,&quot;copyright&quot;:&quot;&quot;,&quot;focal_length&quot;:&quot;0&quot;,&quot;iso&quot;:&quot;0&quot;,&quot;shutter_speed&quot;:&quot;0&quot;,&quot;title&quot;:&quot;&quot;}\" data-image-title=\"FMV_Yo_Te _Abrigo\" data-image-description=\"\" data-image-caption=\"\" data-large-file=\"https:\/\/www.hoymercedes.com.ar\/principal\/wp-content\/uploads\/2012\/04\/FMV_Yo_Te-_Abrigo.jpg\" class=\"aligncenter size-full wp-image-12121\" title=\"FMV_Yo_Te _Abrigo\" src=\"https:\/\/www.hoymercedes.com.ar\/principal\/wp-content\/uploads\/2012\/04\/FMV_Yo_Te-_Abrigo.jpg\" alt=\"\" width=\"612\" height=\"782\" srcset=\"https:\/\/www.hoymercedes.com.ar\/principal\/wp-content\/uploads\/2012\/04\/FMV_Yo_Te-_Abrigo.jpg 612w, https:\/\/www.hoymercedes.com.ar\/principal\/wp-content\/uploads\/2012\/04\/FMV_Yo_Te-_Abrigo-485x620.jpg 485w\" sizes=\"auto, (max-width: 612px) 100vw, 612px\" \/><\/a><\/p>\n","protected":false},"excerpt":{"rendered":"<p>Luego de la tormenta, el Frente Mercedino para la Victoria, lanza una Campa\u00f1a Solidaria para obtener diversas donaciones por parte &#8230; <a title=\"Campa\u00f1a solidaria para damnificados por la tormenta\" class=\"read-more\" href=\"https:\/\/www.hoymercedes.com.ar\/principal\/2012\/04\/11\/campana-solidaria-para-damnificados-por-la-tormenta\/\" aria-label=\"Leer m\u00e1s sobre Campa\u00f1a solidaria para damnificados por la tormenta\">Leer m\u00e1s<\/a><\/p>\n","protected":false},"author":1,"featured_media":0,"comment_status":"open","ping_status":"open","sticky":false,"template":"","format":"standard","meta":{"_monsterinsights_skip_tracking":false,"_monsterinsights_sitenote_active":false,"_monsterinsights_sitenote_note":"","_monsterinsights_sitenote_category":0,"jetpack_post_was_ever_published":false,"_jetpack_newsletter_access":"","_jetpack_dont_email_post_to_subs":false,"_jetpack_newsletter_tier_id":0,"_jetpack_memberships_contains_paywalled_content":false,"_jetpack_memberships_contains_paid_content":false,"footnotes":"","jetpack_publicize_message":"","jetpack_publicize_feature_enabled":true,"jetpack_social_post_already_shared":false,"jetpack_social_options":{"image_generator_settings":{"template":"highway","default_image_id":0,"font":"","enabled":false},"version":2},"_wpas_customize_per_network":false},"categories":[5],"tags":[379],"class_list":["post-12119","post","type-post","status-publish","format-standard","hentry","category-politica","tag-frente-mercedino-para-la-victoria","generate-columns","tablet-grid-50","mobile-grid-100","grid-parent","grid-50"],"jetpack_publicize_connections":[],"jetpack_featured_media_url":"","wps_subtitle":"","jetpack_sharing_enabled":true,"_links":{"self":[{"href":"https:\/\/www.hoymercedes.com.ar\/principal\/wp-json\/wp\/v2\/posts\/12119","targetHints":{"allow":["GET"]}}],"collection":[{"href":"https:\/\/www.hoymercedes.com.ar\/principal\/wp-json\/wp\/v2\/posts"}],"about":[{"href":"https:\/\/www.hoymercedes.com.ar\/principal\/wp-json\/wp\/v2\/types\/post"}],"author":[{"embeddable":true,"href":"https:\/\/www.hoymercedes.com.ar\/principal\/wp-json\/wp\/v2\/users\/1"}],"replies":[{"embeddable":true,"href":"https:\/\/www.hoymercedes.com.ar\/principal\/wp-json\/wp\/v2\/comments?post=12119"}],"version-history":[{"count":0,"href":"https:\/\/www.hoymercedes.com.ar\/principal\/wp-json\/wp\/v2\/posts\/12119\/revisions"}],"wp:attachment":[{"href":"https:\/\/www.hoymercedes.com.ar\/principal\/wp-json\/wp\/v2\/media?parent=12119"}],"wp:term":[{"taxonomy":"category","embeddable":true,"href":"https:\/\/www.hoymercedes.com.ar\/principal\/wp-json\/wp\/v2\/categories?post=12119"},{"taxonomy":"post_tag","embeddable":true,"href":"https:\/\/www.hoymercedes.com.ar\/principal\/wp-json\/wp\/v2\/tags?post=12119"}],"curies":[{"name":"wp","href":"https:\/\/api.w.org\/{rel}","templated":true}]}}