{"id":121214,"date":"2020-12-02T09:44:37","date_gmt":"2020-12-02T12:44:37","guid":{"rendered":"http:\/\/www.hoymercedes.com.ar\/principal\/?p=121214"},"modified":"2020-12-02T19:54:04","modified_gmt":"2020-12-02T22:54:04","slug":"coronavirus-nueva-reunion-del-comite-de-crisis-2","status":"publish","type":"post","link":"https:\/\/www.hoymercedes.com.ar\/principal\/2020\/12\/02\/coronavirus-nueva-reunion-del-comite-de-crisis-2\/","title":{"rendered":"Coronavirus: nueva reuni\u00f3n del Comit\u00e9 de Crisis"},"content":{"rendered":"\n<p>En la ma\u00f1ana de este mi\u00e9rcoles se llev\u00f3 adelante una nueva reuni\u00f3n del Comit\u00e9 de Crisis encabeza por el Intendente Juan Ignacio Ustarroz. El tema central del encuentro fue analizar la situaci\u00f3n actual con la llegada del verano, as\u00ed como los nuevos permisos otorgados por la provincia en cuanto a reuniones al aire libre y fiestas de fin de a\u00f1o. <\/p>\n\n\n\n<p>Estuvieron presentes autoridades comunales de las distintas \u00e1rea del Municipio; representantes de la Cl\u00ednica Nueva Cruz Azul, Asociaci\u00f3n M\u00e9dica, C\u00e1mara Econ\u00f3mica, Iglesias Cat\u00f3licas, Concejales; Hospital Dubarry, ATE, CTA, C.I.C, SEMMER, Polic\u00eda Comunal, y Bomberos Voluntarios<\/p>\n","protected":false},"excerpt":{"rendered":"<p>En la ma\u00f1ana de este mi\u00e9rcoles se llev\u00f3 adelante una nueva reuni\u00f3n del Comit\u00e9 de Crisis encabeza por el Intendente &#8230; <a title=\"Coronavirus: nueva reuni\u00f3n del Comit\u00e9 de Crisis\" class=\"read-more\" href=\"https:\/\/www.hoymercedes.com.ar\/principal\/2020\/12\/02\/coronavirus-nueva-reunion-del-comite-de-crisis-2\/\" aria-label=\"Leer m\u00e1s sobre Coronavirus: nueva reuni\u00f3n del Comit\u00e9 de Crisis\">Leer m\u00e1s<\/a><\/p>\n","protected":false},"author":1,"featured_media":121215,"comment_status":"closed","ping_status":"open","sticky":false,"template":"","format":"standard","meta":{"_monsterinsights_skip_tracking":false,"_monsterinsights_sitenote_active":false,"_monsterinsights_sitenote_note":"","_monsterinsights_sitenote_category":0,"jetpack_post_was_ever_published":false,"_jetpack_newsletter_access":"","_jetpack_dont_email_post_to_subs":false,"_jetpack_newsletter_tier_id":0,"_jetpack_memberships_contains_paywalled_content":false,"_jetpack_memberships_contains_paid_content":false,"footnotes":"","jetpack_publicize_message":"","jetpack_publicize_feature_enabled":true,"jetpack_social_post_already_shared":true,"jetpack_social_options":{"image_generator_settings":{"template":"highway","default_image_id":0,"font":"","enabled":false},"version":2},"_wpas_customize_per_network":false},"categories":[30],"tags":[16345,16175,16313],"class_list":["post-121214","post","type-post","status-publish","format-standard","has-post-thumbnail","hentry","category-municipio","tag-comite-de-crisis","tag-coronavirus","tag-covid-19","generate-columns","tablet-grid-50","mobile-grid-100","grid-parent","grid-50"],"jetpack_publicize_connections":[],"jetpack_featured_media_url":"https:\/\/www.hoymercedes.com.ar\/principal\/wp-content\/uploads\/2020\/12\/02-comite-crisis.jpg","wps_subtitle":"Ma\u00f1ana del mi\u00e9rcoles","jetpack_sharing_enabled":true,"_links":{"self":[{"href":"https:\/\/www.hoymercedes.com.ar\/principal\/wp-json\/wp\/v2\/posts\/121214","targetHints":{"allow":["GET"]}}],"collection":[{"href":"https:\/\/www.hoymercedes.com.ar\/principal\/wp-json\/wp\/v2\/posts"}],"about":[{"href":"https:\/\/www.hoymercedes.com.ar\/principal\/wp-json\/wp\/v2\/types\/post"}],"author":[{"embeddable":true,"href":"https:\/\/www.hoymercedes.com.ar\/principal\/wp-json\/wp\/v2\/users\/1"}],"replies":[{"embeddable":true,"href":"https:\/\/www.hoymercedes.com.ar\/principal\/wp-json\/wp\/v2\/comments?post=121214"}],"version-history":[{"count":0,"href":"https:\/\/www.hoymercedes.com.ar\/principal\/wp-json\/wp\/v2\/posts\/121214\/revisions"}],"wp:featuredmedia":[{"embeddable":true,"href":"https:\/\/www.hoymercedes.com.ar\/principal\/wp-json\/wp\/v2\/media\/121215"}],"wp:attachment":[{"href":"https:\/\/www.hoymercedes.com.ar\/principal\/wp-json\/wp\/v2\/media?parent=121214"}],"wp:term":[{"taxonomy":"category","embeddable":true,"href":"https:\/\/www.hoymercedes.com.ar\/principal\/wp-json\/wp\/v2\/categories?post=121214"},{"taxonomy":"post_tag","embeddable":true,"href":"https:\/\/www.hoymercedes.com.ar\/principal\/wp-json\/wp\/v2\/tags?post=121214"}],"curies":[{"name":"wp","href":"https:\/\/api.w.org\/{rel}","templated":true}]}}