{"id":121218,"date":"2020-12-02T15:54:24","date_gmt":"2020-12-02T18:54:24","guid":{"rendered":"http:\/\/www.hoymercedes.com.ar\/principal\/?p=121218"},"modified":"2020-12-02T19:48:57","modified_gmt":"2020-12-02T22:48:57","slug":"abren-inscripcion-a-espacios-de-primera-infancia","status":"publish","type":"post","link":"https:\/\/www.hoymercedes.com.ar\/principal\/2020\/12\/02\/abren-inscripcion-a-espacios-de-primera-infancia\/","title":{"rendered":"Abren inscripci\u00f3n a espacios de primera infancia"},"content":{"rendered":"\n<p>A partir de este lunes est\u00e1n las inscripciones a los Espacios de Primera Infancia. La misma se desarrollar\u00e1 durante dos semanas, hasta el viernes 11 de diciembre. Quienes est\u00e9n interesados pueden acercarse a la sede de Desarrollo Social Municipal, en el ex Instituto Unzu\u00e9 (calle 2 y 47). Adem\u00e1s, se inform\u00f3 que durante esta semana tambi\u00e9n se podr\u00e1 realizar este tr\u00e1mite en cualquiera de los 7 EPI de la ciudad. \u00a0<\/p>\n\n\n\n<p>Gabriela Olivella, directora de ni\u00f1ez, cont\u00f3 \u201cestamos invitando a todos a la inscripci\u00f3n que estar\u00e1 abierta hasta el 11 de diciembre, el dispositivo es para ni\u00f1os de 1 a 3 a\u00f1os\u201d y cont\u00f3 \u201cestos espacios est\u00e1n distribuidos en 7 barrios de nuestra ciudad\u201d. &nbsp;<\/p>\n\n\n\n<p>Asimismo, Olivella desarroll\u00f3 \u201clo que se ofrece es la estimulaci\u00f3n a trav\u00e9s del juego, alimentaci\u00f3n y el eje del cuidado de la salud. Siempre trabajando en post del desarrollo integral del ni\u00f1o\u201d y apunt\u00f3 \u201caquellos pap\u00e1s o mam\u00e1s que necesiten, por cuestiones laborales o porque que creen que puede ser una buena experiencia para sus hijos, los invitamos a que se puedan inscribir, trayendo el DNI del ni\u00f1o y del adulto, realizamos una preinscripci\u00f3n, para luego invitar a las familias y efectuar entrevistas m\u00e1s en profundidad\u201d. &nbsp;<\/p>\n\n\n\n<p>Conjuntamente, Gabriela Olivella, directora de ni\u00f1ez inform\u00f3 \u201cdurante esta semana, podr\u00e1n acercarse directamente a los Espacios de Primera Infancia (Blandengues, San Justo, Marchetti, San Mart\u00edn, CIC, Mutti y Malvinas) donde docentes estar\u00e1n esperando a quienes quieran inscribirse de 9:00 a 12:00 horas\u201d y reiter\u00f3 \u201csino en la sede del ex instituto Unzu\u00e9 de 08:00 a 14:00 horas\u201d.\u00a0\u00a0\u00a0\u00a0<\/p>\n\n\n\n<p>fuente: Prensa Municipal<\/p>\n","protected":false},"excerpt":{"rendered":"<p>A partir de este lunes est\u00e1n las inscripciones a los Espacios de Primera Infancia. La misma se desarrollar\u00e1 durante dos &#8230; <a title=\"Abren inscripci\u00f3n a espacios de primera infancia\" class=\"read-more\" href=\"https:\/\/www.hoymercedes.com.ar\/principal\/2020\/12\/02\/abren-inscripcion-a-espacios-de-primera-infancia\/\" aria-label=\"Leer m\u00e1s sobre Abren inscripci\u00f3n a espacios de primera infancia\">Leer m\u00e1s<\/a><\/p>\n","protected":false},"author":1,"featured_media":121219,"comment_status":"closed","ping_status":"open","sticky":false,"template":"","format":"standard","meta":{"_monsterinsights_skip_tracking":false,"_monsterinsights_sitenote_active":false,"_monsterinsights_sitenote_note":"","_monsterinsights_sitenote_category":0,"jetpack_post_was_ever_published":false,"_jetpack_newsletter_access":"","_jetpack_dont_email_post_to_subs":false,"_jetpack_newsletter_tier_id":0,"_jetpack_memberships_contains_paywalled_content":false,"_jetpack_memberships_contains_paid_content":false,"footnotes":"","jetpack_publicize_message":"","jetpack_publicize_feature_enabled":true,"jetpack_social_post_already_shared":true,"jetpack_social_options":{"image_generator_settings":{"template":"highway","default_image_id":0,"font":"","enabled":false},"version":2},"_wpas_customize_per_network":false},"categories":[30],"tags":[13980,8668,244],"class_list":["post-121218","post","type-post","status-publish","format-standard","has-post-thumbnail","hentry","category-municipio","tag-espacios-de-primera-infancia","tag-inscripcion","tag-municipio-2","generate-columns","tablet-grid-50","mobile-grid-100","grid-parent","grid-50"],"jetpack_publicize_connections":[],"jetpack_featured_media_url":"https:\/\/www.hoymercedes.com.ar\/principal\/wp-content\/uploads\/2020\/12\/02-primera-infancia-muni.jpg","wps_subtitle":"Desde el lunes pasado","jetpack_sharing_enabled":true,"_links":{"self":[{"href":"https:\/\/www.hoymercedes.com.ar\/principal\/wp-json\/wp\/v2\/posts\/121218","targetHints":{"allow":["GET"]}}],"collection":[{"href":"https:\/\/www.hoymercedes.com.ar\/principal\/wp-json\/wp\/v2\/posts"}],"about":[{"href":"https:\/\/www.hoymercedes.com.ar\/principal\/wp-json\/wp\/v2\/types\/post"}],"author":[{"embeddable":true,"href":"https:\/\/www.hoymercedes.com.ar\/principal\/wp-json\/wp\/v2\/users\/1"}],"replies":[{"embeddable":true,"href":"https:\/\/www.hoymercedes.com.ar\/principal\/wp-json\/wp\/v2\/comments?post=121218"}],"version-history":[{"count":0,"href":"https:\/\/www.hoymercedes.com.ar\/principal\/wp-json\/wp\/v2\/posts\/121218\/revisions"}],"wp:featuredmedia":[{"embeddable":true,"href":"https:\/\/www.hoymercedes.com.ar\/principal\/wp-json\/wp\/v2\/media\/121219"}],"wp:attachment":[{"href":"https:\/\/www.hoymercedes.com.ar\/principal\/wp-json\/wp\/v2\/media?parent=121218"}],"wp:term":[{"taxonomy":"category","embeddable":true,"href":"https:\/\/www.hoymercedes.com.ar\/principal\/wp-json\/wp\/v2\/categories?post=121218"},{"taxonomy":"post_tag","embeddable":true,"href":"https:\/\/www.hoymercedes.com.ar\/principal\/wp-json\/wp\/v2\/tags?post=121218"}],"curies":[{"name":"wp","href":"https:\/\/api.w.org\/{rel}","templated":true}]}}