{"id":121225,"date":"2020-12-02T16:52:20","date_gmt":"2020-12-02T19:52:20","guid":{"rendered":"http:\/\/www.hoymercedes.com.ar\/principal\/?p=121225"},"modified":"2020-12-02T19:39:01","modified_gmt":"2020-12-02T22:39:01","slug":"campana-solidaria-reciben-donaciones-para-entregar-en-las-fiestas","status":"publish","type":"post","link":"https:\/\/www.hoymercedes.com.ar\/principal\/2020\/12\/02\/campana-solidaria-reciben-donaciones-para-entregar-en-las-fiestas\/","title":{"rendered":"Campa\u00f1a solidaria: Reciben donaciones para entregar en las fiestas"},"content":{"rendered":"\n<p>Paulina Bustelo, vecina del a ciudad que adem\u00e1s cumple funciones en la polic\u00eda, lleva adelante una campa\u00f1a invitando a todos los vecinos que deseen donar juguetes, ropa o algo para compartir coloquen un distintivo de color rojo y los d\u00edas 19 y 20 se retirar\u00e1n en los domicilios las donaciones para evitar concentraciones en alg\u00fan lugar.<\/p>\n\n\n\n<p>\u00abPara no juntar las donaciones en un lugar y que sea la gente la que lo lleve o lo vaya a buscar. La propuesta de este a\u00f1os es que cada vecino que quiere donar, coloca algo rojo en la puerta y la persona que necesita estar\u00e1 recorriendo, ver\u00e1 ese llamado de atenci\u00f3n y podr\u00e1 acercarse\u00bb, cont\u00f3 Paulina. <\/p>\n\n\n\n<p>\u00abLos negocios que quiera donar, s\u00ed pueden comunicarse conmigo para que yo las vaya a buscar. As\u00ed coordino en mi casa para que uno de eso d\u00edas la vayan a buscar\u00bb, agreg\u00f3 Paulina. <\/p>\n\n\n\n<p>Invita a que se comuniquen con ella a trav\u00e9s de <a rel=\"noreferrer noopener\" href=\"https:\/\/www.facebook.com\/paulina.bustelo.18\" data-type=\"URL\" data-id=\"https:\/\/www.facebook.com\/paulina.bustelo.18\" target=\"_blank\">su perfil en la red social facebook<\/a> para consultar o acordar el retiro de las donaciones en caso de los comercios.  <\/p>\n\n\n\n<div class=\"wp-block-image\"><figure class=\"aligncenter size-large\"><img loading=\"lazy\" decoding=\"async\" width=\"723\" height=\"1024\" data-attachment-id=\"121226\" data-permalink=\"https:\/\/www.hoymercedes.com.ar\/principal\/2020\/12\/02\/campana-solidaria-reciben-donaciones-para-entregar-en-las-fiestas\/02-paulina-bustelo\/#main\" data-orig-file=\"https:\/\/www.hoymercedes.com.ar\/principal\/wp-content\/uploads\/2020\/12\/02-paulina-bustelo.jpeg\" data-orig-size=\"904,1280\" data-comments-opened=\"0\" data-image-meta=\"{&quot;aperture&quot;:&quot;0&quot;,&quot;credit&quot;:&quot;&quot;,&quot;camera&quot;:&quot;&quot;,&quot;caption&quot;:&quot;&quot;,&quot;created_timestamp&quot;:&quot;0&quot;,&quot;copyright&quot;:&quot;&quot;,&quot;focal_length&quot;:&quot;0&quot;,&quot;iso&quot;:&quot;0&quot;,&quot;shutter_speed&quot;:&quot;0&quot;,&quot;title&quot;:&quot;&quot;,&quot;orientation&quot;:&quot;0&quot;}\" data-image-title=\"02 paulina bustelo\" data-image-description=\"\" data-image-caption=\"\" data-large-file=\"https:\/\/www.hoymercedes.com.ar\/principal\/wp-content\/uploads\/2020\/12\/02-paulina-bustelo-723x1024.jpeg\" src=\"https:\/\/www.hoymercedes.com.ar\/principal\/wp-content\/uploads\/2020\/12\/02-paulina-bustelo-723x1024.jpeg\" alt=\"\" class=\"wp-image-121226\" srcset=\"https:\/\/www.hoymercedes.com.ar\/principal\/wp-content\/uploads\/2020\/12\/02-paulina-bustelo-723x1024.jpeg 723w, https:\/\/www.hoymercedes.com.ar\/principal\/wp-content\/uploads\/2020\/12\/02-paulina-bustelo-438x620.jpeg 438w, https:\/\/www.hoymercedes.com.ar\/principal\/wp-content\/uploads\/2020\/12\/02-paulina-bustelo-106x150.jpeg 106w, https:\/\/www.hoymercedes.com.ar\/principal\/wp-content\/uploads\/2020\/12\/02-paulina-bustelo.jpeg 904w\" sizes=\"auto, (max-width: 723px) 100vw, 723px\" \/><figcaption>Imagen mandada por Paulina Bustelo para que se comuniquen con ella a trav\u00e9s de Facebook. <\/figcaption><\/figure><\/div>\n","protected":false},"excerpt":{"rendered":"<p>Paulina Bustelo, vecina del a ciudad que adem\u00e1s cumple funciones en la polic\u00eda, lleva adelante una campa\u00f1a invitando a todos &#8230; <a title=\"Campa\u00f1a solidaria: Reciben donaciones para entregar en las fiestas\" class=\"read-more\" href=\"https:\/\/www.hoymercedes.com.ar\/principal\/2020\/12\/02\/campana-solidaria-reciben-donaciones-para-entregar-en-las-fiestas\/\" aria-label=\"Leer m\u00e1s sobre Campa\u00f1a solidaria: Reciben donaciones para entregar en las fiestas\">Leer m\u00e1s<\/a><\/p>\n","protected":false},"author":1,"featured_media":121226,"comment_status":"closed","ping_status":"open","sticky":false,"template":"","format":"standard","meta":{"_monsterinsights_skip_tracking":false,"_monsterinsights_sitenote_active":false,"_monsterinsights_sitenote_note":"","_monsterinsights_sitenote_category":0,"jetpack_post_was_ever_published":false,"_jetpack_newsletter_access":"","_jetpack_dont_email_post_to_subs":false,"_jetpack_newsletter_tier_id":0,"_jetpack_memberships_contains_paywalled_content":false,"_jetpack_memberships_contains_paid_content":false,"footnotes":"","jetpack_publicize_message":"","jetpack_publicize_feature_enabled":true,"jetpack_social_post_already_shared":true,"jetpack_social_options":{"image_generator_settings":{"template":"highway","default_image_id":0,"font":"","enabled":false},"version":2},"_wpas_customize_per_network":false},"categories":[8],"tags":[2524,10360,3361],"class_list":["post-121225","post","type-post","status-publish","format-standard","has-post-thumbnail","hentry","category-sociedad","tag-campana-solidaria","tag-navidad","tag-solidaridad","generate-columns","tablet-grid-50","mobile-grid-100","grid-parent","grid-50"],"jetpack_publicize_connections":[],"jetpack_featured_media_url":"https:\/\/www.hoymercedes.com.ar\/principal\/wp-content\/uploads\/2020\/12\/02-paulina-bustelo.jpeg","wps_subtitle":"Solidaridad","jetpack_sharing_enabled":true,"_links":{"self":[{"href":"https:\/\/www.hoymercedes.com.ar\/principal\/wp-json\/wp\/v2\/posts\/121225","targetHints":{"allow":["GET"]}}],"collection":[{"href":"https:\/\/www.hoymercedes.com.ar\/principal\/wp-json\/wp\/v2\/posts"}],"about":[{"href":"https:\/\/www.hoymercedes.com.ar\/principal\/wp-json\/wp\/v2\/types\/post"}],"author":[{"embeddable":true,"href":"https:\/\/www.hoymercedes.com.ar\/principal\/wp-json\/wp\/v2\/users\/1"}],"replies":[{"embeddable":true,"href":"https:\/\/www.hoymercedes.com.ar\/principal\/wp-json\/wp\/v2\/comments?post=121225"}],"version-history":[{"count":0,"href":"https:\/\/www.hoymercedes.com.ar\/principal\/wp-json\/wp\/v2\/posts\/121225\/revisions"}],"wp:featuredmedia":[{"embeddable":true,"href":"https:\/\/www.hoymercedes.com.ar\/principal\/wp-json\/wp\/v2\/media\/121226"}],"wp:attachment":[{"href":"https:\/\/www.hoymercedes.com.ar\/principal\/wp-json\/wp\/v2\/media?parent=121225"}],"wp:term":[{"taxonomy":"category","embeddable":true,"href":"https:\/\/www.hoymercedes.com.ar\/principal\/wp-json\/wp\/v2\/categories?post=121225"},{"taxonomy":"post_tag","embeddable":true,"href":"https:\/\/www.hoymercedes.com.ar\/principal\/wp-json\/wp\/v2\/tags?post=121225"}],"curies":[{"name":"wp","href":"https:\/\/api.w.org\/{rel}","templated":true}]}}