{"id":121243,"date":"2020-12-02T19:18:11","date_gmt":"2020-12-02T22:18:11","guid":{"rendered":"http:\/\/www.hoymercedes.com.ar\/principal\/?p=121243"},"modified":"2020-12-02T19:38:10","modified_gmt":"2020-12-02T22:38:10","slug":"jueves-de-sesion-especial-para-tratar-el-presupuesto-2021","status":"publish","type":"post","link":"https:\/\/www.hoymercedes.com.ar\/principal\/2020\/12\/02\/jueves-de-sesion-especial-para-tratar-el-presupuesto-2021\/","title":{"rendered":"Jueves de sesi\u00f3n especial para tratar el presupuesto 2021"},"content":{"rendered":"\n<p>Desde la hora 19 del jueves 3 de diciembre, los concejales tratar\u00e1n el presupuesto para el pr\u00f3ximo a\u00f1o. Seguidamente realizar\u00e1n la sesi\u00f3n preparatoria para el tratamiento de la ordenanza impositiva y as\u00ed anticipar lo que ser\u00e1 la Asamblea de Mayores Contribuyentes. este mi\u00e9rcoles hubo comisi\u00f3n ampliada para consensuar algunos puntos. Habr\u00eda despacho un\u00e1nime de aprobaci\u00f3n en lo general, pero existen dudas en lo particular por parte de uno de los bloques opositores.<\/p>\n\n\n\n<div class=\"wp-block-image\"><figure class=\"aligncenter size-large\"><img loading=\"lazy\" decoding=\"async\" width=\"800\" height=\"533\" data-attachment-id=\"121244\" data-permalink=\"https:\/\/www.hoymercedes.com.ar\/principal\/2020\/12\/02\/jueves-de-sesion-especial-para-tratar-el-presupuesto-2021\/02-sesion-hcd-1\/#main\" data-orig-file=\"https:\/\/www.hoymercedes.com.ar\/principal\/wp-content\/uploads\/2020\/12\/02-sesion-hcd-1.jpg\" data-orig-size=\"800,533\" data-comments-opened=\"0\" data-image-meta=\"{&quot;aperture&quot;:&quot;2&quot;,&quot;credit&quot;:&quot;&quot;,&quot;camera&quot;:&quot;Moto G (5S) Plus&quot;,&quot;caption&quot;:&quot;&quot;,&quot;created_timestamp&quot;:&quot;1606908240&quot;,&quot;copyright&quot;:&quot;&quot;,&quot;focal_length&quot;:&quot;3.59&quot;,&quot;iso&quot;:&quot;481&quot;,&quot;shutter_speed&quot;:&quot;0.03030303030303&quot;,&quot;title&quot;:&quot;&quot;,&quot;orientation&quot;:&quot;1&quot;}\" data-image-title=\"02 sesion hcd 1\" data-image-description=\"\" data-image-caption=\"\" data-large-file=\"https:\/\/www.hoymercedes.com.ar\/principal\/wp-content\/uploads\/2020\/12\/02-sesion-hcd-1.jpg\" src=\"https:\/\/www.hoymercedes.com.ar\/principal\/wp-content\/uploads\/2020\/12\/02-sesion-hcd-1.jpg\" alt=\"\" class=\"wp-image-121244\" srcset=\"https:\/\/www.hoymercedes.com.ar\/principal\/wp-content\/uploads\/2020\/12\/02-sesion-hcd-1.jpg 800w, https:\/\/www.hoymercedes.com.ar\/principal\/wp-content\/uploads\/2020\/12\/02-sesion-hcd-1-630x420.jpg 630w, https:\/\/www.hoymercedes.com.ar\/principal\/wp-content\/uploads\/2020\/12\/02-sesion-hcd-1-150x100.jpg 150w, https:\/\/www.hoymercedes.com.ar\/principal\/wp-content\/uploads\/2020\/12\/02-sesion-hcd-1-700x465.jpg 700w\" sizes=\"auto, (max-width: 800px) 100vw, 800px\" \/><\/figure><\/div>\n\n\n\n<p>Luego de que se den por concluidas las sesiones ordinarias de este 2020 en el Honorable Concejo Deliberante, los legisladores locales comenzaron desde hace unas semanas a trabajar tanto el presupuesto como la fiscal impositiva con las distintas \u00e1reas del ejecutivo.<\/p>\n\n\n\n<p>Continuando con ese trabajo, en la ma\u00f1ana de hoy se llev\u00f3 a cabo una comisi\u00f3n ampliada con todos los representantes del cuerpo para sacar todos los expedientes que fueron quedando durante el a\u00f1o y ajustar los \u00faltimos detalles previos a la sesi\u00f3n extraordinaria. Desde las 19 horas de ma\u00f1ana jueves se realizar\u00e1 esta sesi\u00f3n para tratar el presupuesto 2021 (el cual se calcula a 1.942.710.000) y tambi\u00e9n la preparatoria de la fiscal impositiva, de cara a la asamblea de Mayores Contribuyentes.<\/p>\n\n\n\n<p>Al respecto, el presidente del bloque de Juntos por el Cambio Edgard Killmeatte manifest\u00f3 algunas de las propuestas que se presentaron a la ordenanza de presupuesto elevada por el ejecutivo y mencion\u00f3 que \u201cAcordamos incluir una mayor partida para arreglar el canil del municipio, al igual que m\u00e1s dinero para los caminos rurales y zanjeo\u201d. No obstante, quedar\u00e1 resolver algunas cuestiones que se plasmar\u00e1n en la misma sesi\u00f3n. \u201cEste a\u00f1o se hicieron muchas cosas mejor con respecto a la obra p\u00fablica, han subido las partidas en lo que respecta a las cloacas, el agua, la planta depuradora y las reparaciones de la maquinaria\u201d agreg\u00f3 Killmeatte, ante un tema que siempre fue de inter\u00e9s en el bloque opositor.<\/p>\n\n\n\n<p>En tanto, la presidenta del bloque del Frente de Todos Mariana San Mart\u00edn se refiri\u00f3 a lo sucedido en dicha reuni\u00f3n y manifest\u00f3 que \u201cel presupuesto sale con un despacho aprobado en lo general\u201d. Adem\u00e1s agreg\u00f3 que \u201cha habido consensos en las reuniones con el ejecutivo donde se han podido tratar los temas en que la oposici\u00f3n ten\u00eda inquietudes, como lo fue la creaci\u00f3n de una partida para revalorizar el canil municipal, otra para alcantarillados y caminos rurales donde se aument\u00f3 la suma, al igual que la econom\u00eda social\u201d, quedar\u00e1 para la sesi\u00f3n el tratamiento en particular de algunas cuestiones m\u00e1s puntuales.<\/p>\n\n\n\n<p>Por otra parte, la concejal destac\u00f3 el trabajo de todo el cuerpo en el tratamiento de este presupuesto, al igual que la labor tanto de los presidentes de los bloques opositores como son Edgard Killmeatte (JxC) y Sabrina Vi\u00f1ales (Partido Fe).<\/p>\n\n\n\n<p>\u201cNosotros estamos muy contentos con el trabajo que pudimos hacer, fuimos ordenados y llegamos a un fin de a\u00f1o que va a terminar antes de los previsto teniendo ma\u00f1ana el presupuesto aprobado\u201d finaliz\u00f3 San Mart\u00edn.<\/p>\n\n\n\n<p>Colaboraci\u00f3n Mariano Oyarz\u00fa<\/p>\n","protected":false},"excerpt":{"rendered":"<p>Desde la hora 19 del jueves 3 de diciembre, los concejales tratar\u00e1n el presupuesto para el pr\u00f3ximo a\u00f1o. Seguidamente realizar\u00e1n &#8230; <a title=\"Jueves de sesi\u00f3n especial para tratar el presupuesto 2021\" class=\"read-more\" href=\"https:\/\/www.hoymercedes.com.ar\/principal\/2020\/12\/02\/jueves-de-sesion-especial-para-tratar-el-presupuesto-2021\/\" aria-label=\"Leer m\u00e1s sobre Jueves de sesi\u00f3n especial para tratar el presupuesto 2021\">Leer m\u00e1s<\/a><\/p>\n","protected":false},"author":1,"featured_media":121245,"comment_status":"closed","ping_status":"open","sticky":false,"template":"","format":"standard","meta":{"_monsterinsights_skip_tracking":false,"_monsterinsights_sitenote_active":false,"_monsterinsights_sitenote_note":"","_monsterinsights_sitenote_category":0,"jetpack_post_was_ever_published":false,"_jetpack_newsletter_access":"","_jetpack_dont_email_post_to_subs":false,"_jetpack_newsletter_tier_id":0,"_jetpack_memberships_contains_paywalled_content":false,"_jetpack_memberships_contains_paid_content":false,"footnotes":"","jetpack_publicize_message":"","jetpack_publicize_feature_enabled":true,"jetpack_social_post_already_shared":true,"jetpack_social_options":{"image_generator_settings":{"template":"highway","default_image_id":0,"font":"","enabled":false},"version":2},"_wpas_customize_per_network":false},"categories":[5],"tags":[8993,15,17138,13943],"class_list":["post-121243","post","type-post","status-publish","format-standard","has-post-thumbnail","hentry","category-politica","tag-concejales","tag-hcd","tag-presupuesto-2021","tag-sesion-especial","generate-columns","tablet-grid-50","mobile-grid-100","grid-parent","grid-50"],"jetpack_publicize_connections":[],"jetpack_featured_media_url":"https:\/\/www.hoymercedes.com.ar\/principal\/wp-content\/uploads\/2020\/12\/02-sesion-hcd-2.jpg","wps_subtitle":"A partir de la hora 19","jetpack_sharing_enabled":true,"_links":{"self":[{"href":"https:\/\/www.hoymercedes.com.ar\/principal\/wp-json\/wp\/v2\/posts\/121243","targetHints":{"allow":["GET"]}}],"collection":[{"href":"https:\/\/www.hoymercedes.com.ar\/principal\/wp-json\/wp\/v2\/posts"}],"about":[{"href":"https:\/\/www.hoymercedes.com.ar\/principal\/wp-json\/wp\/v2\/types\/post"}],"author":[{"embeddable":true,"href":"https:\/\/www.hoymercedes.com.ar\/principal\/wp-json\/wp\/v2\/users\/1"}],"replies":[{"embeddable":true,"href":"https:\/\/www.hoymercedes.com.ar\/principal\/wp-json\/wp\/v2\/comments?post=121243"}],"version-history":[{"count":0,"href":"https:\/\/www.hoymercedes.com.ar\/principal\/wp-json\/wp\/v2\/posts\/121243\/revisions"}],"wp:featuredmedia":[{"embeddable":true,"href":"https:\/\/www.hoymercedes.com.ar\/principal\/wp-json\/wp\/v2\/media\/121245"}],"wp:attachment":[{"href":"https:\/\/www.hoymercedes.com.ar\/principal\/wp-json\/wp\/v2\/media?parent=121243"}],"wp:term":[{"taxonomy":"category","embeddable":true,"href":"https:\/\/www.hoymercedes.com.ar\/principal\/wp-json\/wp\/v2\/categories?post=121243"},{"taxonomy":"post_tag","embeddable":true,"href":"https:\/\/www.hoymercedes.com.ar\/principal\/wp-json\/wp\/v2\/tags?post=121243"}],"curies":[{"name":"wp","href":"https:\/\/api.w.org\/{rel}","templated":true}]}}