{"id":121258,"date":"2020-12-02T23:50:55","date_gmt":"2020-12-03T02:50:55","guid":{"rendered":"http:\/\/www.hoymercedes.com.ar\/principal\/?p=121258"},"modified":"2020-12-02T23:51:01","modified_gmt":"2020-12-03T02:51:01","slug":"coronavirus-sigue-en-crecimiento-la-cantidad-de-positivos","status":"publish","type":"post","link":"https:\/\/www.hoymercedes.com.ar\/principal\/2020\/12\/02\/coronavirus-sigue-en-crecimiento-la-cantidad-de-positivos\/","title":{"rendered":"Coronavirus: Sigue en crecimiento la cantidad de positivos"},"content":{"rendered":"\n<p>El informe brindado por las autoridades sanitarias de Mercedes confirman que entre 42 test result\u00f3 un nuevo positivo de covid-19. As\u00edmismo, informan que 5 pacientes obtuvieron el alta m\u00e9dica. Con estas cifras 28 pacientes se encuentran con el virus activo de acuerdo a la informaci\u00f3n brindada. <\/p>\n\n\n\n<div class=\"wp-block-image\"><figure class=\"aligncenter size-large\"><img loading=\"lazy\" decoding=\"async\" width=\"800\" height=\"800\" data-attachment-id=\"121259\" data-permalink=\"https:\/\/www.hoymercedes.com.ar\/principal\/2020\/12\/02\/coronavirus-sigue-en-crecimiento-la-cantidad-de-positivos\/whatsapp-image-2020-12-02-at-21-38-10\/#main\" data-orig-file=\"https:\/\/www.hoymercedes.com.ar\/principal\/wp-content\/uploads\/2020\/12\/WhatsApp-Image-2020-12-02-at-21.38.10.jpeg\" data-orig-size=\"800,800\" data-comments-opened=\"0\" data-image-meta=\"{&quot;aperture&quot;:&quot;0&quot;,&quot;credit&quot;:&quot;&quot;,&quot;camera&quot;:&quot;&quot;,&quot;caption&quot;:&quot;&quot;,&quot;created_timestamp&quot;:&quot;0&quot;,&quot;copyright&quot;:&quot;&quot;,&quot;focal_length&quot;:&quot;0&quot;,&quot;iso&quot;:&quot;0&quot;,&quot;shutter_speed&quot;:&quot;0&quot;,&quot;title&quot;:&quot;&quot;,&quot;orientation&quot;:&quot;0&quot;}\" data-image-title=\"WhatsApp Image 2020-12-02 at 21.38.10\" data-image-description=\"\" data-image-caption=\"\" data-large-file=\"https:\/\/www.hoymercedes.com.ar\/principal\/wp-content\/uploads\/2020\/12\/WhatsApp-Image-2020-12-02-at-21.38.10.jpeg\" src=\"https:\/\/www.hoymercedes.com.ar\/principal\/wp-content\/uploads\/2020\/12\/WhatsApp-Image-2020-12-02-at-21.38.10.jpeg\" alt=\"\" class=\"wp-image-121259\" srcset=\"https:\/\/www.hoymercedes.com.ar\/principal\/wp-content\/uploads\/2020\/12\/WhatsApp-Image-2020-12-02-at-21.38.10.jpeg 800w, https:\/\/www.hoymercedes.com.ar\/principal\/wp-content\/uploads\/2020\/12\/WhatsApp-Image-2020-12-02-at-21.38.10-620x620.jpeg 620w, https:\/\/www.hoymercedes.com.ar\/principal\/wp-content\/uploads\/2020\/12\/WhatsApp-Image-2020-12-02-at-21.38.10-150x150.jpeg 150w\" sizes=\"auto, (max-width: 800px) 100vw, 800px\" \/><\/figure><\/div>\n\n\n\n<p>Informe Nacional: Confirmaron 7.533 nuevos casos de COVID-19\u200b. Con estos registros, \u200bsuman 1.440.103 positivos en el pa\u00eds, de los cuales 1.268.358 son pacientes recuperados y 132.589 son casos confirmados activos. En las \u00faltimas 24 hs fueron realizados 49.474 testeos y desde el inicio del brote se realizaron \u200b3.975.760 pruebas diagn\u00f3sticas\u200b para esta enfermedad, lo que \u200bequivale a 87.616 muestras por mill\u00f3n de habitantes.<\/p>\n\n\n\n<p>En las \u00faltimas 24 horas, se notificaron 228 nuevas muertes, son 140 hombres y 87 mujeres. Al momento la cantidad de personas fallecidas es 39.156. Una persona notificada como fallecida residente de la provincia de C\u00f3rdoba no registra dato de sexo.<\/p>\n\n\n\n<p>Detalle por provincia (No de confirmados | No de acumulados): Buenos Aires 1.924 | 622.778; Ciudad de Buenos Aires 306 | 159.509; Catamarca 8 | 1.891; Chaco 198 | 19.793; Chubut 256 | 23.545; Corrientes 211 | 7.502; C\u00f3rdoba 790 | 115.712; Entre R\u00edos 296 | 23.800; Formosa 4 | 187; Jujuy 6 | 18.403; La Pampa 104 | 5.977; La Rioja 33 | 8.768; Mendoza 214 | 57.023; Misiones 14 | 533; Neuqu\u00e9n 389 | 32.801; R\u00edo Negro 258 | 32.207; Salta 49 | 21.251; San Juan 250 | 8.067; San Luis 101 | 14.809; Santa Cruz 237 | 16.478; Santa Fe 1.377 | 150.352; Santiago del Estero 129 | 15.843; Tierra del Fuego 128 | 16.388 y Tucum\u00e1n 251 | 66.486<\/p>\n","protected":false},"excerpt":{"rendered":"<p>El informe brindado por las autoridades sanitarias de Mercedes confirman que entre 42 test result\u00f3 un nuevo positivo de covid-19. &#8230; <a title=\"Coronavirus: Sigue en crecimiento la cantidad de positivos\" class=\"read-more\" href=\"https:\/\/www.hoymercedes.com.ar\/principal\/2020\/12\/02\/coronavirus-sigue-en-crecimiento-la-cantidad-de-positivos\/\" aria-label=\"Leer m\u00e1s sobre Coronavirus: Sigue en crecimiento la cantidad de positivos\">Leer m\u00e1s<\/a><\/p>\n","protected":false},"author":1,"featured_media":121259,"comment_status":"closed","ping_status":"open","sticky":false,"template":"","format":"standard","meta":{"_monsterinsights_skip_tracking":false,"_monsterinsights_sitenote_active":false,"_monsterinsights_sitenote_note":"","_monsterinsights_sitenote_category":0,"jetpack_post_was_ever_published":false,"_jetpack_newsletter_access":"","_jetpack_dont_email_post_to_subs":false,"_jetpack_newsletter_tier_id":0,"_jetpack_memberships_contains_paywalled_content":false,"_jetpack_memberships_contains_paid_content":false,"footnotes":"","jetpack_publicize_message":"","jetpack_publicize_feature_enabled":true,"jetpack_social_post_already_shared":true,"jetpack_social_options":{"image_generator_settings":{"template":"highway","default_image_id":0,"font":"","enabled":false},"version":2},"_wpas_customize_per_network":false},"categories":[9791],"tags":[],"class_list":["post-121258","post","type-post","status-publish","format-standard","has-post-thumbnail","hentry","category-salud","generate-columns","tablet-grid-50","mobile-grid-100","grid-parent","grid-50"],"jetpack_publicize_connections":[],"jetpack_featured_media_url":"https:\/\/www.hoymercedes.com.ar\/principal\/wp-content\/uploads\/2020\/12\/WhatsApp-Image-2020-12-02-at-21.38.10.jpeg","wps_subtitle":"Cierre del d\u00eda","jetpack_sharing_enabled":true,"_links":{"self":[{"href":"https:\/\/www.hoymercedes.com.ar\/principal\/wp-json\/wp\/v2\/posts\/121258","targetHints":{"allow":["GET"]}}],"collection":[{"href":"https:\/\/www.hoymercedes.com.ar\/principal\/wp-json\/wp\/v2\/posts"}],"about":[{"href":"https:\/\/www.hoymercedes.com.ar\/principal\/wp-json\/wp\/v2\/types\/post"}],"author":[{"embeddable":true,"href":"https:\/\/www.hoymercedes.com.ar\/principal\/wp-json\/wp\/v2\/users\/1"}],"replies":[{"embeddable":true,"href":"https:\/\/www.hoymercedes.com.ar\/principal\/wp-json\/wp\/v2\/comments?post=121258"}],"version-history":[{"count":0,"href":"https:\/\/www.hoymercedes.com.ar\/principal\/wp-json\/wp\/v2\/posts\/121258\/revisions"}],"wp:featuredmedia":[{"embeddable":true,"href":"https:\/\/www.hoymercedes.com.ar\/principal\/wp-json\/wp\/v2\/media\/121259"}],"wp:attachment":[{"href":"https:\/\/www.hoymercedes.com.ar\/principal\/wp-json\/wp\/v2\/media?parent=121258"}],"wp:term":[{"taxonomy":"category","embeddable":true,"href":"https:\/\/www.hoymercedes.com.ar\/principal\/wp-json\/wp\/v2\/categories?post=121258"},{"taxonomy":"post_tag","embeddable":true,"href":"https:\/\/www.hoymercedes.com.ar\/principal\/wp-json\/wp\/v2\/tags?post=121258"}],"curies":[{"name":"wp","href":"https:\/\/api.w.org\/{rel}","templated":true}]}}