{"id":121269,"date":"2020-12-03T11:14:23","date_gmt":"2020-12-03T14:14:23","guid":{"rendered":"http:\/\/www.hoymercedes.com.ar\/principal\/?p=121269"},"modified":"2020-12-03T11:14:31","modified_gmt":"2020-12-03T14:14:31","slug":"ministro-tristan-bauer-visito-espacios-culturales-en-mercedes","status":"publish","type":"post","link":"https:\/\/www.hoymercedes.com.ar\/principal\/2020\/12\/03\/ministro-tristan-bauer-visito-espacios-culturales-en-mercedes\/","title":{"rendered":"Ministro Trist\u00e1n Bauer visit\u00f3 espacios culturales en Mercedes"},"content":{"rendered":"\n<p>D\u00edas atr\u00e1s, estuvo presente en la ciudad, el Ministro de Cultura del gobierno nacional Trist\u00e1n Bauer. En su encuentro con el Jefe Comunal Juan Ignacio Ustarroz, recorrieron espacios culturales municipales como el Centro Cultural La Trocha y el Teatro Argentino \u00abJulio C. Gioscio\u00bb y el Cine Teatro Espa\u00f1ol que el pr\u00f3ximo a\u00f1o ser\u00e1 la sede f\u00edsica de la <a href=\"https:\/\/www.hoymercedes.com.ar\/principal\/2020\/10\/08\/el-cine-espanol-sera-la-sede-fisica-de-la-fundacion-orsai\/\" data-type=\"post\" data-id=\"118169\">Comunidad Orsai que dirige Hern\u00e1n Casciari <\/a>y que est\u00e1 en restauraci\u00f3n de acuerdo al proyecto cultural del escritor mercedino. <\/p>\n\n\n\n<div class=\"wp-block-image\"><figure class=\"aligncenter size-large\"><img loading=\"lazy\" decoding=\"async\" width=\"800\" height=\"534\" data-attachment-id=\"121230\" data-permalink=\"https:\/\/www.hoymercedes.com.ar\/principal\/2020\/12\/02\/habilitan-acceso-de-la-av-2-desde-la-av-1\/02-bauer-1\/#main\" data-orig-file=\"https:\/\/www.hoymercedes.com.ar\/principal\/wp-content\/uploads\/2020\/12\/02-bauer-1.jpeg\" data-orig-size=\"800,534\" data-comments-opened=\"0\" data-image-meta=\"{&quot;aperture&quot;:&quot;0&quot;,&quot;credit&quot;:&quot;&quot;,&quot;camera&quot;:&quot;&quot;,&quot;caption&quot;:&quot;&quot;,&quot;created_timestamp&quot;:&quot;0&quot;,&quot;copyright&quot;:&quot;&quot;,&quot;focal_length&quot;:&quot;0&quot;,&quot;iso&quot;:&quot;0&quot;,&quot;shutter_speed&quot;:&quot;0&quot;,&quot;title&quot;:&quot;&quot;,&quot;orientation&quot;:&quot;0&quot;}\" data-image-title=\"02 bauer 1\" data-image-description=\"\" data-image-caption=\"\" data-large-file=\"https:\/\/www.hoymercedes.com.ar\/principal\/wp-content\/uploads\/2020\/12\/02-bauer-1.jpeg\" src=\"https:\/\/www.hoymercedes.com.ar\/principal\/wp-content\/uploads\/2020\/12\/02-bauer-1.jpeg\" alt=\"\" class=\"wp-image-121230\" srcset=\"https:\/\/www.hoymercedes.com.ar\/principal\/wp-content\/uploads\/2020\/12\/02-bauer-1.jpeg 800w, https:\/\/www.hoymercedes.com.ar\/principal\/wp-content\/uploads\/2020\/12\/02-bauer-1-630x421.jpeg 630w, https:\/\/www.hoymercedes.com.ar\/principal\/wp-content\/uploads\/2020\/12\/02-bauer-1-150x100.jpeg 150w\" sizes=\"auto, (max-width: 800px) 100vw, 800px\" \/><\/figure><\/div>\n\n\n\n<p>Acompa\u00f1ados de la Directora de Cultura luc\u00eda Capaccio y representantes de la Sociedad Espa\u00f1ola que preside Perla Garc\u00eda, recorrieron el espacio de calle 26 que durante casi 30 a\u00f1os devino en boliches bailables y est\u00e1 pensado como espacio cultural dedicado a la literatura y al cine emergente. <\/p>\n\n\n\n<p>\u00abEn Mercedes estamos tambi\u00e9n con muchos proyectos. Nosotros vemos que las inversiones que hemos llevado adelante y las que vamos a llevar a futuro tienen que ver con un desarrollo de las culturas. Hemos recorrido un teatro que es una verdadera joya, una maravilla y ya r\u00e1pidamente nos vamos a juntar para llegar a un acuerdo y hacer inversiones ah\u00ed y ver las distintas propuestas y alternativas\u201d expres\u00f3 Bauer a las autoridades comunales seg\u00fan la informaci\u00f3n enviada por prensa municipal.  \u00a0<\/p>\n\n\n\n<p>Tambi\u00e9n acompa\u00f1aron la Secretaria de Gobierno Municipal, Clara Zunino, y la Directora de Acci\u00f3n Federal, Laura Bianchi, adem\u00e1s de los equipos t\u00e9cnicos del Centro Cultural La Trocha y del Teatro Argentino.<\/p>\n\n\n\n<div class=\"wp-block-image\"><figure class=\"aligncenter size-large\"><img loading=\"lazy\" decoding=\"async\" width=\"800\" height=\"533\" data-attachment-id=\"121232\" data-permalink=\"https:\/\/www.hoymercedes.com.ar\/principal\/2020\/12\/02\/habilitan-acceso-de-la-av-2-desde-la-av-1\/02-bauer-3\/#main\" data-orig-file=\"https:\/\/www.hoymercedes.com.ar\/principal\/wp-content\/uploads\/2020\/12\/02-bauer-3.jpeg\" data-orig-size=\"800,533\" data-comments-opened=\"0\" data-image-meta=\"{&quot;aperture&quot;:&quot;0&quot;,&quot;credit&quot;:&quot;&quot;,&quot;camera&quot;:&quot;&quot;,&quot;caption&quot;:&quot;&quot;,&quot;created_timestamp&quot;:&quot;0&quot;,&quot;copyright&quot;:&quot;&quot;,&quot;focal_length&quot;:&quot;0&quot;,&quot;iso&quot;:&quot;0&quot;,&quot;shutter_speed&quot;:&quot;0&quot;,&quot;title&quot;:&quot;&quot;,&quot;orientation&quot;:&quot;0&quot;}\" data-image-title=\"02 bauer 3\" data-image-description=\"\" data-image-caption=\"\" data-large-file=\"https:\/\/www.hoymercedes.com.ar\/principal\/wp-content\/uploads\/2020\/12\/02-bauer-3.jpeg\" src=\"https:\/\/www.hoymercedes.com.ar\/principal\/wp-content\/uploads\/2020\/12\/02-bauer-3.jpeg\" alt=\"\" class=\"wp-image-121232\" srcset=\"https:\/\/www.hoymercedes.com.ar\/principal\/wp-content\/uploads\/2020\/12\/02-bauer-3.jpeg 800w, https:\/\/www.hoymercedes.com.ar\/principal\/wp-content\/uploads\/2020\/12\/02-bauer-3-630x420.jpeg 630w, https:\/\/www.hoymercedes.com.ar\/principal\/wp-content\/uploads\/2020\/12\/02-bauer-3-150x100.jpeg 150w, https:\/\/www.hoymercedes.com.ar\/principal\/wp-content\/uploads\/2020\/12\/02-bauer-3-700x465.jpeg 700w\" sizes=\"auto, (max-width: 800px) 100vw, 800px\" \/><\/figure><\/div>\n","protected":false},"excerpt":{"rendered":"<p>D\u00edas atr\u00e1s, estuvo presente en la ciudad, el Ministro de Cultura del gobierno nacional Trist\u00e1n Bauer. En su encuentro con &#8230; <a title=\"Ministro Trist\u00e1n Bauer visit\u00f3 espacios culturales en Mercedes\" class=\"read-more\" href=\"https:\/\/www.hoymercedes.com.ar\/principal\/2020\/12\/03\/ministro-tristan-bauer-visito-espacios-culturales-en-mercedes\/\" aria-label=\"Leer m\u00e1s sobre Ministro Trist\u00e1n Bauer visit\u00f3 espacios culturales en Mercedes\">Leer m\u00e1s<\/a><\/p>\n","protected":false},"author":1,"featured_media":121231,"comment_status":"closed","ping_status":"open","sticky":false,"template":"","format":"standard","meta":{"_monsterinsights_skip_tracking":false,"_monsterinsights_sitenote_active":false,"_monsterinsights_sitenote_note":"","_monsterinsights_sitenote_category":0,"jetpack_post_was_ever_published":false,"_jetpack_newsletter_access":"","_jetpack_dont_email_post_to_subs":false,"_jetpack_newsletter_tier_id":0,"_jetpack_memberships_contains_paywalled_content":false,"_jetpack_memberships_contains_paid_content":false,"footnotes":"","jetpack_publicize_message":"","jetpack_publicize_feature_enabled":true,"jetpack_social_post_already_shared":true,"jetpack_social_options":{"image_generator_settings":{"template":"highway","default_image_id":0,"font":"","enabled":false},"version":2},"_wpas_customize_per_network":false},"categories":[30],"tags":[],"class_list":["post-121269","post","type-post","status-publish","format-standard","has-post-thumbnail","hentry","category-municipio","generate-columns","tablet-grid-50","mobile-grid-100","grid-parent","grid-50"],"jetpack_publicize_connections":[],"jetpack_featured_media_url":"https:\/\/www.hoymercedes.com.ar\/principal\/wp-content\/uploads\/2020\/12\/02-bauer-2.jpeg","wps_subtitle":"Acompa\u00f1amiento nacional","jetpack_sharing_enabled":true,"_links":{"self":[{"href":"https:\/\/www.hoymercedes.com.ar\/principal\/wp-json\/wp\/v2\/posts\/121269","targetHints":{"allow":["GET"]}}],"collection":[{"href":"https:\/\/www.hoymercedes.com.ar\/principal\/wp-json\/wp\/v2\/posts"}],"about":[{"href":"https:\/\/www.hoymercedes.com.ar\/principal\/wp-json\/wp\/v2\/types\/post"}],"author":[{"embeddable":true,"href":"https:\/\/www.hoymercedes.com.ar\/principal\/wp-json\/wp\/v2\/users\/1"}],"replies":[{"embeddable":true,"href":"https:\/\/www.hoymercedes.com.ar\/principal\/wp-json\/wp\/v2\/comments?post=121269"}],"version-history":[{"count":0,"href":"https:\/\/www.hoymercedes.com.ar\/principal\/wp-json\/wp\/v2\/posts\/121269\/revisions"}],"wp:featuredmedia":[{"embeddable":true,"href":"https:\/\/www.hoymercedes.com.ar\/principal\/wp-json\/wp\/v2\/media\/121231"}],"wp:attachment":[{"href":"https:\/\/www.hoymercedes.com.ar\/principal\/wp-json\/wp\/v2\/media?parent=121269"}],"wp:term":[{"taxonomy":"category","embeddable":true,"href":"https:\/\/www.hoymercedes.com.ar\/principal\/wp-json\/wp\/v2\/categories?post=121269"},{"taxonomy":"post_tag","embeddable":true,"href":"https:\/\/www.hoymercedes.com.ar\/principal\/wp-json\/wp\/v2\/tags?post=121269"}],"curies":[{"name":"wp","href":"https:\/\/api.w.org\/{rel}","templated":true}]}}