{"id":121303,"date":"2020-12-04T10:04:52","date_gmt":"2020-12-04T13:04:52","guid":{"rendered":"http:\/\/www.hoymercedes.com.ar\/principal\/?p=121303"},"modified":"2020-12-04T10:04:57","modified_gmt":"2020-12-04T13:04:57","slug":"construyen-polideportivo-en-el-barrio-villa-del-parque","status":"publish","type":"post","link":"https:\/\/www.hoymercedes.com.ar\/principal\/2020\/12\/04\/construyen-polideportivo-en-el-barrio-villa-del-parque\/","title":{"rendered":"Construyen polideportivo en el Barrio Villa del Parque"},"content":{"rendered":"\n<p>Informaci\u00f3n Municipal &#8211; El Municipio de Mercedes avanza en las obras dispuestas en el barrio Villa del Parque que brindar\u00e1 nuevas instalaciones deportivas a los vecinos de la ciudad. La misma representar\u00e1 una extensi\u00f3n del emblem\u00e1tico CEF 40. Esta nueva obra se suma a los espacios municipales desarrollados en los \u00faltimos a\u00f1os que han cuantificado la infraestructura deportiva y recreativa en toda la ciudad. \u00a0<\/p>\n\n\n\n<div class=\"wp-block-image\"><figure class=\"aligncenter size-large\"><img loading=\"lazy\" decoding=\"async\" width=\"800\" height=\"533\" data-attachment-id=\"121304\" data-permalink=\"https:\/\/www.hoymercedes.com.ar\/principal\/2020\/12\/04\/construyen-polideportivo-en-el-barrio-villa-del-parque\/dsc01702\/#main\" data-orig-file=\"https:\/\/www.hoymercedes.com.ar\/principal\/wp-content\/uploads\/2020\/12\/DSC01702.jpg\" data-orig-size=\"800,533\" data-comments-opened=\"0\" data-image-meta=\"{&quot;aperture&quot;:&quot;0&quot;,&quot;credit&quot;:&quot;&quot;,&quot;camera&quot;:&quot;&quot;,&quot;caption&quot;:&quot;&quot;,&quot;created_timestamp&quot;:&quot;1607075342&quot;,&quot;copyright&quot;:&quot;&quot;,&quot;focal_length&quot;:&quot;0&quot;,&quot;iso&quot;:&quot;0&quot;,&quot;shutter_speed&quot;:&quot;0&quot;,&quot;title&quot;:&quot;&quot;,&quot;orientation&quot;:&quot;1&quot;}\" data-image-title=\"DSC01702\" data-image-description=\"\" data-image-caption=\"\" data-large-file=\"https:\/\/www.hoymercedes.com.ar\/principal\/wp-content\/uploads\/2020\/12\/DSC01702.jpg\" src=\"https:\/\/www.hoymercedes.com.ar\/principal\/wp-content\/uploads\/2020\/12\/DSC01702.jpg\" alt=\"\" class=\"wp-image-121304\" srcset=\"https:\/\/www.hoymercedes.com.ar\/principal\/wp-content\/uploads\/2020\/12\/DSC01702.jpg 800w, https:\/\/www.hoymercedes.com.ar\/principal\/wp-content\/uploads\/2020\/12\/DSC01702-630x420.jpg 630w, https:\/\/www.hoymercedes.com.ar\/principal\/wp-content\/uploads\/2020\/12\/DSC01702-150x100.jpg 150w, https:\/\/www.hoymercedes.com.ar\/principal\/wp-content\/uploads\/2020\/12\/DSC01702-700x465.jpg 700w\" sizes=\"auto, (max-width: 800px) 100vw, 800px\" \/><\/figure><\/div>\n\n\n\n<p>El intendente Juan Ignacio Ustarroz manifest\u00f3 \u201cestamos muy contentos de poder hacer una extensi\u00f3n del CEF 40, algo que nos enorgullece\u201d. &nbsp;<\/p>\n\n\n\n<p>\u201cQuiero agradecer a todo el sector deportivo de Mercedes que permanentemente nos acompa\u00f1a, nos trae proyectos, propuestas, donde podemos pensar y dise\u00f1ar una ciudad m\u00e1s deportiva que es el objetivo esencial nuestro\u201d subray\u00f3 el intendente Ustarroz y agreg\u00f3 \u201cque despu\u00e9s de la pandemia -fundamentalmente- los ni\u00f1os, los j\u00f3venes y las familias encuentren en la ciudad cada vez m\u00e1s espacios para poder hacer deporte, para encontrarse, reunirse y&nbsp;volcarse&nbsp;a la vida saludable y armoniosa\u201d. &nbsp;<\/p>\n\n\n\n<p>Asimismo, Ustarroz se\u00f1al\u00f3 \u201cmuy contentos por el lado del deporte, pero tambi\u00e9n, por el lado de la obra, yo quiero felicitar al Secretario de Obras P\u00fablicas, porque hay mucha cantidad de obra que ser\u00e1 muy importante para la ciudad, misma que genera trabajo\u201d y ahond\u00f3 \u201cpara nosotros como Estado es muy importante, por un lado, promover el deporte, pero tambi\u00e9n promover el trabajo genuino\u201d. \u00a0<\/p>\n\n\n\n<p>\u201cEstos son bienes que van a quedar para la comunidad de Mercedes, esto nos da mucha energ\u00eda para ir cerrando un a\u00f1o muy dif\u00edcil, donde esperamos tener un a\u00f1o 2021 mucho mejor, con m\u00e1s obra y m\u00e1s trabajo y con un pueblo unido en el trabajo, el deporte y la salud\u201d destac\u00f3 el intendente Ustarroz.&nbsp;&nbsp;&nbsp;&nbsp;&nbsp;&nbsp;&nbsp;&nbsp;&nbsp;<\/p>\n\n\n\n<p>El secretario de Obras P\u00fablicas, Emanuel P\u00e9rez Carrera dijo \u201cestamos en la etapa m\u00e1s de terminaciones (cielo raso, luminarias, pintura, etc) saliendo de la obra gruesa, si bien hay algunas cuestiones relacionadas a las instalaciones, son menores\u201d y cont\u00f3 \u201cla fecha de finalizaci\u00f3n est\u00e1 programada para fines de enero\u201d &nbsp;<\/p>\n\n\n\n<p>Por su parte, el Director de Deportes Juan Mart\u00edn Silvestre expres\u00f3 \u201cesta es una obra que comenzamos a fines del a\u00f1o pasado y principio de este, donde estamos haciendo un sum, dos vestuarios (locales y visitantes) m\u00e1s ba\u00f1os al exterior y acondicionamiento de la cancha barrial, para que funcione como una cancha de hockey donde el CEF 40 tendr\u00e1 una extensi\u00f3n para realizar esa y otras actividades\u201d y apunt\u00f3 \u201cpara nosotros como Municipio poder brindar este espacio de calidad para las chicas y los chicos que van al CEF es muy importante\u201d.<br><\/p>\n","protected":false},"excerpt":{"rendered":"<p>Informaci\u00f3n Municipal &#8211; El Municipio de Mercedes avanza en las obras dispuestas en el barrio Villa del Parque que brindar\u00e1 &#8230; <a title=\"Construyen polideportivo en el Barrio Villa del Parque\" class=\"read-more\" href=\"https:\/\/www.hoymercedes.com.ar\/principal\/2020\/12\/04\/construyen-polideportivo-en-el-barrio-villa-del-parque\/\" aria-label=\"Leer m\u00e1s sobre Construyen polideportivo en el Barrio Villa del Parque\">Leer m\u00e1s<\/a><\/p>\n","protected":false},"author":1,"featured_media":121304,"comment_status":"closed","ping_status":"open","sticky":false,"template":"","format":"standard","meta":{"_monsterinsights_skip_tracking":false,"_monsterinsights_sitenote_active":false,"_monsterinsights_sitenote_note":"","_monsterinsights_sitenote_category":0,"jetpack_post_was_ever_published":false,"_jetpack_newsletter_access":"","_jetpack_dont_email_post_to_subs":false,"_jetpack_newsletter_tier_id":0,"_jetpack_memberships_contains_paywalled_content":false,"_jetpack_memberships_contains_paid_content":false,"footnotes":"","jetpack_publicize_message":"","jetpack_publicize_feature_enabled":true,"jetpack_social_post_already_shared":true,"jetpack_social_options":{"image_generator_settings":{"template":"highway","default_image_id":0,"font":"","enabled":false},"version":2},"_wpas_customize_per_network":false},"categories":[30],"tags":[],"class_list":["post-121303","post","type-post","status-publish","format-standard","has-post-thumbnail","hentry","category-municipio","generate-columns","tablet-grid-50","mobile-grid-100","grid-parent","grid-50"],"jetpack_publicize_connections":[],"jetpack_featured_media_url":"https:\/\/www.hoymercedes.com.ar\/principal\/wp-content\/uploads\/2020\/12\/DSC01702.jpg","wps_subtitle":"","jetpack_sharing_enabled":true,"_links":{"self":[{"href":"https:\/\/www.hoymercedes.com.ar\/principal\/wp-json\/wp\/v2\/posts\/121303","targetHints":{"allow":["GET"]}}],"collection":[{"href":"https:\/\/www.hoymercedes.com.ar\/principal\/wp-json\/wp\/v2\/posts"}],"about":[{"href":"https:\/\/www.hoymercedes.com.ar\/principal\/wp-json\/wp\/v2\/types\/post"}],"author":[{"embeddable":true,"href":"https:\/\/www.hoymercedes.com.ar\/principal\/wp-json\/wp\/v2\/users\/1"}],"replies":[{"embeddable":true,"href":"https:\/\/www.hoymercedes.com.ar\/principal\/wp-json\/wp\/v2\/comments?post=121303"}],"version-history":[{"count":0,"href":"https:\/\/www.hoymercedes.com.ar\/principal\/wp-json\/wp\/v2\/posts\/121303\/revisions"}],"wp:featuredmedia":[{"embeddable":true,"href":"https:\/\/www.hoymercedes.com.ar\/principal\/wp-json\/wp\/v2\/media\/121304"}],"wp:attachment":[{"href":"https:\/\/www.hoymercedes.com.ar\/principal\/wp-json\/wp\/v2\/media?parent=121303"}],"wp:term":[{"taxonomy":"category","embeddable":true,"href":"https:\/\/www.hoymercedes.com.ar\/principal\/wp-json\/wp\/v2\/categories?post=121303"},{"taxonomy":"post_tag","embeddable":true,"href":"https:\/\/www.hoymercedes.com.ar\/principal\/wp-json\/wp\/v2\/tags?post=121303"}],"curies":[{"name":"wp","href":"https:\/\/api.w.org\/{rel}","templated":true}]}}