{"id":121329,"date":"2020-12-04T19:37:41","date_gmt":"2020-12-04T22:37:41","guid":{"rendered":"http:\/\/www.hoymercedes.com.ar\/principal\/?p=121329"},"modified":"2020-12-04T19:37:47","modified_gmt":"2020-12-04T22:37:47","slug":"celebran-dos-anos-del-mercado-sustentable","status":"publish","type":"post","link":"https:\/\/www.hoymercedes.com.ar\/principal\/2020\/12\/04\/celebran-dos-anos-del-mercado-sustentable\/","title":{"rendered":"Celebran dos a\u00f1os del Mercado Sustentable"},"content":{"rendered":"\n<p>Este s\u00e1bado 5 de diciembre, el Mercado Sustentable celebrar\u00e1 su segundo aniversario con las puertas abiertas y m\u00fasica al aire libre en el Centro Cultural La Trocha. Desde las 10 hasta las 15, se presentar\u00e1n Sienvolando, Lorena Mayol, Marilina Erramuspe, Virginia Atube y el Tano. <\/p>\n\n\n\n<div class=\"wp-block-image\"><figure class=\"aligncenter size-large\"><img loading=\"lazy\" decoding=\"async\" width=\"834\" height=\"834\" data-attachment-id=\"121330\" data-permalink=\"https:\/\/www.hoymercedes.com.ar\/principal\/2020\/12\/04\/celebran-dos-anos-del-mercado-sustentable\/04-sustentable-2\/#main\" data-orig-file=\"https:\/\/www.hoymercedes.com.ar\/principal\/wp-content\/uploads\/2020\/12\/04-sustentable.jpg\" data-orig-size=\"834,834\" data-comments-opened=\"0\" data-image-meta=\"{&quot;aperture&quot;:&quot;0&quot;,&quot;credit&quot;:&quot;&quot;,&quot;camera&quot;:&quot;&quot;,&quot;caption&quot;:&quot;&quot;,&quot;created_timestamp&quot;:&quot;0&quot;,&quot;copyright&quot;:&quot;&quot;,&quot;focal_length&quot;:&quot;0&quot;,&quot;iso&quot;:&quot;0&quot;,&quot;shutter_speed&quot;:&quot;0&quot;,&quot;title&quot;:&quot;&quot;,&quot;orientation&quot;:&quot;0&quot;}\" data-image-title=\"04 sustentable\" data-image-description=\"\" data-image-caption=\"\" data-large-file=\"https:\/\/www.hoymercedes.com.ar\/principal\/wp-content\/uploads\/2020\/12\/04-sustentable.jpg\" src=\"https:\/\/www.hoymercedes.com.ar\/principal\/wp-content\/uploads\/2020\/12\/04-sustentable.jpg\" alt=\"\" class=\"wp-image-121330\" srcset=\"https:\/\/www.hoymercedes.com.ar\/principal\/wp-content\/uploads\/2020\/12\/04-sustentable.jpg 834w, https:\/\/www.hoymercedes.com.ar\/principal\/wp-content\/uploads\/2020\/12\/04-sustentable-620x620.jpg 620w, https:\/\/www.hoymercedes.com.ar\/principal\/wp-content\/uploads\/2020\/12\/04-sustentable-150x150.jpg 150w\" sizes=\"auto, (max-width: 834px) 100vw, 834px\" \/><\/figure><\/div>\n\n\n\n<p>La iniciativa de la Secretar\u00eda de Desarrollo Social municipal, la Direcci\u00f3n de Producci\u00f3n y los productores locales tiene como objetivo poner a la venta productos \u2013 agroecol\u00f3gicos u org\u00e1nicos- sin mediadores. \u201cEste ha sido un a\u00f1o complicado por las circunstancias que todos sabemos, pero con gran inventiva, mucho esfuerzo y trabajo, los productores pudieron seguir desarrollando esta actividad que les brinda a los vecinos una alternativa de alimentaci\u00f3n m\u00e1s sana y natural\u201d se\u00f1al\u00f3 la secretaria de Desarrollo Social, Jorgelina Silva. \u00a0<\/p>\n\n\n\n<p>En ese sentido, Silva apunt\u00f3 \u201cadem\u00e1s se genera trabajo genuino, ya que los productores tienen la posibilidad de exhibir y vender lo que hacen y producen, creando un mercado alternativo\u201d y cont\u00f3 \u201cen este tiempo tuvieron que volcarse a los env\u00edos por delivery, algo que los vecinos supieron aprovechar y agradecer, pero ahora, mediante los protocolos de seguridad para ferias, se puede volver de forma presencial\u201d. &nbsp;<\/p>\n\n\n\n<p>En cuanto al festejo, la secretaria de Desarrollo Social expres\u00f3 \u201cesperamos que el tiempo nos acompa\u00f1e, las actividades comenzar\u00e1n a las 10:00 de la ma\u00f1ana y se extender\u00e1n hasta las 15:00, habr\u00e1 shows en vivo -a la gorra- donde adem\u00e1s de estar la feria, habr\u00e1 un restaurant sustentable para que los vecinos puedan degustar comidas hechos con productos de la feria\u201d.&nbsp;&nbsp;&nbsp;<\/p>\n\n\n\n<p>Este evento se realizar\u00e1 al aire libre con los protocolos sanitarios vigentes (tapabocas, distanciamiento, uso del alcohol en gel) y se informa que se suspende por lluvia<\/p>\n","protected":false},"excerpt":{"rendered":"<p>Este s\u00e1bado 5 de diciembre, el Mercado Sustentable celebrar\u00e1 su segundo aniversario con las puertas abiertas y m\u00fasica al aire &#8230; <a title=\"Celebran dos a\u00f1os del Mercado Sustentable\" class=\"read-more\" href=\"https:\/\/www.hoymercedes.com.ar\/principal\/2020\/12\/04\/celebran-dos-anos-del-mercado-sustentable\/\" aria-label=\"Leer m\u00e1s sobre Celebran dos a\u00f1os del Mercado Sustentable\">Leer m\u00e1s<\/a><\/p>\n","protected":false},"author":1,"featured_media":121330,"comment_status":"closed","ping_status":"open","sticky":false,"template":"","format":"standard","meta":{"_monsterinsights_skip_tracking":false,"_monsterinsights_sitenote_active":false,"_monsterinsights_sitenote_note":"","_monsterinsights_sitenote_category":0,"jetpack_post_was_ever_published":false,"_jetpack_newsletter_access":"","_jetpack_dont_email_post_to_subs":false,"_jetpack_newsletter_tier_id":0,"_jetpack_memberships_contains_paywalled_content":false,"_jetpack_memberships_contains_paid_content":false,"footnotes":"","jetpack_publicize_message":"","jetpack_publicize_feature_enabled":true,"jetpack_social_post_already_shared":true,"jetpack_social_options":{"image_generator_settings":{"template":"highway","default_image_id":0,"font":"","enabled":false},"version":2},"_wpas_customize_per_network":false},"categories":[30],"tags":[],"class_list":["post-121329","post","type-post","status-publish","format-standard","has-post-thumbnail","hentry","category-municipio","generate-columns","tablet-grid-50","mobile-grid-100","grid-parent","grid-50"],"jetpack_publicize_connections":[],"jetpack_featured_media_url":"https:\/\/www.hoymercedes.com.ar\/principal\/wp-content\/uploads\/2020\/12\/04-sustentable.jpg","wps_subtitle":"S\u00e1bado 5, desde las 10","jetpack_sharing_enabled":true,"_links":{"self":[{"href":"https:\/\/www.hoymercedes.com.ar\/principal\/wp-json\/wp\/v2\/posts\/121329","targetHints":{"allow":["GET"]}}],"collection":[{"href":"https:\/\/www.hoymercedes.com.ar\/principal\/wp-json\/wp\/v2\/posts"}],"about":[{"href":"https:\/\/www.hoymercedes.com.ar\/principal\/wp-json\/wp\/v2\/types\/post"}],"author":[{"embeddable":true,"href":"https:\/\/www.hoymercedes.com.ar\/principal\/wp-json\/wp\/v2\/users\/1"}],"replies":[{"embeddable":true,"href":"https:\/\/www.hoymercedes.com.ar\/principal\/wp-json\/wp\/v2\/comments?post=121329"}],"version-history":[{"count":0,"href":"https:\/\/www.hoymercedes.com.ar\/principal\/wp-json\/wp\/v2\/posts\/121329\/revisions"}],"wp:featuredmedia":[{"embeddable":true,"href":"https:\/\/www.hoymercedes.com.ar\/principal\/wp-json\/wp\/v2\/media\/121330"}],"wp:attachment":[{"href":"https:\/\/www.hoymercedes.com.ar\/principal\/wp-json\/wp\/v2\/media?parent=121329"}],"wp:term":[{"taxonomy":"category","embeddable":true,"href":"https:\/\/www.hoymercedes.com.ar\/principal\/wp-json\/wp\/v2\/categories?post=121329"},{"taxonomy":"post_tag","embeddable":true,"href":"https:\/\/www.hoymercedes.com.ar\/principal\/wp-json\/wp\/v2\/tags?post=121329"}],"curies":[{"name":"wp","href":"https:\/\/api.w.org\/{rel}","templated":true}]}}