{"id":121333,"date":"2020-12-04T20:45:46","date_gmt":"2020-12-04T23:45:46","guid":{"rendered":"http:\/\/www.hoymercedes.com.ar\/principal\/?p=121333"},"modified":"2020-12-04T23:02:28","modified_gmt":"2020-12-05T02:02:28","slug":"nuevo-secretario-general-en-el-sindicato-de-empleados-de-comercio","status":"publish","type":"post","link":"https:\/\/www.hoymercedes.com.ar\/principal\/2020\/12\/04\/nuevo-secretario-general-en-el-sindicato-de-empleados-de-comercio\/","title":{"rendered":"Nuevo Secretario General en el Sindicato de Empleados de Comercio"},"content":{"rendered":"\n<p>Las autoridades del Sindicato de Empleados de Comercio de Mercedes anunciaron este viernes al nuevo Secretario General que remplaza a Carlos Pallero, fallecido recientemente. Pedro G\u00f3mez estar\u00e1 al frente del SEC acompa\u00f1ado por Sergio Caballero como Sub Secretario y Diego Gerdo como delegado ante OSECAC.<\/p>\n\n\n\n<div class=\"wp-block-image\"><figure class=\"aligncenter size-large\"><img loading=\"lazy\" decoding=\"async\" width=\"800\" height=\"533\" data-attachment-id=\"121336\" data-permalink=\"https:\/\/www.hoymercedes.com.ar\/principal\/2020\/12\/04\/nuevo-secretario-general-en-el-sindicato-de-empleados-de-comercio\/04-sindicato-empleados-comercios\/#main\" data-orig-file=\"https:\/\/www.hoymercedes.com.ar\/principal\/wp-content\/uploads\/2020\/12\/04-sindicato-empleados-comercios.jpeg\" data-orig-size=\"800,533\" data-comments-opened=\"0\" data-image-meta=\"{&quot;aperture&quot;:&quot;0&quot;,&quot;credit&quot;:&quot;&quot;,&quot;camera&quot;:&quot;&quot;,&quot;caption&quot;:&quot;&quot;,&quot;created_timestamp&quot;:&quot;0&quot;,&quot;copyright&quot;:&quot;&quot;,&quot;focal_length&quot;:&quot;0&quot;,&quot;iso&quot;:&quot;0&quot;,&quot;shutter_speed&quot;:&quot;0&quot;,&quot;title&quot;:&quot;&quot;,&quot;orientation&quot;:&quot;0&quot;}\" data-image-title=\"04 sindicato empleados comercios\" data-image-description=\"\" data-image-caption=\"\" data-large-file=\"https:\/\/www.hoymercedes.com.ar\/principal\/wp-content\/uploads\/2020\/12\/04-sindicato-empleados-comercios.jpeg\" src=\"https:\/\/www.hoymercedes.com.ar\/principal\/wp-content\/uploads\/2020\/12\/04-sindicato-empleados-comercios.jpeg\" alt=\"\" class=\"wp-image-121336\" srcset=\"https:\/\/www.hoymercedes.com.ar\/principal\/wp-content\/uploads\/2020\/12\/04-sindicato-empleados-comercios.jpeg 800w, https:\/\/www.hoymercedes.com.ar\/principal\/wp-content\/uploads\/2020\/12\/04-sindicato-empleados-comercios-630x420.jpeg 630w, https:\/\/www.hoymercedes.com.ar\/principal\/wp-content\/uploads\/2020\/12\/04-sindicato-empleados-comercios-150x100.jpeg 150w, https:\/\/www.hoymercedes.com.ar\/principal\/wp-content\/uploads\/2020\/12\/04-sindicato-empleados-comercios-700x465.jpeg 700w\" sizes=\"auto, (max-width: 800px) 100vw, 800px\" \/><\/figure><\/div>\n\n\n\n<p>Tras el fallecimiento del Carlos Pallero, el Sindicato de Empleados de Comercio de Mercedes debi\u00f3 reformular los principales cargos de la comisi\u00f3n directiva y presentar formalmente al nuevo Secretario General. Primero debieron realizar los tr\u00e1mites administrativos el organismo nacional que regula la actividad sindical y as\u00ed oficializaron a Pedro G\u00f3mez (trabajador de Supermercados La An\u00f3nima que integra la comisi\u00f3n directiva desde hace algunos a\u00f1os) como nuevo Secretario General.<\/p>\n\n\n\n<p>Por estatuto, el sindicato ya ten\u00eda normado cual era la sucesi\u00f3n de cargos. En este caso ante el fallecimiento del Secretario General asume el sub secretario y el lugar que dej\u00f3 vacante, fue suplantado por el primer vocal, quien corresponde a Sergio Caballero, por lo que ambos quedaron como secretario y sub secretario general.<\/p>\n\n\n\n<p>A su vez, estas modificaciones se dieron ante las autoridades de la obra social. Pallero era el secretario general del SEC y el delegado ante OSECAC. En ese caso, el sub delegado Diego Gerdo pas\u00f3 a estar como delegado para lo que es la delegaci\u00f3n Mercedes. Tras todas las presentaciones ante el ministerio, desde el SEC ya cuentan con las certificaciones necesarias para reestructurar la c\u00fapula sindical.<\/p>\n\n\n\n<p>\u201cLa idea es comenzar a funcionar. Con Carlos siempre tuvimos amplia libertad y formamos un equipo en el cual cada uno aporta su parte y en este caso ser\u00e1 acompa\u00f1ando a Pedro G\u00f3mez\u201d sostuvo Gerdo. Por otra parte, a\u00f1adi\u00f3 que el pr\u00f3ximo jueves har\u00e1n la presentaci\u00f3n formal ante las autoridades de la C\u00e1mara Econ\u00f3mica Mercedina.<\/p>\n\n\n\n<p>En cuanto a lo que ser\u00e1n los proyectos desde el SEC, Gerdo expres\u00f3 que \u201cvamos a tratar de mejorar lo que sea necesario. A pesar de la pandemia que ha golpeado, que es muy dif\u00edcil porque el sindicato se nutre de los aportes que hacemos los trabajadores, buscaremos mantener todos los servicios que tenesmos que no son pocos y tratar de seguir mejorando la situaci\u00f3n y el acompa\u00f1amiento a los empleados de comercio\u201d.<\/p>\n\n\n\n<p>Por otra parte como actividad a corto plazo desde el SEC informaron que, a ra\u00edz de la pandemia de Covid 19 y de los protocolos necesarios para desarrollar ciertas actividades &nbsp;por lo que queda del 2020 y el inicio del 2021, no se va a realizar la colonia de vacaciones por una cuesti\u00f3n de seguridad. <\/p>\n\n\n\n<p>Al respecto, Gerdo aclar\u00f3 que \u201cel protocolo es bastante complicado m\u00e1s que nada porque la colonia es sin costo para los afiliados y la cantidad de profesores&nbsp; que ten\u00edamos que tener lo hac\u00eda imposible, sumado a haber pasado todo un a\u00f1o sin cursos presenciales, se da por entendido que no ser\u00eda l\u00f3gico realizar una colonia\u201d. En tanto agreg\u00f3 que si va a estar disponible de acuerdo al protocolo la temporada de pileta, la cual ser\u00e1 durante los meses de enero y febrero, solo para afiliados al sindicato de empleados de comercio evitando que se produzca un aglomeraci\u00f3n de gente.<\/p>\n\n\n\n<p>Colaboraci\u00f3n: Mariano Oyarz\u00fa y Walter Anido<\/p>\n","protected":false},"excerpt":{"rendered":"<p>Las autoridades del Sindicato de Empleados de Comercio de Mercedes anunciaron este viernes al nuevo Secretario General que remplaza a &#8230; <a title=\"Nuevo Secretario General en el Sindicato de Empleados de Comercio\" class=\"read-more\" href=\"https:\/\/www.hoymercedes.com.ar\/principal\/2020\/12\/04\/nuevo-secretario-general-en-el-sindicato-de-empleados-de-comercio\/\" aria-label=\"Leer m\u00e1s sobre Nuevo Secretario General en el Sindicato de Empleados de Comercio\">Leer m\u00e1s<\/a><\/p>\n","protected":false},"author":1,"featured_media":121337,"comment_status":"closed","ping_status":"open","sticky":false,"template":"","format":"standard","meta":{"_monsterinsights_skip_tracking":false,"_monsterinsights_sitenote_active":false,"_monsterinsights_sitenote_note":"","_monsterinsights_sitenote_category":0,"jetpack_post_was_ever_published":false,"_jetpack_newsletter_access":"","_jetpack_dont_email_post_to_subs":false,"_jetpack_newsletter_tier_id":0,"_jetpack_memberships_contains_paywalled_content":false,"_jetpack_memberships_contains_paid_content":false,"footnotes":"","jetpack_publicize_message":"","jetpack_publicize_feature_enabled":true,"jetpack_social_post_already_shared":true,"jetpack_social_options":{"image_generator_settings":{"template":"highway","default_image_id":0,"font":"","enabled":false},"version":2},"_wpas_customize_per_network":false},"categories":[10563],"tags":[],"class_list":["post-121333","post","type-post","status-publish","format-standard","has-post-thumbnail","hentry","category-gremios-sindicatos","generate-columns","tablet-grid-50","mobile-grid-100","grid-parent","grid-50"],"jetpack_publicize_connections":[],"jetpack_featured_media_url":"https:\/\/www.hoymercedes.com.ar\/principal\/wp-content\/uploads\/2020\/12\/04-Sindicato-gomez-SEC.jpeg","wps_subtitle":"Pedro G\u00f3mez remplaza a Palleros","jetpack_sharing_enabled":true,"_links":{"self":[{"href":"https:\/\/www.hoymercedes.com.ar\/principal\/wp-json\/wp\/v2\/posts\/121333","targetHints":{"allow":["GET"]}}],"collection":[{"href":"https:\/\/www.hoymercedes.com.ar\/principal\/wp-json\/wp\/v2\/posts"}],"about":[{"href":"https:\/\/www.hoymercedes.com.ar\/principal\/wp-json\/wp\/v2\/types\/post"}],"author":[{"embeddable":true,"href":"https:\/\/www.hoymercedes.com.ar\/principal\/wp-json\/wp\/v2\/users\/1"}],"replies":[{"embeddable":true,"href":"https:\/\/www.hoymercedes.com.ar\/principal\/wp-json\/wp\/v2\/comments?post=121333"}],"version-history":[{"count":0,"href":"https:\/\/www.hoymercedes.com.ar\/principal\/wp-json\/wp\/v2\/posts\/121333\/revisions"}],"wp:featuredmedia":[{"embeddable":true,"href":"https:\/\/www.hoymercedes.com.ar\/principal\/wp-json\/wp\/v2\/media\/121337"}],"wp:attachment":[{"href":"https:\/\/www.hoymercedes.com.ar\/principal\/wp-json\/wp\/v2\/media?parent=121333"}],"wp:term":[{"taxonomy":"category","embeddable":true,"href":"https:\/\/www.hoymercedes.com.ar\/principal\/wp-json\/wp\/v2\/categories?post=121333"},{"taxonomy":"post_tag","embeddable":true,"href":"https:\/\/www.hoymercedes.com.ar\/principal\/wp-json\/wp\/v2\/tags?post=121333"}],"curies":[{"name":"wp","href":"https:\/\/api.w.org\/{rel}","templated":true}]}}