{"id":121413,"date":"2020-12-07T13:06:39","date_gmt":"2020-12-07T16:06:39","guid":{"rendered":"http:\/\/www.hoymercedes.com.ar\/principal\/?p=121413"},"modified":"2020-12-07T16:16:43","modified_gmt":"2020-12-07T19:16:43","slug":"dos-anos-del-mercado-sustenable-celebraron-el-sabado-pasado","status":"publish","type":"post","link":"https:\/\/www.hoymercedes.com.ar\/principal\/2020\/12\/07\/dos-anos-del-mercado-sustenable-celebraron-el-sabado-pasado\/","title":{"rendered":"Dos a\u00f1os del Mercado Sustenable celebraron el s\u00e1bado pasado"},"content":{"rendered":"\n<p>El \u00faltimo s\u00e1bado se conmemor\u00f3 el 2\u00ba aniversario del \u201cMercado Sustentable\u201d. La propuesta que acerca a productores locales a los vecinos. En la celebraci\u00f3n hubo espect\u00e1culos en vivo, patio gastron\u00f3mico y productos naturales y agro ecol\u00f3gicos. En el Centro Cultural La Trocha cada quince d\u00edas los productores locales venden sus productos. <\/p>\n\n\n\n<div class=\"wp-block-image\"><figure class=\"aligncenter size-large\"><img loading=\"lazy\" decoding=\"async\" width=\"800\" height=\"533\" data-attachment-id=\"121414\" data-permalink=\"https:\/\/www.hoymercedes.com.ar\/principal\/2020\/12\/07\/dos-anos-del-mercado-sustenable-celebraron-el-sabado-pasado\/07-mercado-sustentable\/#main\" data-orig-file=\"https:\/\/www.hoymercedes.com.ar\/principal\/wp-content\/uploads\/2020\/12\/07-mercado-sustentable.jpg\" data-orig-size=\"800,533\" data-comments-opened=\"0\" data-image-meta=\"{&quot;aperture&quot;:&quot;0&quot;,&quot;credit&quot;:&quot;&quot;,&quot;camera&quot;:&quot;&quot;,&quot;caption&quot;:&quot;&quot;,&quot;created_timestamp&quot;:&quot;0&quot;,&quot;copyright&quot;:&quot;&quot;,&quot;focal_length&quot;:&quot;0&quot;,&quot;iso&quot;:&quot;0&quot;,&quot;shutter_speed&quot;:&quot;0&quot;,&quot;title&quot;:&quot;&quot;,&quot;orientation&quot;:&quot;0&quot;}\" data-image-title=\"07 mercado sustentable\" data-image-description=\"\" data-image-caption=\"\" data-large-file=\"https:\/\/www.hoymercedes.com.ar\/principal\/wp-content\/uploads\/2020\/12\/07-mercado-sustentable.jpg\" src=\"https:\/\/www.hoymercedes.com.ar\/principal\/wp-content\/uploads\/2020\/12\/07-mercado-sustentable.jpg\" alt=\"\" class=\"wp-image-121414\" srcset=\"https:\/\/www.hoymercedes.com.ar\/principal\/wp-content\/uploads\/2020\/12\/07-mercado-sustentable.jpg 800w, https:\/\/www.hoymercedes.com.ar\/principal\/wp-content\/uploads\/2020\/12\/07-mercado-sustentable-630x420.jpg 630w, https:\/\/www.hoymercedes.com.ar\/principal\/wp-content\/uploads\/2020\/12\/07-mercado-sustentable-150x100.jpg 150w, https:\/\/www.hoymercedes.com.ar\/principal\/wp-content\/uploads\/2020\/12\/07-mercado-sustentable-700x465.jpg 700w\" sizes=\"auto, (max-width: 800px) 100vw, 800px\" \/><\/figure><\/div>\n\n\n\n<p>El primer y tercer s\u00e1bado de cada mes, desde el Complejo La Trocha, los vecinos pueden encontrar verduras de la huerta agroecol\u00f3gica, panificados y resposter\u00eda integral, dulces y conservas caseras, miel, queso, huevos de campo, jugos naturales, cerveza artesanal, vino patero, medicina y cosm\u00e9tica natural, patio gastron\u00f3mico saludable. <\/p>\n\n\n\n<p>La fiesta cont\u00f3 con la participaci\u00f3n de Sienvolando, Virginia Altube, Tano Giorgonne, Lorena Mayol y Marilina Erramuspe se ameniz\u00f3 la jornada de celebraci\u00f3n y venta de productos agroecol\u00f3gico y naturales en el Mercado. \u00a0<\/p>\n","protected":false},"excerpt":{"rendered":"<p>El \u00faltimo s\u00e1bado se conmemor\u00f3 el 2\u00ba aniversario del \u201cMercado Sustentable\u201d. La propuesta que acerca a productores locales a los &#8230; <a title=\"Dos a\u00f1os del Mercado Sustenable celebraron el s\u00e1bado pasado\" class=\"read-more\" href=\"https:\/\/www.hoymercedes.com.ar\/principal\/2020\/12\/07\/dos-anos-del-mercado-sustenable-celebraron-el-sabado-pasado\/\" aria-label=\"Leer m\u00e1s sobre Dos a\u00f1os del Mercado Sustenable celebraron el s\u00e1bado pasado\">Leer m\u00e1s<\/a><\/p>\n","protected":false},"author":1,"featured_media":121414,"comment_status":"closed","ping_status":"open","sticky":false,"template":"","format":"standard","meta":{"_monsterinsights_skip_tracking":false,"_monsterinsights_sitenote_active":false,"_monsterinsights_sitenote_note":"","_monsterinsights_sitenote_category":0,"jetpack_post_was_ever_published":false,"_jetpack_newsletter_access":"","_jetpack_dont_email_post_to_subs":false,"_jetpack_newsletter_tier_id":0,"_jetpack_memberships_contains_paywalled_content":false,"_jetpack_memberships_contains_paid_content":false,"footnotes":"","jetpack_publicize_message":"","jetpack_publicize_feature_enabled":true,"jetpack_social_post_already_shared":true,"jetpack_social_options":{"image_generator_settings":{"template":"highway","default_image_id":0,"font":"","enabled":false},"version":2},"_wpas_customize_per_network":false},"categories":[30],"tags":[8829,14054],"class_list":["post-121413","post","type-post","status-publish","format-standard","has-post-thumbnail","hentry","category-municipio","tag-aniversario","tag-mercado-sustentable","generate-columns","tablet-grid-50","mobile-grid-100","grid-parent","grid-50"],"jetpack_publicize_connections":[],"jetpack_featured_media_url":"https:\/\/www.hoymercedes.com.ar\/principal\/wp-content\/uploads\/2020\/12\/07-mercado-sustentable.jpg","wps_subtitle":"Del productor al cliente","jetpack_sharing_enabled":true,"_links":{"self":[{"href":"https:\/\/www.hoymercedes.com.ar\/principal\/wp-json\/wp\/v2\/posts\/121413","targetHints":{"allow":["GET"]}}],"collection":[{"href":"https:\/\/www.hoymercedes.com.ar\/principal\/wp-json\/wp\/v2\/posts"}],"about":[{"href":"https:\/\/www.hoymercedes.com.ar\/principal\/wp-json\/wp\/v2\/types\/post"}],"author":[{"embeddable":true,"href":"https:\/\/www.hoymercedes.com.ar\/principal\/wp-json\/wp\/v2\/users\/1"}],"replies":[{"embeddable":true,"href":"https:\/\/www.hoymercedes.com.ar\/principal\/wp-json\/wp\/v2\/comments?post=121413"}],"version-history":[{"count":0,"href":"https:\/\/www.hoymercedes.com.ar\/principal\/wp-json\/wp\/v2\/posts\/121413\/revisions"}],"wp:featuredmedia":[{"embeddable":true,"href":"https:\/\/www.hoymercedes.com.ar\/principal\/wp-json\/wp\/v2\/media\/121414"}],"wp:attachment":[{"href":"https:\/\/www.hoymercedes.com.ar\/principal\/wp-json\/wp\/v2\/media?parent=121413"}],"wp:term":[{"taxonomy":"category","embeddable":true,"href":"https:\/\/www.hoymercedes.com.ar\/principal\/wp-json\/wp\/v2\/categories?post=121413"},{"taxonomy":"post_tag","embeddable":true,"href":"https:\/\/www.hoymercedes.com.ar\/principal\/wp-json\/wp\/v2\/tags?post=121413"}],"curies":[{"name":"wp","href":"https:\/\/api.w.org\/{rel}","templated":true}]}}