{"id":121461,"date":"2020-12-09T10:03:18","date_gmt":"2020-12-09T13:03:18","guid":{"rendered":"http:\/\/www.hoymercedes.com.ar\/principal\/?p=121461"},"modified":"2020-12-09T10:17:10","modified_gmt":"2020-12-09T13:17:10","slug":"investigan-el-posible-femicidio-de-una-menor-hay-un-detenido","status":"publish","type":"post","link":"https:\/\/www.hoymercedes.com.ar\/principal\/2020\/12\/09\/investigan-el-posible-femicidio-de-una-menor-hay-un-detenido\/","title":{"rendered":"Investigan el posible femicidio de una menor: hay un detenido"},"content":{"rendered":"\n<p><strong><em>La investigaci\u00f3n se inici\u00f3 el domingo cuando la Polic\u00eda fue alertada sobre el supuesto suicidio de una joven. Pero la autopsia realizada en Chivilcoy \u00abdetermin\u00f3 las causas de la muerte de la menor fueron por estrangulamiento y\/o asfixia mec\u00e1nica\u00bb, informaron. Ante esto, este martes aprehendieron a un joven que \u00abfue el \u00faltimo que la vio con vida\u00bb. Sucedi\u00f3 en Luj\u00e1n.<\/em><\/strong><\/p>\n\n\n\n<p>En el marco de una investigaci\u00f3n por el posible femicidio de una menor de edad, este martes por la tarde la Polic\u00eda aprehendi\u00f3 a un joven de 22 a\u00f1os que ser\u00eda el \u00faltimo que la vio con vida. Adem\u00e1s, realiz\u00f3 un allanamiento en una vivienda del barrio Padre Varela de la localidad de Luj\u00e1n.<\/p>\n\n\n\n<p>Seg\u00fan informaron desde la Comisar\u00eda Luj\u00e1n Primera, el domingo alrededor de las 21.55 personal de la Polic\u00eda Local fue alertado que \u201cen la calle Doctor Mu\u00f1iz y Padre Salvaire una menor de 16 a\u00f1os habr\u00eda intentado ahorcarse en el garaje de su domicilio. Al arribo de los uniformados, se establece que la joven femenina estaba descompensada junto a allegados y familiares, tom\u00e1ndose conocimiento que la joven hab\u00eda intentado quitarse la vida colg\u00e1ndose mediante cable\u201d.<\/p>\n\n\n\n<p>Ante esto, \u201cse le practicaron maniobras de reanimaci\u00f3n que fueron en vano, confirm\u00e1ndose minutos m\u00e1s tarde su deceso, por lo cual se labraron actuaciones a prima facie caratuladas \u2018averiguaci\u00f3n causales de muerte\u2019. Y se relev\u00f3 el lugar con la presencia de personal de la Delegaci\u00f3n de Polic\u00eda Cient\u00edfica de Mercedes\u201d, a\u00f1adieron.<\/p>\n\n\n\n<p>En el marco de la investigaci\u00f3n, este martes en la morgue judicial de Chivilcoy, que por jurisdicci\u00f3n corresponde, \u201cse practic\u00f3 la pericia de operaci\u00f3n de autopsia, donde se determin\u00f3 que las causas de la muerte de la menor fueron por estrangulamiento y\/o asfixia mec\u00e1nica\u201d, detallaron desde la seccional de la calle Las Heras de Luj\u00e1n.<\/p>\n\n\n\n<p>Por este motivo, el fiscal de turno en la Fiscal\u00eda Descentralizada de Lujan dispuso diversas diligencias y el cambio de car\u00e1tula a \u201cfemicidio agravado\u201d.<\/p>\n\n\n\n<p>Mientras que alrededor de las 17.10, personal policial de Luj\u00e1n Primera, a ra\u00edz de distintas pesquisas, \u201cprocedi\u00f3 por disposici\u00f3n Fiscal a la aprehensi\u00f3n de Cristian, de 22 a\u00f1os, novio de la v\u00edctima y adem\u00e1s la \u00faltima persona que la vio con vida, como as\u00ed tambi\u00e9n al registro con allanamiento de su domicilio\u201d, ubicado en el barrio Padre Varela, agregaron.<\/p>\n\n\n\n<p>Por el momento la investigaci\u00f3n se encuentra en pleno tr\u00e1mite y \u201cexisten varias diligencias a cumplimentar\u201d, completaron.<\/p>\n\n\n\n<p>Fuente: Luj\u00e1n Hoy<\/p>\n","protected":false},"excerpt":{"rendered":"<p>La investigaci\u00f3n se inici\u00f3 el domingo cuando la Polic\u00eda fue alertada sobre el supuesto suicidio de una joven. Pero la &#8230; <a title=\"Investigan el posible femicidio de una menor: hay un detenido\" class=\"read-more\" href=\"https:\/\/www.hoymercedes.com.ar\/principal\/2020\/12\/09\/investigan-el-posible-femicidio-de-una-menor-hay-un-detenido\/\" aria-label=\"Leer m\u00e1s sobre Investigan el posible femicidio de una menor: hay un detenido\">Leer m\u00e1s<\/a><\/p>\n","protected":false},"author":1,"featured_media":103175,"comment_status":"closed","ping_status":"open","sticky":false,"template":"","format":"standard","meta":{"_monsterinsights_skip_tracking":false,"_monsterinsights_sitenote_active":false,"_monsterinsights_sitenote_note":"","_monsterinsights_sitenote_category":0,"jetpack_post_was_ever_published":false,"_jetpack_newsletter_access":"","_jetpack_dont_email_post_to_subs":false,"_jetpack_newsletter_tier_id":0,"_jetpack_memberships_contains_paywalled_content":false,"_jetpack_memberships_contains_paid_content":false,"footnotes":"","jetpack_publicize_message":"","jetpack_publicize_feature_enabled":true,"jetpack_social_post_already_shared":true,"jetpack_social_options":{"image_generator_settings":{"template":"highway","default_image_id":0,"font":"","enabled":false},"version":2},"_wpas_customize_per_network":false},"categories":[85],"tags":[10435,86,96,1057],"class_list":["post-121461","post","type-post","status-publish","format-standard","has-post-thumbnail","hentry","category-policial","tag-femicidio","tag-lujan","tag-policial-2","tag-regional","generate-columns","tablet-grid-50","mobile-grid-100","grid-parent","grid-50"],"jetpack_publicize_connections":[],"jetpack_featured_media_url":"https:\/\/www.hoymercedes.com.ar\/principal\/wp-content\/uploads\/2019\/11\/29-policial-lujan.jpg","wps_subtitle":"En Luj\u00e1n","jetpack_sharing_enabled":true,"_links":{"self":[{"href":"https:\/\/www.hoymercedes.com.ar\/principal\/wp-json\/wp\/v2\/posts\/121461","targetHints":{"allow":["GET"]}}],"collection":[{"href":"https:\/\/www.hoymercedes.com.ar\/principal\/wp-json\/wp\/v2\/posts"}],"about":[{"href":"https:\/\/www.hoymercedes.com.ar\/principal\/wp-json\/wp\/v2\/types\/post"}],"author":[{"embeddable":true,"href":"https:\/\/www.hoymercedes.com.ar\/principal\/wp-json\/wp\/v2\/users\/1"}],"replies":[{"embeddable":true,"href":"https:\/\/www.hoymercedes.com.ar\/principal\/wp-json\/wp\/v2\/comments?post=121461"}],"version-history":[{"count":0,"href":"https:\/\/www.hoymercedes.com.ar\/principal\/wp-json\/wp\/v2\/posts\/121461\/revisions"}],"wp:featuredmedia":[{"embeddable":true,"href":"https:\/\/www.hoymercedes.com.ar\/principal\/wp-json\/wp\/v2\/media\/103175"}],"wp:attachment":[{"href":"https:\/\/www.hoymercedes.com.ar\/principal\/wp-json\/wp\/v2\/media?parent=121461"}],"wp:term":[{"taxonomy":"category","embeddable":true,"href":"https:\/\/www.hoymercedes.com.ar\/principal\/wp-json\/wp\/v2\/categories?post=121461"},{"taxonomy":"post_tag","embeddable":true,"href":"https:\/\/www.hoymercedes.com.ar\/principal\/wp-json\/wp\/v2\/tags?post=121461"}],"curies":[{"name":"wp","href":"https:\/\/api.w.org\/{rel}","templated":true}]}}