{"id":121478,"date":"2020-12-09T16:25:19","date_gmt":"2020-12-09T19:25:19","guid":{"rendered":"http:\/\/www.hoymercedes.com.ar\/principal\/?p=121478"},"modified":"2020-12-10T12:07:32","modified_gmt":"2020-12-10T15:07:32","slug":"ustarroz-firma-convenio-para-planificar-complejo-urbanistico-de-viviendas-en-mercedes","status":"publish","type":"post","link":"https:\/\/www.hoymercedes.com.ar\/principal\/2020\/12\/09\/ustarroz-firma-convenio-para-planificar-complejo-urbanistico-de-viviendas-en-mercedes\/","title":{"rendered":"Ustarroz firma convenio para planificar complejo urbanistico de viviendas en Mercedes"},"content":{"rendered":"\n<figure class=\"wp-block-image size-large\"><img loading=\"lazy\" decoding=\"async\" width=\"1024\" height=\"576\" data-attachment-id=\"121479\" data-permalink=\"https:\/\/www.hoymercedes.com.ar\/principal\/2020\/12\/09\/ustarroz-firma-convenio-para-planificar-complejo-urbanistico-de-viviendas-en-mercedes\/2-27\/#main\" data-orig-file=\"https:\/\/www.hoymercedes.com.ar\/principal\/wp-content\/uploads\/2020\/12\/2.jpeg\" data-orig-size=\"1113,626\" data-comments-opened=\"0\" data-image-meta=\"{&quot;aperture&quot;:&quot;0&quot;,&quot;credit&quot;:&quot;&quot;,&quot;camera&quot;:&quot;&quot;,&quot;caption&quot;:&quot;&quot;,&quot;created_timestamp&quot;:&quot;0&quot;,&quot;copyright&quot;:&quot;&quot;,&quot;focal_length&quot;:&quot;0&quot;,&quot;iso&quot;:&quot;0&quot;,&quot;shutter_speed&quot;:&quot;0&quot;,&quot;title&quot;:&quot;&quot;,&quot;orientation&quot;:&quot;0&quot;}\" data-image-title=\"2\" data-image-description=\"\" data-image-caption=\"\" data-large-file=\"https:\/\/www.hoymercedes.com.ar\/principal\/wp-content\/uploads\/2020\/12\/2-1024x576.jpeg\" src=\"https:\/\/www.hoymercedes.com.ar\/principal\/wp-content\/uploads\/2020\/12\/2-1024x576.jpeg\" alt=\"\" class=\"wp-image-121479\" srcset=\"https:\/\/www.hoymercedes.com.ar\/principal\/wp-content\/uploads\/2020\/12\/2-1024x576.jpeg 1024w, https:\/\/www.hoymercedes.com.ar\/principal\/wp-content\/uploads\/2020\/12\/2-630x354.jpeg 630w, https:\/\/www.hoymercedes.com.ar\/principal\/wp-content\/uploads\/2020\/12\/2-150x84.jpeg 150w, https:\/\/www.hoymercedes.com.ar\/principal\/wp-content\/uploads\/2020\/12\/2.jpeg 1113w\" sizes=\"auto, (max-width: 1024px) 100vw, 1024px\" \/><\/figure>\n\n\n\n<p>Se concret\u00f3 un importante convenio para la ciudad para el desarrollo de viviendas. Participaron el intendente Ustarroz, el ministro del interior De Pedro, la ministra de seguridad Frederic, el secretario de h\u00e1bitat Santiago Maggioti, Mart\u00edn Cosentino Moreno de ABBE, entre otros funcionarios nacionales y comunales. Tras la firma del convenio se le cedi\u00f3 a la ciudad un nuevo predio -Acceso sur y calle 110- que ser\u00e1 utilizado, a trav\u00e9s del programa ProCreAr, para la construcci\u00f3n de un complejo urban\u00edstico. Asimismo, y a trav\u00e9s del AABE se regulariz\u00f3 la situaci\u00f3n del predio donde est\u00e1 emplazado Gendarmer\u00eda, donde, adem\u00e1s, se realiz\u00f3 el acto protocolar.<\/p>\n\n\n\n<p>\u201cEsto para nosotros constituye un avance enorme, que se da producto de una sinergia de distintos actores con un mismo objetivo, que es la felicidad de nuestro pueblo, trabajando y poniendo al Estado al servicio de la gente\u201d asegur\u00f3 el Dr. Ustarroz y a\u00f1adi\u00f3 \u201cestamos muy contentos y agradecidos con las autoridades de Gendarmer\u00eda que han tenido una cuota de compromiso, comprensi\u00f3n y entendiendo que ese predio es clave para el desarrollo y el crecimiento para el urbanismo de nuestra ciudad\u201d.<\/p>\n\n\n\n<figure class=\"wp-block-image size-large\"><img loading=\"lazy\" decoding=\"async\" width=\"1024\" height=\"576\" data-attachment-id=\"121480\" data-permalink=\"https:\/\/www.hoymercedes.com.ar\/principal\/2020\/12\/09\/ustarroz-firma-convenio-para-planificar-complejo-urbanistico-de-viviendas-en-mercedes\/5-17\/#main\" data-orig-file=\"https:\/\/www.hoymercedes.com.ar\/principal\/wp-content\/uploads\/2020\/12\/5.jpeg\" data-orig-size=\"1113,626\" data-comments-opened=\"0\" data-image-meta=\"{&quot;aperture&quot;:&quot;0&quot;,&quot;credit&quot;:&quot;&quot;,&quot;camera&quot;:&quot;&quot;,&quot;caption&quot;:&quot;&quot;,&quot;created_timestamp&quot;:&quot;0&quot;,&quot;copyright&quot;:&quot;&quot;,&quot;focal_length&quot;:&quot;0&quot;,&quot;iso&quot;:&quot;0&quot;,&quot;shutter_speed&quot;:&quot;0&quot;,&quot;title&quot;:&quot;&quot;,&quot;orientation&quot;:&quot;0&quot;}\" data-image-title=\"5\" data-image-description=\"\" data-image-caption=\"\" data-large-file=\"https:\/\/www.hoymercedes.com.ar\/principal\/wp-content\/uploads\/2020\/12\/5-1024x576.jpeg\" src=\"https:\/\/www.hoymercedes.com.ar\/principal\/wp-content\/uploads\/2020\/12\/5-1024x576.jpeg\" alt=\"\" class=\"wp-image-121480\" srcset=\"https:\/\/www.hoymercedes.com.ar\/principal\/wp-content\/uploads\/2020\/12\/5-1024x576.jpeg 1024w, https:\/\/www.hoymercedes.com.ar\/principal\/wp-content\/uploads\/2020\/12\/5-630x354.jpeg 630w, https:\/\/www.hoymercedes.com.ar\/principal\/wp-content\/uploads\/2020\/12\/5-150x84.jpeg 150w, https:\/\/www.hoymercedes.com.ar\/principal\/wp-content\/uploads\/2020\/12\/5.jpeg 1113w\" sizes=\"auto, (max-width: 1024px) 100vw, 1024px\" \/><\/figure>\n\n\n\n<p>Asimismo, el intendente Ustarroz agradeci\u00f3 \u201cal ministro \u201cWado\u201d De Pedro quien de manera constante siempre est\u00e1 trabajando por todo el pa\u00eds, pero tambi\u00e9n, especialmente, por la ciudad de Mercedes, nos apoya y acompa\u00f1a en cada una de las gestiones\u201d \u00a0<\/p>\n\n\n\n<p>El ministro del Interior, Eduardo \u201cWado\u201d De Pedro, tambi\u00e9n presente en el lugar, apunt\u00f3 \u201cel sentimiento de pertenencia que tiene la gendarmer\u00eda para con estos bienes, hoy, regularizado formalmente le va a permitir poder hacer inversiones, modificaciones, etc\u201d y en cuanto al lote se\u00f1al\u00f3 \u201ces el que se encuentra en Acceso Sur y calle 110, y ya hemos hablado con el ministro de vivienda para utilizar el mejor proyecto urban\u00edstico existente, acorde a la geograf\u00eda de ese terreno, para poder iniciar cuanto antes la licitaci\u00f3n de la obra, porque hay muchos mercedinos que sue\u00f1an con tener una casa propia, su lugar y el intendente Ustarroz entendiendo y escuchando esto, gestiona permanentemente el deseo y los sue\u00f1os de los vecinos\u201d.&nbsp;&nbsp;<\/p>\n\n\n\n<p>Por su parte, la Ministra de Seguridad de la Naci\u00f3n, Sabina Andrea Frederic expres\u00f3 \u201cme parece que esto muestra que hay un entendimiento de la Gendarmer\u00eda de que es necesario atender la pol\u00edtica de vivienda, tambi\u00e9n, no s\u00f3lo la de seguridad\u201d y a\u00f1adi\u00f3 \u201cnosotros estamos muy contentos, muy agradecidos al AABE (Agencia de Administraci\u00f3n de Bienes del Estado) porque la verdad que tiene una gesti\u00f3n impecable, resuelve las cosas muy bien, a tiempo y tienen una gran conciencia del trabajo que hacen, y a la gendarmer\u00eda que trabaj\u00f3 muy bien para lograr este avance en materia de consolidaci\u00f3n y expansi\u00f3n de un predio que est\u00e1 muy bien cuidado, lo que habla, tambi\u00e9n, de c\u00f3mo trabaja la gendarmer\u00eda\u201d.<\/p>\n\n\n\n<figure class=\"wp-block-image size-large\"><img loading=\"lazy\" decoding=\"async\" width=\"1024\" height=\"576\" data-attachment-id=\"121481\" data-permalink=\"https:\/\/www.hoymercedes.com.ar\/principal\/2020\/12\/09\/ustarroz-firma-convenio-para-planificar-complejo-urbanistico-de-viviendas-en-mercedes\/3-23\/#main\" data-orig-file=\"https:\/\/www.hoymercedes.com.ar\/principal\/wp-content\/uploads\/2020\/12\/3.jpeg\" data-orig-size=\"1112,626\" data-comments-opened=\"0\" data-image-meta=\"{&quot;aperture&quot;:&quot;0&quot;,&quot;credit&quot;:&quot;&quot;,&quot;camera&quot;:&quot;&quot;,&quot;caption&quot;:&quot;&quot;,&quot;created_timestamp&quot;:&quot;0&quot;,&quot;copyright&quot;:&quot;&quot;,&quot;focal_length&quot;:&quot;0&quot;,&quot;iso&quot;:&quot;0&quot;,&quot;shutter_speed&quot;:&quot;0&quot;,&quot;title&quot;:&quot;&quot;,&quot;orientation&quot;:&quot;0&quot;}\" data-image-title=\"3\" data-image-description=\"\" data-image-caption=\"\" data-large-file=\"https:\/\/www.hoymercedes.com.ar\/principal\/wp-content\/uploads\/2020\/12\/3-1024x576.jpeg\" src=\"https:\/\/www.hoymercedes.com.ar\/principal\/wp-content\/uploads\/2020\/12\/3-1024x576.jpeg\" alt=\"\" class=\"wp-image-121481\" srcset=\"https:\/\/www.hoymercedes.com.ar\/principal\/wp-content\/uploads\/2020\/12\/3-1024x576.jpeg 1024w, https:\/\/www.hoymercedes.com.ar\/principal\/wp-content\/uploads\/2020\/12\/3-630x355.jpeg 630w, https:\/\/www.hoymercedes.com.ar\/principal\/wp-content\/uploads\/2020\/12\/3-150x84.jpeg 150w, https:\/\/www.hoymercedes.com.ar\/principal\/wp-content\/uploads\/2020\/12\/3.jpeg 1112w\" sizes=\"auto, (max-width: 1024px) 100vw, 1024px\" \/><\/figure>\n\n\n\n<p>Omar Heraldo Canteros, Director Gendarmer\u00eda expres\u00f3 \u201cestamos muy contentos, por ser, m\u00e1s que nada, los m\u00e1s beneficiados de toda esta gesti\u00f3n. Agradecidos totalmente por el trabajo en conjunto que se pudo realizar junto a la administraci\u00f3n de Bienes del Estado, la se\u00f1ora Ministra junto a su equipo, el secretario de seguridad territorial, al Ministro del Interior y al intendente de la ciudad el Dr. Ustarroz\u201d.<\/p>\n\n\n\n<p>Mart\u00edn Cosentino Moreno, quien est\u00e1 al frente de la Agencia de Administraci\u00f3n de Bienes del Estado (AABE) dijo \u201cestamos muy contentos de estar ac\u00e1, por todo lo que hemos hecho y venimos trabajando con el Ministerio de Seguridad, para regularizar estos terrenos de gendarmer\u00eda\u201d y agreg\u00f3 \u201cadem\u00e1s, le cederemos al Municipio de Mercedes un lote para que m\u00e1s familias puedan cumplir el sue\u00f1o de la vivienda propia. Esperamos pronto comenzar a trabajar fehacientemente en el lugar junto al intendente Ustarroz y Ministro del Interior, Eduardo De Pedro, quienes constantemente se preocupan y trabajan por el bienestar de los vecinos de la ciudad\u201d.<\/p>\n\n\n\n<p>Santiago Maggiotti, Secretario de H\u00e1bitat del Ministerio de Desarrollo Territorial y H\u00e1bitat de la Naci\u00f3n, expres\u00f3 \u201cdesde el Ministerio, junto a Jorge Ferraresi, esperando que llegue el proyecto para poder darle respuesta al intendente Ustarroz, y a trav\u00e9s de \u00e9l, a la ciudadan\u00eda de Mercedes, con la firme convicci\u00f3n y decisi\u00f3n del Presidente de trabajar para que se construyan las viviendas que necesita la Argentina\u201d.<\/p>\n\n\n\n<figure class=\"wp-block-embed is-type-video is-provider-youtube wp-block-embed-youtube wp-embed-aspect-16-9 wp-has-aspect-ratio\"><div class=\"wp-block-embed__wrapper\">\n<span class=\"embed-youtube\" style=\"text-align:center; display: block;\"><iframe loading=\"lazy\" class=\"youtube-player\" width=\"1200\" height=\"675\" src=\"https:\/\/www.youtube.com\/embed\/3trPIxo7Yho?version=3&#038;rel=1&#038;showsearch=0&#038;showinfo=1&#038;iv_load_policy=1&#038;fs=1&#038;hl=es-ES&#038;autohide=2&#038;wmode=transparent\" allowfullscreen=\"true\" style=\"border:0;\" sandbox=\"allow-scripts allow-same-origin allow-popups allow-presentation allow-popups-to-escape-sandbox\"><\/iframe><\/span>\n<\/div><\/figure>\n\n\n\n<p>Fuente: Municipio<\/p>\n","protected":false},"excerpt":{"rendered":"<p>Se concret\u00f3 un importante convenio para la ciudad para el desarrollo de viviendas. Participaron el intendente Ustarroz, el ministro del &#8230; <a title=\"Ustarroz firma convenio para planificar complejo urbanistico de viviendas en Mercedes\" class=\"read-more\" href=\"https:\/\/www.hoymercedes.com.ar\/principal\/2020\/12\/09\/ustarroz-firma-convenio-para-planificar-complejo-urbanistico-de-viviendas-en-mercedes\/\" aria-label=\"Leer m\u00e1s sobre Ustarroz firma convenio para planificar complejo urbanistico de viviendas en Mercedes\">Leer m\u00e1s<\/a><\/p>\n","protected":false},"author":1,"featured_media":121480,"comment_status":"closed","ping_status":"open","sticky":false,"template":"","format":"standard","meta":{"_monsterinsights_skip_tracking":false,"_monsterinsights_sitenote_active":false,"_monsterinsights_sitenote_note":"","_monsterinsights_sitenote_category":0,"jetpack_post_was_ever_published":false,"_jetpack_newsletter_access":"","_jetpack_dont_email_post_to_subs":false,"_jetpack_newsletter_tier_id":0,"_jetpack_memberships_contains_paywalled_content":false,"_jetpack_memberships_contains_paid_content":false,"footnotes":"","jetpack_publicize_message":"","jetpack_publicize_feature_enabled":true,"jetpack_social_post_already_shared":true,"jetpack_social_options":{"image_generator_settings":{"template":"highway","default_image_id":0,"font":"","enabled":false},"version":2},"_wpas_customize_per_network":false},"categories":[30],"tags":[],"class_list":["post-121478","post","type-post","status-publish","format-standard","has-post-thumbnail","hentry","category-municipio","generate-columns","tablet-grid-50","mobile-grid-100","grid-parent","grid-50"],"jetpack_publicize_connections":[],"jetpack_featured_media_url":"https:\/\/www.hoymercedes.com.ar\/principal\/wp-content\/uploads\/2020\/12\/5.jpeg","wps_subtitle":"Obra p\u00fablica","jetpack_sharing_enabled":true,"_links":{"self":[{"href":"https:\/\/www.hoymercedes.com.ar\/principal\/wp-json\/wp\/v2\/posts\/121478","targetHints":{"allow":["GET"]}}],"collection":[{"href":"https:\/\/www.hoymercedes.com.ar\/principal\/wp-json\/wp\/v2\/posts"}],"about":[{"href":"https:\/\/www.hoymercedes.com.ar\/principal\/wp-json\/wp\/v2\/types\/post"}],"author":[{"embeddable":true,"href":"https:\/\/www.hoymercedes.com.ar\/principal\/wp-json\/wp\/v2\/users\/1"}],"replies":[{"embeddable":true,"href":"https:\/\/www.hoymercedes.com.ar\/principal\/wp-json\/wp\/v2\/comments?post=121478"}],"version-history":[{"count":0,"href":"https:\/\/www.hoymercedes.com.ar\/principal\/wp-json\/wp\/v2\/posts\/121478\/revisions"}],"wp:featuredmedia":[{"embeddable":true,"href":"https:\/\/www.hoymercedes.com.ar\/principal\/wp-json\/wp\/v2\/media\/121480"}],"wp:attachment":[{"href":"https:\/\/www.hoymercedes.com.ar\/principal\/wp-json\/wp\/v2\/media?parent=121478"}],"wp:term":[{"taxonomy":"category","embeddable":true,"href":"https:\/\/www.hoymercedes.com.ar\/principal\/wp-json\/wp\/v2\/categories?post=121478"},{"taxonomy":"post_tag","embeddable":true,"href":"https:\/\/www.hoymercedes.com.ar\/principal\/wp-json\/wp\/v2\/tags?post=121478"}],"curies":[{"name":"wp","href":"https:\/\/api.w.org\/{rel}","templated":true}]}}