{"id":121489,"date":"2020-12-09T19:35:00","date_gmt":"2020-12-09T22:35:00","guid":{"rendered":"http:\/\/www.hoymercedes.com.ar\/principal\/?p=121489"},"modified":"2020-12-09T21:40:58","modified_gmt":"2020-12-10T00:40:58","slug":"habilitan-un-nuevo-tramo-de-la-autovia-7","status":"publish","type":"post","link":"https:\/\/www.hoymercedes.com.ar\/principal\/2020\/12\/09\/habilitan-un-nuevo-tramo-de-la-autovia-7\/","title":{"rendered":"Habilitan un nuevo tramo de la Autov\u00eda 7"},"content":{"rendered":"\n<p>El presidente Alberto Fern\u00e1ndez encabez\u00f3 de manera virtual el acto de inauguraci\u00f3n de 30 obras p\u00fablicas realizadas en 12 provincias tras la inversi\u00f3n de $12.887 millones. Entre las obras que se habilitaron en el mediod\u00eda del mi\u00e9rcoles, se encuentra el nuevo tramo de la Autov\u00eda 7 que conecta San Andr\u00e9s de Giles y Carmen de Areco.<\/p>\n\n\n\n<div class=\"wp-block-image\"><figure class=\"aligncenter size-large\"><img loading=\"lazy\" decoding=\"async\" width=\"696\" height=\"387\" data-attachment-id=\"121492\" data-permalink=\"https:\/\/www.hoymercedes.com.ar\/principal\/2020\/12\/09\/habilitan-un-nuevo-tramo-de-la-autovia-7\/09-giles-ruta-7\/#main\" data-orig-file=\"https:\/\/www.hoymercedes.com.ar\/principal\/wp-content\/uploads\/2020\/12\/09-giles-ruta-7.jpeg\" data-orig-size=\"696,387\" data-comments-opened=\"0\" data-image-meta=\"{&quot;aperture&quot;:&quot;0&quot;,&quot;credit&quot;:&quot;&quot;,&quot;camera&quot;:&quot;&quot;,&quot;caption&quot;:&quot;&quot;,&quot;created_timestamp&quot;:&quot;0&quot;,&quot;copyright&quot;:&quot;&quot;,&quot;focal_length&quot;:&quot;0&quot;,&quot;iso&quot;:&quot;0&quot;,&quot;shutter_speed&quot;:&quot;0&quot;,&quot;title&quot;:&quot;&quot;,&quot;orientation&quot;:&quot;0&quot;}\" data-image-title=\"09 giles ruta 7\" data-image-description=\"\" data-image-caption=\"\" data-large-file=\"https:\/\/www.hoymercedes.com.ar\/principal\/wp-content\/uploads\/2020\/12\/09-giles-ruta-7.jpeg\" src=\"https:\/\/www.hoymercedes.com.ar\/principal\/wp-content\/uploads\/2020\/12\/09-giles-ruta-7.jpeg\" alt=\"\" class=\"wp-image-121492\" srcset=\"https:\/\/www.hoymercedes.com.ar\/principal\/wp-content\/uploads\/2020\/12\/09-giles-ruta-7.jpeg 696w, https:\/\/www.hoymercedes.com.ar\/principal\/wp-content\/uploads\/2020\/12\/09-giles-ruta-7-630x350.jpeg 630w, https:\/\/www.hoymercedes.com.ar\/principal\/wp-content\/uploads\/2020\/12\/09-giles-ruta-7-150x83.jpeg 150w\" sizes=\"auto, (max-width: 696px) 100vw, 696px\" \/><\/figure><\/div>\n\n\n\n<p>Las inauguraciones se hicieron de forma virtual y en simult\u00e1neo con las provincias Buenos Aires; Catamarca; Chaco; C\u00f3rdoba; Entre R\u00edos; Mendoza; Misiones; R\u00edo Negro; San Luis; Santa Cruz; Santa Fe; y Tucum\u00e1n. En el nuevo tramo de la Autov\u00eda 7 se hizo presente Gustavo Arrieta, administrador de Vialidad Nacional, quien dio detalles de la obra. Tambi\u00e9n fue acompa\u00f1ado por el intendente de nuestra ciudad Carlos Puglelli, el intendente de Carmen Ivan Villagr\u00e1n, la Subdirectora de Anses Marina Moretti y el Senador Provincial Facundo Ballesteros.<\/p>\n\n\n\n<p>\u201cEste tramo de 13 kil\u00f3metros, sumado a los 33 kil\u00f3metros que componen este tramo ha generado por parte del estado una inversi\u00f3n de 3.300 millones de pesos y ha ocupado a m\u00e1s de 150 trabajadores\u201d destac\u00f3 Arrieta, de Vialidad Nacional. Adem\u00e1s, afirm\u00f3 que por esta ruta transitan alrededor de 8 mil veh\u00edculos todos los d\u00edas.<\/p>\n\n\n\n<p>Durante la videoconferencia con Alberto Fern\u00e1ndez, Arrieta explic\u00f3 que esta obra es fundamental porque \u201ceste tramo espec\u00edficamente mejora la conectividad vial, garantiza mas seguridad para los automovilistas y asegura un intercambio fluido comercial para la regi\u00f3n norte de la provincia de buenos aires y tambi\u00e9n genera una mejor log\u00edstica para el traslado de la producci\u00f3n agropecuaria tan importante en esta zona\u201d.<\/p>\n\n\n\n<p>El administrador de Vialidad Nacional sostuvo\u00a0 que es un \u201cviejo anhelo de las comunidades de San Andr\u00e9s de Giles y Carmen de Areco que se viene discutiendo y firmando convenios desde la crisis posterior al 2001. Hoy es un verdadero d\u00eda de j\u00fabilo porque estamos dando un paso mas\u201d. Adem\u00e1s adelant\u00f3 que siguen activas el resto de las obras y esperan inaugurar dos tramos m\u00e1s de la Autov\u00eda en los pr\u00f3ximos 4 meses. <\/p>\n\n\n\n<p>Colaboraci\u00f3n: InfoCiudad de San Andr\u00e9s de Giles<\/p>\n","protected":false},"excerpt":{"rendered":"<p>El presidente Alberto Fern\u00e1ndez encabez\u00f3 de manera virtual el acto de inauguraci\u00f3n de 30 obras p\u00fablicas realizadas en 12 provincias &#8230; <a title=\"Habilitan un nuevo tramo de la Autov\u00eda 7\" class=\"read-more\" href=\"https:\/\/www.hoymercedes.com.ar\/principal\/2020\/12\/09\/habilitan-un-nuevo-tramo-de-la-autovia-7\/\" aria-label=\"Leer m\u00e1s sobre Habilitan un nuevo tramo de la Autov\u00eda 7\">Leer m\u00e1s<\/a><\/p>\n","protected":false},"author":1,"featured_media":121492,"comment_status":"closed","ping_status":"open","sticky":false,"template":"","format":"standard","meta":{"_monsterinsights_skip_tracking":false,"_monsterinsights_sitenote_active":false,"_monsterinsights_sitenote_note":"","_monsterinsights_sitenote_category":0,"jetpack_post_was_ever_published":false,"_jetpack_newsletter_access":"","_jetpack_dont_email_post_to_subs":false,"_jetpack_newsletter_tier_id":0,"_jetpack_memberships_contains_paywalled_content":false,"_jetpack_memberships_contains_paid_content":false,"footnotes":"","jetpack_publicize_message":"","jetpack_publicize_feature_enabled":true,"jetpack_social_post_already_shared":true,"jetpack_social_options":{"image_generator_settings":{"template":"highway","default_image_id":0,"font":"","enabled":false},"version":2},"_wpas_customize_per_network":false},"categories":[5501],"tags":[],"class_list":["post-121489","post","type-post","status-publish","format-standard","has-post-thumbnail","hentry","category-region","generate-columns","tablet-grid-50","mobile-grid-100","grid-parent","grid-50"],"jetpack_publicize_connections":[],"jetpack_featured_media_url":"https:\/\/www.hoymercedes.com.ar\/principal\/wp-content\/uploads\/2020\/12\/09-giles-ruta-7.jpeg","wps_subtitle":"El tramo de GIles a Carmen","jetpack_sharing_enabled":true,"_links":{"self":[{"href":"https:\/\/www.hoymercedes.com.ar\/principal\/wp-json\/wp\/v2\/posts\/121489","targetHints":{"allow":["GET"]}}],"collection":[{"href":"https:\/\/www.hoymercedes.com.ar\/principal\/wp-json\/wp\/v2\/posts"}],"about":[{"href":"https:\/\/www.hoymercedes.com.ar\/principal\/wp-json\/wp\/v2\/types\/post"}],"author":[{"embeddable":true,"href":"https:\/\/www.hoymercedes.com.ar\/principal\/wp-json\/wp\/v2\/users\/1"}],"replies":[{"embeddable":true,"href":"https:\/\/www.hoymercedes.com.ar\/principal\/wp-json\/wp\/v2\/comments?post=121489"}],"version-history":[{"count":0,"href":"https:\/\/www.hoymercedes.com.ar\/principal\/wp-json\/wp\/v2\/posts\/121489\/revisions"}],"wp:featuredmedia":[{"embeddable":true,"href":"https:\/\/www.hoymercedes.com.ar\/principal\/wp-json\/wp\/v2\/media\/121492"}],"wp:attachment":[{"href":"https:\/\/www.hoymercedes.com.ar\/principal\/wp-json\/wp\/v2\/media?parent=121489"}],"wp:term":[{"taxonomy":"category","embeddable":true,"href":"https:\/\/www.hoymercedes.com.ar\/principal\/wp-json\/wp\/v2\/categories?post=121489"},{"taxonomy":"post_tag","embeddable":true,"href":"https:\/\/www.hoymercedes.com.ar\/principal\/wp-json\/wp\/v2\/tags?post=121489"}],"curies":[{"name":"wp","href":"https:\/\/api.w.org\/{rel}","templated":true}]}}