{"id":121553,"date":"2020-12-11T12:54:00","date_gmt":"2020-12-11T15:54:00","guid":{"rendered":"http:\/\/www.hoymercedes.com.ar\/principal\/?p=121553"},"modified":"2020-12-11T15:06:52","modified_gmt":"2020-12-11T18:06:52","slug":"actividades-propuestas-para-cultura-turismo-y-deporte","status":"publish","type":"post","link":"https:\/\/www.hoymercedes.com.ar\/principal\/2020\/12\/11\/actividades-propuestas-para-cultura-turismo-y-deporte\/","title":{"rendered":"Actividades propuestas para cultura, turismo y deporte"},"content":{"rendered":"\n<p>Informaci\u00f3n de Prensa Municipal &#8211; Desde el Complejo Cultural La Trocha, el intendente Juan Ignacio Ustarroz con gran parte de su equipo lanz\u00f3 la propuesta para el \u201cVerano 2021\u201d. Desde el s\u00e1bado 12 de diciembre habr\u00e1 propuestas, protocolizadas y cuidadas, para el entretenimiento familiar. <\/p>\n\n\n\n<div class=\"wp-block-image\"><figure class=\"aligncenter size-large\"><img loading=\"lazy\" decoding=\"async\" width=\"800\" height=\"450\" data-attachment-id=\"121555\" data-permalink=\"https:\/\/www.hoymercedes.com.ar\/principal\/2020\/12\/11\/actividades-propuestas-para-cultura-turismo-y-deporte\/11-muni\/#main\" data-orig-file=\"https:\/\/www.hoymercedes.com.ar\/principal\/wp-content\/uploads\/2020\/12\/11-muni.jpg\" data-orig-size=\"800,450\" data-comments-opened=\"0\" data-image-meta=\"{&quot;aperture&quot;:&quot;0&quot;,&quot;credit&quot;:&quot;&quot;,&quot;camera&quot;:&quot;&quot;,&quot;caption&quot;:&quot;&quot;,&quot;created_timestamp&quot;:&quot;0&quot;,&quot;copyright&quot;:&quot;&quot;,&quot;focal_length&quot;:&quot;0&quot;,&quot;iso&quot;:&quot;0&quot;,&quot;shutter_speed&quot;:&quot;0&quot;,&quot;title&quot;:&quot;&quot;,&quot;orientation&quot;:&quot;0&quot;}\" data-image-title=\"11 muni\" data-image-description=\"\" data-image-caption=\"\" data-large-file=\"https:\/\/www.hoymercedes.com.ar\/principal\/wp-content\/uploads\/2020\/12\/11-muni.jpg\" src=\"https:\/\/www.hoymercedes.com.ar\/principal\/wp-content\/uploads\/2020\/12\/11-muni.jpg\" alt=\"\" class=\"wp-image-121555\" srcset=\"https:\/\/www.hoymercedes.com.ar\/principal\/wp-content\/uploads\/2020\/12\/11-muni.jpg 800w, https:\/\/www.hoymercedes.com.ar\/principal\/wp-content\/uploads\/2020\/12\/11-muni-630x354.jpg 630w, https:\/\/www.hoymercedes.com.ar\/principal\/wp-content\/uploads\/2020\/12\/11-muni-150x84.jpg 150w\" sizes=\"auto, (max-width: 800px) 100vw, 800px\" \/><\/figure><\/div>\n\n\n\n<p>En la conferencia de prensa, el intendente Juan Ignacio Ustarroz manifest\u00f3 \u201cdesde el municipio estamos haciendo un esfuerzo muy grande para poder presentar a toda nuestra comunidad una propuesta -para este verano- superadora a las que ya hemos realizado durante los 4 a\u00f1os anteriores\u201d.<\/p>\n\n\n\n<p>\u201cLa verdad que muy felices y contentos, estamos presentando a nuestra comunidad una agenda superadora e innovadora. Quiero felicitar el esp\u00edritu que siempre anida en las pol\u00edticas p\u00fablicas del municipio que es trabajar con las instituciones y con toda la comunidad\u201d.<\/p>\n\n\n\n<p>Asimismo, el intendente Ustarroz, sostuvo \u201cesta no es una agenda que se arma desde la municipalidad, sino, en relaci\u00f3n y articulaci\u00f3n con instituciones de nuestra comunidad\u201d y agreg\u00f3 \u201ca la par, estaremos trabajando en la vacunaci\u00f3n de miles de mercedinos, y ofreceremos diferentes actividades a la comunidad para el encuentro cuidado, el esparcimiento, la cultura, el deporte, la familia y la ni\u00f1ez\u201d.<\/p>\n\n\n\n<p>\u201cEntendemos que debe ser el esp\u00edritu de unidad, esfuerzo y de trabajo en conjunto lo que nos dar\u00e1 las condiciones para poder salir de esta crisis que estamos atravesando como ciudad y como pa\u00eds\u201d destac\u00f3 el Dr. Ustarroz y felicit\u00f3 \u201ca cada uno de los sectores el compromiso y el trabajo\u201d.&nbsp;<\/p>\n\n\n\n<p>Asimismo, el intendente Juan Ignacio Ustarroz se\u00f1al\u00f3 \u201csobre la base de lo que viene, las obras, las propuestas educativas, culturales, deportivas, turismo, queremos realmente convocar a toda la ciudadan\u00eda a que participe de estos eventos de manera responsable\u201d y a\u00f1adi\u00f3 \u201csi nosotros como comunidad logramos estar cada vez m\u00e1s unidos, siendo solidarios y responsables, creo que, el futuro que tiene la ciudad es enorme\u201d.<\/p>\n\n\n\n<p>El director de turismo, Mart\u00edn Boragno apunt\u00f3 \u201cel objetivo es poder presentar a la ciudad como \u201cDestino Responsable\u201d en el marco de la pandemia. Junto con las diferentes \u00e1reas del municipio se programaron actividades para que se desarrollen todos los fines de semana, pensadas para el turismo y para todos los mercedinos\u201d.<\/p>\n\n\n\n<p>\u201cEstamos contentos, con muchas expectativas y esperanzas para que los sectores que tanto fueron perjudicados por la pandemia comiencen a salir de esta situaci\u00f3n\u201d.&nbsp;&nbsp;&nbsp;<\/p>\n\n\n\n<p>La directora de cultura, Lucia Capaccio expres\u00f3 \u201cestuvimos pensando entre todas las \u00e1reas un programa que abarque toda la temporada de verano y que est\u00e9 a la altura de las circunstancias. Este a\u00f1o, todo lo que tuvo que ver a nivel cultural estuvo casi parado, por eso, diagramamos una gran agenda\u201d y agreg\u00f3 \u201cesto fue armado con todos los actores culturales de la comunidad, lo primero que hicimos fue juntarnos con todos y empezar a pensar una agenda en com\u00fan\u201d.<\/p>\n\n\n\n<p>\u201cEstamos muy contentos y quiero agradecer a toda la comunidad cultural por pensar en conjunto una agenda y a nuestro intendente, qui\u00e9n es el primero que nos pide, que estemos a la altura de lo que necesita la comunidad, pensando una agenda en conjunto\u201d.<\/p>\n\n\n\n<p>Maru Saboredo, del \u00e1rea de deportes, dijo \u201cdesde deportes nos sumamos a esta gran propuesta en conjunto, siempre en contacto con la comunidad y con todos los compa\u00f1eros para poder ofrecer a todos lo mejor para este verano tan at\u00edpico -quiz\u00e1s- donde vamos a tratar de estar a la altura para poder pasarla de la mejor manera con todos aquellos que se queden en nuestra ciudad\u201d.<\/p>\n\n\n\n<p>Por su parte, Mart\u00edn Silvestre, director de deportes, expuso \u201ca nivel deportivo durante este verano vamos a tener muchas actividades para que los mercedinos puedan disfrutar al aire libre de la pr\u00e1ctica deportiva\u201d y por otro lado apunt\u00f3 \u201cestamos recibiendo ayuda constante de los gobiernos Nacional y Provincial que nos facilita el trabajo en cuanto a inversiones, tanto en instituciones deportivas como en espacios municipales\u201d.<\/p>\n\n\n\n<p>La directora de ni\u00f1ez y adolescencia, licenciada Gabriela Olivella sostuvo \u201cdesde nuestra \u00e1rea estamos muy felices de poder ser parte de esta agenda y ofrecer a nuestros ni\u00f1os y ni\u00f1as, ofertas que se suman a lo cultural y deportivo\u201d.&nbsp;&nbsp;&nbsp;<\/p>\n\n\n\n<p>El programa dar\u00e1 inicio este s\u00e1bado 12 y las actividades se ir\u00e1n realizando seg\u00fan la agenda dispuesta por la comuna.<\/p>\n\n\n\n<p><strong>FAMILIA, TURISMO, CULTURA, JUVENTUD Y NI\u00d1EZ<\/strong><\/p>\n\n\n\n<ul class=\"wp-block-list\"><li>-Paseo de las artes (Novedad)<\/li><li>-Camino de los bodegones<\/li><li>-Ciclo Noches de Bares<\/li><li>-Ciclo Noches de Cervecer\u00edas<\/li><li>-Ciclo Noches de Pizzer\u00edas<\/li><li>-Tango en el anden<\/li><li>-Rock al pasto<\/li><li>-Noche de pe\u00f1as<\/li><li>-Noches y tardes de \u201cClubes culturales\u201d (Novedad)<\/li><li>-Noche de las infancias en clubes y museos (Novedad)<\/li><li>-Variet\u00e9 de las infancias (Novedad)<\/li><li>-Noche de espacios culturales (Novedad)<\/li><li>-Comedia Municipal de Teatro<\/li><li>-Fiesta del Comercio<\/li><li>-M\u00fasica al plato<\/li><li>-Evento con Restaurantes: 3 gastron\u00f3micos<\/li><li>-Evento calle 20 entre 29 y 31: 4 gastron\u00f3micos<\/li><li>-Evento con helader\u00edas: 8 gastron\u00f3micos<\/li><li>-Evento con calle 27 entre 18 y 22: 5 gastron\u00f3micos<\/li><li>-Actividades en Plaza de Tom\u00e1s Jofr\u00e9<\/li><li>-Festivales de Freestyle<\/li><li>-Pileta y colonia de vacaciones en Unzue<\/li><li>-Programa Recreo (Barrios Blandengues, Lomas del Pacifico, Ravello, San Martin, Mutti, Malvinas, Marchetti y Tomas Jofre)<\/li><li>-Estaci\u00f3n Juego en La Trocha<\/li><\/ul>\n\n\n\n<p><strong>DEPORTE Y SALUD<\/strong><\/p>\n\n\n\n<ul class=\"wp-block-list\"><li>-Clases abiertas en Rotonda de Av.1 y 40 de: Yoga, Aeromunic y Zumba<\/li><li>-Clases abiertas en Gowland: Zumba<\/li><li>-Actividades en el Parque Municipal (Novedad)<\/li><li>-Paseos con turnos en Kayak.\u00a0\u00a0(Novedad)<\/li><li>-Paseos en bicicleta.\u00a0\u00a0(Novedad)<\/li><li>-Pileta del parque.<\/li><li>-Evento: Inauguraci\u00f3n cancha de c\u00e9sped sint\u00e9tico. (Novedad)<\/li><li>-Torneo inauguraci\u00f3n canchas de tenis (Novedad)<\/li><li>-Torneo de penales.<\/li><li>-Torneo de hockey cancha de c\u00e9sped sint\u00e9tico (Novedad)<\/li><li>-Carrera nocturna con protocolos y salidas escalonadas. (Novedad)<\/li><li>-Torneo de beach voley.<br><\/li><\/ul>\n","protected":false},"excerpt":{"rendered":"<p>Informaci\u00f3n de Prensa Municipal &#8211; Desde el Complejo Cultural La Trocha, el intendente Juan Ignacio Ustarroz con gran parte de &#8230; <a title=\"Actividades propuestas para cultura, turismo y deporte\" class=\"read-more\" href=\"https:\/\/www.hoymercedes.com.ar\/principal\/2020\/12\/11\/actividades-propuestas-para-cultura-turismo-y-deporte\/\" aria-label=\"Leer m\u00e1s sobre Actividades propuestas para cultura, turismo y deporte\">Leer m\u00e1s<\/a><\/p>\n","protected":false},"author":1,"featured_media":121555,"comment_status":"closed","ping_status":"open","sticky":false,"template":"","format":"standard","meta":{"_monsterinsights_skip_tracking":false,"_monsterinsights_sitenote_active":false,"_monsterinsights_sitenote_note":"","_monsterinsights_sitenote_category":0,"jetpack_post_was_ever_published":false,"_jetpack_newsletter_access":"","_jetpack_dont_email_post_to_subs":false,"_jetpack_newsletter_tier_id":0,"_jetpack_memberships_contains_paywalled_content":false,"_jetpack_memberships_contains_paid_content":false,"footnotes":"","jetpack_publicize_message":"","jetpack_publicize_feature_enabled":true,"jetpack_social_post_already_shared":true,"jetpack_social_options":{"image_generator_settings":{"template":"highway","default_image_id":0,"font":"","enabled":false},"version":2},"_wpas_customize_per_network":false},"categories":[30],"tags":[],"class_list":["post-121553","post","type-post","status-publish","format-standard","has-post-thumbnail","hentry","category-municipio","generate-columns","tablet-grid-50","mobile-grid-100","grid-parent","grid-50"],"jetpack_publicize_connections":[],"jetpack_featured_media_url":"https:\/\/www.hoymercedes.com.ar\/principal\/wp-content\/uploads\/2020\/12\/11-muni.jpg","wps_subtitle":"A partir del s\u00e1bado","jetpack_sharing_enabled":true,"_links":{"self":[{"href":"https:\/\/www.hoymercedes.com.ar\/principal\/wp-json\/wp\/v2\/posts\/121553","targetHints":{"allow":["GET"]}}],"collection":[{"href":"https:\/\/www.hoymercedes.com.ar\/principal\/wp-json\/wp\/v2\/posts"}],"about":[{"href":"https:\/\/www.hoymercedes.com.ar\/principal\/wp-json\/wp\/v2\/types\/post"}],"author":[{"embeddable":true,"href":"https:\/\/www.hoymercedes.com.ar\/principal\/wp-json\/wp\/v2\/users\/1"}],"replies":[{"embeddable":true,"href":"https:\/\/www.hoymercedes.com.ar\/principal\/wp-json\/wp\/v2\/comments?post=121553"}],"version-history":[{"count":0,"href":"https:\/\/www.hoymercedes.com.ar\/principal\/wp-json\/wp\/v2\/posts\/121553\/revisions"}],"wp:featuredmedia":[{"embeddable":true,"href":"https:\/\/www.hoymercedes.com.ar\/principal\/wp-json\/wp\/v2\/media\/121555"}],"wp:attachment":[{"href":"https:\/\/www.hoymercedes.com.ar\/principal\/wp-json\/wp\/v2\/media?parent=121553"}],"wp:term":[{"taxonomy":"category","embeddable":true,"href":"https:\/\/www.hoymercedes.com.ar\/principal\/wp-json\/wp\/v2\/categories?post=121553"},{"taxonomy":"post_tag","embeddable":true,"href":"https:\/\/www.hoymercedes.com.ar\/principal\/wp-json\/wp\/v2\/tags?post=121553"}],"curies":[{"name":"wp","href":"https:\/\/api.w.org\/{rel}","templated":true}]}}