{"id":121575,"date":"2020-12-11T17:24:00","date_gmt":"2020-12-11T20:24:00","guid":{"rendered":"http:\/\/www.hoymercedes.com.ar\/principal\/?p=121575"},"modified":"2020-12-11T16:41:45","modified_gmt":"2020-12-11T19:41:45","slug":"ustarroz-y-ministro-gollan-cerraron-jornada-del-consejo-de-salud-de-la-provincia-de-buenos-aires","status":"publish","type":"post","link":"https:\/\/www.hoymercedes.com.ar\/principal\/2020\/12\/11\/ustarroz-y-ministro-gollan-cerraron-jornada-del-consejo-de-salud-de-la-provincia-de-buenos-aires\/","title":{"rendered":"Ustarroz y ministro Gollan cerraron jornada del \u201cConsejo de Salud de la Provincia de Buenos Aires\u201d"},"content":{"rendered":"\n<p>Informaci\u00f3n de Prensa Municipal &#8211; El intendente Juan I. Ustarroz recibi\u00f3 al Ministro de Salud bonaerense, Daniel Golla, junto a una importante delegaci\u00f3n de representantes de la \u201cRegi\u00f3n X de Salud\u201d. Fue una jornada muy importante de articulaci\u00f3n, capacitaci\u00f3n y generaci\u00f3n de dispositivos y herramientas para el cuidado de la salud de las y los mercedinos. \u00a0<\/p>\n\n\n\n<div class=\"wp-block-image\"><figure class=\"aligncenter size-large\"><img loading=\"lazy\" decoding=\"async\" width=\"800\" height=\"534\" data-attachment-id=\"121576\" data-permalink=\"https:\/\/www.hoymercedes.com.ar\/principal\/2020\/12\/11\/ustarroz-y-ministro-gollan-cerraron-jornada-del-consejo-de-salud-de-la-provincia-de-buenos-aires\/eo1m8dlw4aambfi\/#main\" data-orig-file=\"https:\/\/www.hoymercedes.com.ar\/principal\/wp-content\/uploads\/2020\/12\/Eo1M8dlW4AAmBfI.jpg\" data-orig-size=\"800,534\" data-comments-opened=\"0\" data-image-meta=\"{&quot;aperture&quot;:&quot;0&quot;,&quot;credit&quot;:&quot;&quot;,&quot;camera&quot;:&quot;&quot;,&quot;caption&quot;:&quot;&quot;,&quot;created_timestamp&quot;:&quot;0&quot;,&quot;copyright&quot;:&quot;&quot;,&quot;focal_length&quot;:&quot;0&quot;,&quot;iso&quot;:&quot;0&quot;,&quot;shutter_speed&quot;:&quot;0&quot;,&quot;title&quot;:&quot;&quot;,&quot;orientation&quot;:&quot;0&quot;}\" data-image-title=\"Eo1M8dlW4AAmBfI\" data-image-description=\"\" data-image-caption=\"\" data-large-file=\"https:\/\/www.hoymercedes.com.ar\/principal\/wp-content\/uploads\/2020\/12\/Eo1M8dlW4AAmBfI.jpg\" src=\"https:\/\/www.hoymercedes.com.ar\/principal\/wp-content\/uploads\/2020\/12\/Eo1M8dlW4AAmBfI.jpg\" alt=\"\" class=\"wp-image-121576\" srcset=\"https:\/\/www.hoymercedes.com.ar\/principal\/wp-content\/uploads\/2020\/12\/Eo1M8dlW4AAmBfI.jpg 800w, https:\/\/www.hoymercedes.com.ar\/principal\/wp-content\/uploads\/2020\/12\/Eo1M8dlW4AAmBfI-630x421.jpg 630w, https:\/\/www.hoymercedes.com.ar\/principal\/wp-content\/uploads\/2020\/12\/Eo1M8dlW4AAmBfI-150x100.jpg 150w\" sizes=\"auto, (max-width: 800px) 100vw, 800px\" \/><\/figure><\/div>\n\n\n\n<p>Estuvieron presentes secretarios y funcionarios del \u00e1rea de salud de las localidades de Mercedes, Chivilcoy, Alberti, Bragado, Lobos, Navarro, Roque P\u00e9rez, Saladillo, Suipacha y Veinticinco de Mayo, adem\u00e1s de \u00e1reas vinculadas de interacci\u00f3n con salud. &nbsp;<\/p>\n\n\n\n<p>Carolina Di Napoli responsable de la Regi\u00f3n X organiz\u00f3 la jornada en el marco del \u201cConsejo de Salud de la Provincia de Buenos Aires\u201d &nbsp;<\/p>\n\n\n\n<p>Por su parte, el Viceministro de salud de la provincia, Nicol\u00e1s Kreplak, tambi\u00e9n fue parte mediante teleconferencia en una mesa de trabajo amplia y nutrida de profesionales que debatieron, intercambiaron experiencias e incrementaron conocimientos durante una importante cantidad de horas. &nbsp;<\/p>\n\n\n\n<p>Desde Mercedes, tambi\u00e9n fueron parte el director del hospital, Dr. Pablo Casiani y por supuesto el secretario de salud, N\u00e9stor Pisapia. &nbsp;<\/p>\n\n\n\n<p>Ustarroz llev\u00f3 a cabo la intervenci\u00f3n del cierre de la jornada con una exposici\u00f3n que permiti\u00f3 hacer un balance de las acciones vinculadas a la salud, la pandemia, la sociedad, el presente y lo que se prev\u00e9 en el futuro. Destacando el gran trabajo de las y los integrantes del sistema de salud local, bonaerense y nacional. &nbsp;<\/p>\n\n\n\n<p>Por su parte, el Ministro de Salud efectu\u00f3 una intervenci\u00f3n profunda sobre el sistema de salud, los profesionales, los y las trabajadoras, la infraestructura, los roles, los pacientes y las campa\u00f1as de vacunaci\u00f3n que se vendr\u00e1n no bien arribe a la Argentina la vacuna. &nbsp;<\/p>\n\n\n\n<p>Se hizo hincapi\u00e9, tambi\u00e9n, en que en pandemia el sistema de salud se fortific\u00f3 de una manera \u00fanica con una infraestructura que quedar\u00e1 m\u00e1s all\u00e1 de la pandemia, siendo un gran beneficio para todos los argentinos y argentinas. &nbsp;<\/p>\n\n\n\n<p>La actividad se llev\u00f3 adelante en el Complejo Cultural La Trocha.<\/p>\n","protected":false},"excerpt":{"rendered":"<p>Informaci\u00f3n de Prensa Municipal &#8211; El intendente Juan I. Ustarroz recibi\u00f3 al Ministro de Salud bonaerense, Daniel Golla, junto a &#8230; <a title=\"Ustarroz y ministro Gollan cerraron jornada del \u201cConsejo de Salud de la Provincia de Buenos Aires\u201d\" class=\"read-more\" href=\"https:\/\/www.hoymercedes.com.ar\/principal\/2020\/12\/11\/ustarroz-y-ministro-gollan-cerraron-jornada-del-consejo-de-salud-de-la-provincia-de-buenos-aires\/\" aria-label=\"Leer m\u00e1s sobre Ustarroz y ministro Gollan cerraron jornada del \u201cConsejo de Salud de la Provincia de Buenos Aires\u201d\">Leer m\u00e1s<\/a><\/p>\n","protected":false},"author":1,"featured_media":121576,"comment_status":"closed","ping_status":"open","sticky":false,"template":"","format":"standard","meta":{"_monsterinsights_skip_tracking":false,"_monsterinsights_sitenote_active":false,"_monsterinsights_sitenote_note":"","_monsterinsights_sitenote_category":0,"jetpack_post_was_ever_published":false,"_jetpack_newsletter_access":"","_jetpack_dont_email_post_to_subs":false,"_jetpack_newsletter_tier_id":0,"_jetpack_memberships_contains_paywalled_content":false,"_jetpack_memberships_contains_paid_content":false,"footnotes":"","jetpack_publicize_message":"","jetpack_publicize_feature_enabled":true,"jetpack_social_post_already_shared":true,"jetpack_social_options":{"image_generator_settings":{"template":"highway","default_image_id":0,"font":"","enabled":false},"version":2},"_wpas_customize_per_network":false},"categories":[30],"tags":[],"class_list":["post-121575","post","type-post","status-publish","format-standard","has-post-thumbnail","hentry","category-municipio","generate-columns","tablet-grid-50","mobile-grid-100","grid-parent","grid-50"],"jetpack_publicize_connections":[],"jetpack_featured_media_url":"https:\/\/www.hoymercedes.com.ar\/principal\/wp-content\/uploads\/2020\/12\/Eo1M8dlW4AAmBfI.jpg","wps_subtitle":"La reuni\u00f3n del mi\u00e9rcoles","jetpack_sharing_enabled":true,"_links":{"self":[{"href":"https:\/\/www.hoymercedes.com.ar\/principal\/wp-json\/wp\/v2\/posts\/121575","targetHints":{"allow":["GET"]}}],"collection":[{"href":"https:\/\/www.hoymercedes.com.ar\/principal\/wp-json\/wp\/v2\/posts"}],"about":[{"href":"https:\/\/www.hoymercedes.com.ar\/principal\/wp-json\/wp\/v2\/types\/post"}],"author":[{"embeddable":true,"href":"https:\/\/www.hoymercedes.com.ar\/principal\/wp-json\/wp\/v2\/users\/1"}],"replies":[{"embeddable":true,"href":"https:\/\/www.hoymercedes.com.ar\/principal\/wp-json\/wp\/v2\/comments?post=121575"}],"version-history":[{"count":0,"href":"https:\/\/www.hoymercedes.com.ar\/principal\/wp-json\/wp\/v2\/posts\/121575\/revisions"}],"wp:featuredmedia":[{"embeddable":true,"href":"https:\/\/www.hoymercedes.com.ar\/principal\/wp-json\/wp\/v2\/media\/121576"}],"wp:attachment":[{"href":"https:\/\/www.hoymercedes.com.ar\/principal\/wp-json\/wp\/v2\/media?parent=121575"}],"wp:term":[{"taxonomy":"category","embeddable":true,"href":"https:\/\/www.hoymercedes.com.ar\/principal\/wp-json\/wp\/v2\/categories?post=121575"},{"taxonomy":"post_tag","embeddable":true,"href":"https:\/\/www.hoymercedes.com.ar\/principal\/wp-json\/wp\/v2\/tags?post=121575"}],"curies":[{"name":"wp","href":"https:\/\/api.w.org\/{rel}","templated":true}]}}