{"id":12158,"date":"2012-04-12T22:48:40","date_gmt":"2012-04-12T22:48:40","guid":{"rendered":"http:\/\/www.hoymercedes.com.ar\/principal\/?p=12158"},"modified":"2012-04-12T22:48:40","modified_gmt":"2012-04-12T22:48:40","slug":"barrio-malvinas-en-la-recorrida-de-selva","status":"publish","type":"post","link":"https:\/\/www.hoymercedes.com.ar\/principal\/2012\/04\/12\/barrio-malvinas-en-la-recorrida-de-selva\/","title":{"rendered":"Barrio Malvinas en la recorrida de Selva&#8230;"},"content":{"rendered":"<p>El pasado mi\u00e9rcoles 11 de abril, el Intendente Municipal, Carlos Selva, continuando con su contacto con los vecinos de diferentes barrios, estuvo en el Malvinas, acompa\u00f1ado por su presidenta Sra. Karina Here\u00f1u, un buen grupo de personas se acerco para intercambiar ideas de trabajo en el barrio, comprometi\u00e9ndose el primer mandatario a realizar obras de acceso al mismo, iluminaci\u00f3n y adem\u00e1s de problemas sociales, seguridad etc.<\/p>\n<p>Es importante para los vecinos de los diferentes barrios el acercamiento del jefe comunal para as\u00ed poder llevar a cabo tareas en conjunto en beneficio de todos.<\/p>\n<p><span style=\"color: #888888;\">Fuente. MM<\/span><\/p>\n","protected":false},"excerpt":{"rendered":"<p>El pasado mi\u00e9rcoles 11 de abril, el Intendente Municipal, Carlos Selva, continuando con su contacto con los vecinos de diferentes &#8230; <a title=\"Barrio Malvinas en la recorrida de Selva&#8230;\" class=\"read-more\" href=\"https:\/\/www.hoymercedes.com.ar\/principal\/2012\/04\/12\/barrio-malvinas-en-la-recorrida-de-selva\/\" aria-label=\"Leer m\u00e1s sobre Barrio Malvinas en la recorrida de Selva&#8230;\">Leer m\u00e1s<\/a><\/p>\n","protected":false},"author":1,"featured_media":0,"comment_status":"open","ping_status":"open","sticky":false,"template":"","format":"standard","meta":{"_monsterinsights_skip_tracking":false,"_monsterinsights_sitenote_active":false,"_monsterinsights_sitenote_note":"","_monsterinsights_sitenote_category":0,"jetpack_post_was_ever_published":false,"_jetpack_newsletter_access":"","_jetpack_dont_email_post_to_subs":false,"_jetpack_newsletter_tier_id":0,"_jetpack_memberships_contains_paywalled_content":false,"_jetpack_memberships_contains_paid_content":false,"footnotes":"","jetpack_publicize_message":"","jetpack_publicize_feature_enabled":true,"jetpack_social_post_already_shared":false,"jetpack_social_options":{"image_generator_settings":{"template":"highway","default_image_id":0,"font":"","enabled":false},"version":2},"_wpas_customize_per_network":false},"categories":[5],"tags":[2056],"class_list":["post-12158","post","type-post","status-publish","format-standard","hentry","category-politica","tag-barrio-malvinas","generate-columns","tablet-grid-50","mobile-grid-100","grid-parent","grid-50"],"jetpack_publicize_connections":[],"jetpack_featured_media_url":"","wps_subtitle":"","jetpack_sharing_enabled":true,"_links":{"self":[{"href":"https:\/\/www.hoymercedes.com.ar\/principal\/wp-json\/wp\/v2\/posts\/12158","targetHints":{"allow":["GET"]}}],"collection":[{"href":"https:\/\/www.hoymercedes.com.ar\/principal\/wp-json\/wp\/v2\/posts"}],"about":[{"href":"https:\/\/www.hoymercedes.com.ar\/principal\/wp-json\/wp\/v2\/types\/post"}],"author":[{"embeddable":true,"href":"https:\/\/www.hoymercedes.com.ar\/principal\/wp-json\/wp\/v2\/users\/1"}],"replies":[{"embeddable":true,"href":"https:\/\/www.hoymercedes.com.ar\/principal\/wp-json\/wp\/v2\/comments?post=12158"}],"version-history":[{"count":0,"href":"https:\/\/www.hoymercedes.com.ar\/principal\/wp-json\/wp\/v2\/posts\/12158\/revisions"}],"wp:attachment":[{"href":"https:\/\/www.hoymercedes.com.ar\/principal\/wp-json\/wp\/v2\/media?parent=12158"}],"wp:term":[{"taxonomy":"category","embeddable":true,"href":"https:\/\/www.hoymercedes.com.ar\/principal\/wp-json\/wp\/v2\/categories?post=12158"},{"taxonomy":"post_tag","embeddable":true,"href":"https:\/\/www.hoymercedes.com.ar\/principal\/wp-json\/wp\/v2\/tags?post=12158"}],"curies":[{"name":"wp","href":"https:\/\/api.w.org\/{rel}","templated":true}]}}