{"id":121683,"date":"2020-12-13T13:51:51","date_gmt":"2020-12-13T16:51:51","guid":{"rendered":"http:\/\/www.hoymercedes.com.ar\/principal\/?p=121683"},"modified":"2021-02-15T18:04:52","modified_gmt":"2021-02-15T21:04:52","slug":"este-domingo-sera-el-segundo-dia-del-paseo-de-arte-jacaranda","status":"publish","type":"post","link":"https:\/\/www.hoymercedes.com.ar\/principal\/2020\/12\/13\/este-domingo-sera-el-segundo-dia-del-paseo-de-arte-jacaranda\/","title":{"rendered":"Este domingo ser\u00e1 el segundo d\u00eda del Paseo de Arte \u00abJacarand\u00e1\u00bb"},"content":{"rendered":"\n<p>El bulevard de calle 30, entre las calles 19 y 27 se llen\u00f3 de arte en la tarde del s\u00e1bado y este domingo volver\u00e1 a colmarse con los puestos de los artistas de Mercedes, en su mayor\u00eda pl\u00e1sticos y artesanos, aunque tambi\u00e9n hay fot\u00f3grafos y escritores. Desde la hora 18 de este domingo 13 de diciembre, se formar\u00e1n los puestos en una trayecto que estar\u00e1 cortado a la circulaci\u00f3n de los veh\u00edculos. <\/p>\n\n\n\n<div class=\"wp-block-image\"><figure class=\"aligncenter size-large\"><img loading=\"lazy\" decoding=\"async\" width=\"800\" height=\"533\" data-attachment-id=\"121684\" data-permalink=\"https:\/\/www.hoymercedes.com.ar\/principal\/2020\/12\/13\/este-domingo-sera-el-segundo-dia-del-paseo-de-arte-jacaranda\/img_20201212_203849464\/#main\" data-orig-file=\"https:\/\/www.hoymercedes.com.ar\/principal\/wp-content\/uploads\/2020\/12\/IMG_20201212_203849464.jpg\" data-orig-size=\"800,533\" data-comments-opened=\"0\" data-image-meta=\"{&quot;aperture&quot;:&quot;0&quot;,&quot;credit&quot;:&quot;&quot;,&quot;camera&quot;:&quot;&quot;,&quot;caption&quot;:&quot;&quot;,&quot;created_timestamp&quot;:&quot;1607805530&quot;,&quot;copyright&quot;:&quot;&quot;,&quot;focal_length&quot;:&quot;0&quot;,&quot;iso&quot;:&quot;0&quot;,&quot;shutter_speed&quot;:&quot;0&quot;,&quot;title&quot;:&quot;&quot;,&quot;orientation&quot;:&quot;1&quot;}\" data-image-title=\"IMG_20201212_203849464\" data-image-description=\"\" data-image-caption=\"\" data-large-file=\"https:\/\/www.hoymercedes.com.ar\/principal\/wp-content\/uploads\/2020\/12\/IMG_20201212_203849464.jpg\" src=\"https:\/\/www.hoymercedes.com.ar\/principal\/wp-content\/uploads\/2020\/12\/IMG_20201212_203849464.jpg\" alt=\"\" class=\"wp-image-121684\" srcset=\"https:\/\/www.hoymercedes.com.ar\/principal\/wp-content\/uploads\/2020\/12\/IMG_20201212_203849464.jpg 800w, https:\/\/www.hoymercedes.com.ar\/principal\/wp-content\/uploads\/2020\/12\/IMG_20201212_203849464-630x420.jpg 630w, https:\/\/www.hoymercedes.com.ar\/principal\/wp-content\/uploads\/2020\/12\/IMG_20201212_203849464-150x100.jpg 150w, https:\/\/www.hoymercedes.com.ar\/principal\/wp-content\/uploads\/2020\/12\/IMG_20201212_203849464-700x465.jpg 700w\" sizes=\"auto, (max-width: 800px) 100vw, 800px\" \/><\/figure><\/div>\n\n\n\n<p>El Paseo de Arte \u00abJacaranda\u00bb reune a treinta y cinco artistas convocados por la Direcci\u00f3n de Cultura Municipal, al Museo de Arte (MAMM), y a la Escuela de Arte \u00abSantiago Fifo Roggero\u00bb. De acuerdo a las cuadras y al puesto podr\u00e1 encontrarse con: <\/p>\n\n\n\n<ul class=\"wp-block-list\"><li>Boulevar entre las calles 19 y 21:<br>Puesto 1: Pablo Russo (Limonero De Papel) Pintura y Grabado<br>Puesto 2: Clara Aparicio \/ Pintura-Arte Impreso<br>Puesto 3: Claudio Andres Pietrzykowski \/ Fotograf\u00eda De Autor<br>Puesto 4: Tano Veron \/ Artesgr\u00e1ficos<br>Puesto 5: Adriana Dicovsky (DI End)Alfarer\u00edaa<br>Puesto 6: Anabel Pi\u00f1eiro \/ Artes Visuales<br>Puesto 7: In\u00e9ss Deluca (Estrellarte) Pintura<br>Puesto 8: Marcelo Buono \/ Pintura<br>Puesto 9: Maria Gabriela Luna (MGLceramicas) Artes Del Fuego \u2013 Ceramica \/ Escultorica<\/li><\/ul>\n\n\n\n<ul class=\"wp-block-list\"><li>Boulevar entre las calles 21 y 23:<br>Puesto 10: Lucho (Luil Varela) Grabado<br>Puesto 11: Juan Tirrel (JohnnySoy) Platero<br>Puesto 12: Pablo Blasberg- Dibujo Y Pintura<br>Puesto 13: Marcelo Palazzo (Viarte) Arte Plastico<br>Puesto 14: Monica Cangaro (Lia Magno Ceramicas) Artes del Fuego, Alfareria y Ceramica<br>Puesto 15: Norma Montes Cer\u00e1mica de Raiz Prehispanica<br>Puesto 16: Daiana Morales (CORAZON De Lana)-Arte Textil y Bordado<\/li><\/ul>\n\n\n\n<ul class=\"wp-block-list\"><li>Boulevar entre las calles 23 y 25:<br>Puesto 17: Laura Parras-Artes Visuales (Dibujo, Pintura y Grabado)<br>Puesto 18: Maria Eugenia Scioli-Artes Visuales<br>Puesto 19: Daira Degruttola- Artes Visuales<br>Puesto 20: Marcela Brown-Artes Visuales- Pintura<br>Puesto 21: Maria Elena Perassi (Dise\u00f1o Musivo M&amp;G) Mosaiquismo<br>Puesto 22: Micaela Madonia (Duo Ceramicas) Ceramica Artessanal<br>Puesto 23: Enero_Mg- Artes Visuales- Dibujo e Ilustracion<br>Puesto 24: Artemisia- Pintura- Escultura<\/li><\/ul>\n\n\n\n<ul class=\"wp-block-list\"><li>Boulevar entre las calles 25 y 27<br>Puesto 25: Cintia Combet \/ Artes Visuales<br>Puesto 26: Guadalupe Luna \/ Artes Visuales- Ilustracion<br>Puesto 27: Mariano Bastiano \/ Esculturas En Ramas Secas<br>Puesto 28: Silvina Gonzalez \/ Pintura<br>Puesto 29: Cumbi Giraudi \/ Serigrafia Artistica<br>Puesto 30: Cristan Cascallares \/ Artes Visuales<br>Puesto 31: Gabriela Moleres y Pedro Crispo \/ Artes Del Fuego<br>Puesto 32: Agustina (Dise\u00f1o Anidar) \/ Objetos De Dise\u00f1o En Hierro<\/li><\/ul>\n\n\n\n<ul class=\"wp-block-list\"><li>Puesto Literario: Veronica Mateo\/Maria Monica Brown\/Marcelo Javier Silva.<\/li><\/ul>\n\n\n\n<ul class=\"wp-block-list\"><li>Puesto Escuela De Arte Fifo Roggero.<\/li><\/ul>\n\n\n\n<div class=\"wp-block-image\"><figure class=\"aligncenter size-large\"><img loading=\"lazy\" decoding=\"async\" width=\"800\" height=\"533\" data-attachment-id=\"121685\" data-permalink=\"https:\/\/www.hoymercedes.com.ar\/principal\/2020\/12\/13\/este-domingo-sera-el-segundo-dia-del-paseo-de-arte-jacaranda\/img_20201212_200329922\/#main\" data-orig-file=\"https:\/\/www.hoymercedes.com.ar\/principal\/wp-content\/uploads\/2020\/12\/IMG_20201212_200329922.jpg\" data-orig-size=\"800,533\" data-comments-opened=\"0\" data-image-meta=\"{&quot;aperture&quot;:&quot;0&quot;,&quot;credit&quot;:&quot;&quot;,&quot;camera&quot;:&quot;&quot;,&quot;caption&quot;:&quot;&quot;,&quot;created_timestamp&quot;:&quot;1607803410&quot;,&quot;copyright&quot;:&quot;&quot;,&quot;focal_length&quot;:&quot;0&quot;,&quot;iso&quot;:&quot;0&quot;,&quot;shutter_speed&quot;:&quot;0&quot;,&quot;title&quot;:&quot;&quot;,&quot;orientation&quot;:&quot;1&quot;}\" data-image-title=\"IMG_20201212_200329922\" data-image-description=\"\" data-image-caption=\"\" data-large-file=\"https:\/\/www.hoymercedes.com.ar\/principal\/wp-content\/uploads\/2020\/12\/IMG_20201212_200329922.jpg\" src=\"https:\/\/www.hoymercedes.com.ar\/principal\/wp-content\/uploads\/2020\/12\/IMG_20201212_200329922.jpg\" alt=\"\" class=\"wp-image-121685\" srcset=\"https:\/\/www.hoymercedes.com.ar\/principal\/wp-content\/uploads\/2020\/12\/IMG_20201212_200329922.jpg 800w, https:\/\/www.hoymercedes.com.ar\/principal\/wp-content\/uploads\/2020\/12\/IMG_20201212_200329922-630x420.jpg 630w, https:\/\/www.hoymercedes.com.ar\/principal\/wp-content\/uploads\/2020\/12\/IMG_20201212_200329922-150x100.jpg 150w, https:\/\/www.hoymercedes.com.ar\/principal\/wp-content\/uploads\/2020\/12\/IMG_20201212_200329922-700x465.jpg 700w\" sizes=\"auto, (max-width: 800px) 100vw, 800px\" \/><\/figure><\/div>\n","protected":false},"excerpt":{"rendered":"<p>El bulevard de calle 30, entre las calles 19 y 27 se llen\u00f3 de arte en la tarde del s\u00e1bado &#8230; <a title=\"Este domingo ser\u00e1 el segundo d\u00eda del Paseo de Arte \u00abJacarand\u00e1\u00bb\" class=\"read-more\" href=\"https:\/\/www.hoymercedes.com.ar\/principal\/2020\/12\/13\/este-domingo-sera-el-segundo-dia-del-paseo-de-arte-jacaranda\/\" aria-label=\"Leer m\u00e1s sobre Este domingo ser\u00e1 el segundo d\u00eda del Paseo de Arte \u00abJacarand\u00e1\u00bb\">Leer m\u00e1s<\/a><\/p>\n","protected":false},"author":1,"featured_media":121685,"comment_status":"closed","ping_status":"open","sticky":false,"template":"","format":"standard","meta":{"_monsterinsights_skip_tracking":false,"_monsterinsights_sitenote_active":false,"_monsterinsights_sitenote_note":"","_monsterinsights_sitenote_category":0,"jetpack_post_was_ever_published":false,"_jetpack_newsletter_access":"","_jetpack_dont_email_post_to_subs":false,"_jetpack_newsletter_tier_id":0,"_jetpack_memberships_contains_paywalled_content":false,"_jetpack_memberships_contains_paid_content":false,"footnotes":"","jetpack_publicize_message":"","jetpack_publicize_feature_enabled":true,"jetpack_social_post_already_shared":true,"jetpack_social_options":{"image_generator_settings":{"template":"highway","default_image_id":0,"font":"","enabled":false},"version":2},"_wpas_customize_per_network":false},"categories":[104,8],"tags":[13706,7805,8674,244],"class_list":["post-121683","post","type-post","status-publish","format-standard","has-post-thumbnail","hentry","category-cultura","category-sociedad","tag-artistas-plasticos","tag-cultura","tag-mamm","tag-municipio-2","generate-columns","tablet-grid-50","mobile-grid-100","grid-parent","grid-50"],"jetpack_publicize_connections":[],"jetpack_featured_media_url":"https:\/\/www.hoymercedes.com.ar\/principal\/wp-content\/uploads\/2020\/12\/IMG_20201212_200329922.jpg","wps_subtitle":"Arte en las calles","jetpack_sharing_enabled":true,"_links":{"self":[{"href":"https:\/\/www.hoymercedes.com.ar\/principal\/wp-json\/wp\/v2\/posts\/121683","targetHints":{"allow":["GET"]}}],"collection":[{"href":"https:\/\/www.hoymercedes.com.ar\/principal\/wp-json\/wp\/v2\/posts"}],"about":[{"href":"https:\/\/www.hoymercedes.com.ar\/principal\/wp-json\/wp\/v2\/types\/post"}],"author":[{"embeddable":true,"href":"https:\/\/www.hoymercedes.com.ar\/principal\/wp-json\/wp\/v2\/users\/1"}],"replies":[{"embeddable":true,"href":"https:\/\/www.hoymercedes.com.ar\/principal\/wp-json\/wp\/v2\/comments?post=121683"}],"version-history":[{"count":0,"href":"https:\/\/www.hoymercedes.com.ar\/principal\/wp-json\/wp\/v2\/posts\/121683\/revisions"}],"wp:featuredmedia":[{"embeddable":true,"href":"https:\/\/www.hoymercedes.com.ar\/principal\/wp-json\/wp\/v2\/media\/121685"}],"wp:attachment":[{"href":"https:\/\/www.hoymercedes.com.ar\/principal\/wp-json\/wp\/v2\/media?parent=121683"}],"wp:term":[{"taxonomy":"category","embeddable":true,"href":"https:\/\/www.hoymercedes.com.ar\/principal\/wp-json\/wp\/v2\/categories?post=121683"},{"taxonomy":"post_tag","embeddable":true,"href":"https:\/\/www.hoymercedes.com.ar\/principal\/wp-json\/wp\/v2\/tags?post=121683"}],"curies":[{"name":"wp","href":"https:\/\/api.w.org\/{rel}","templated":true}]}}