{"id":12170,"date":"2012-04-13T11:24:11","date_gmt":"2012-04-13T11:24:11","guid":{"rendered":"http:\/\/www.hoymercedes.com.ar\/principal\/?p=12170"},"modified":"2012-04-13T11:24:11","modified_gmt":"2012-04-13T11:24:11","slug":"entregan-diplomas-a-internos-que-aprobaron-curso-de-albanileria-en-la-unidad-5-mercedes","status":"publish","type":"post","link":"https:\/\/www.hoymercedes.com.ar\/principal\/2012\/04\/13\/entregan-diplomas-a-internos-que-aprobaron-curso-de-albanileria-en-la-unidad-5-mercedes\/","title":{"rendered":"Entregan diplomas a internos que aprobaron curso de alba\u00f1iler\u00eda en la Unidad 5 Mercedes"},"content":{"rendered":"<p><a href=\"https:\/\/www.hoymercedes.com.ar\/principal\/wp-content\/uploads\/2012\/04\/Diplomas-Unidad5-I.jpg\"><img loading=\"lazy\" decoding=\"async\" data-attachment-id=\"12172\" data-permalink=\"https:\/\/www.hoymercedes.com.ar\/principal\/2012\/04\/13\/entregan-diplomas-a-internos-que-aprobaron-curso-de-albanileria-en-la-unidad-5-mercedes\/diplomas-unidad5-i\/#main\" data-orig-file=\"https:\/\/www.hoymercedes.com.ar\/principal\/wp-content\/uploads\/2012\/04\/Diplomas-Unidad5-I.jpg\" data-orig-size=\"612,408\" data-comments-opened=\"1\" data-image-meta=\"{&quot;aperture&quot;:&quot;2.8&quot;,&quot;credit&quot;:&quot;&quot;,&quot;camera&quot;:&quot;KODAK EASYSHARE V1003 ZOOM DIGITAL CAMERA&quot;,&quot;caption&quot;:&quot;&quot;,&quot;created_timestamp&quot;:&quot;1287374460&quot;,&quot;copyright&quot;:&quot;&quot;,&quot;focal_length&quot;:&quot;7.5&quot;,&quot;iso&quot;:&quot;160&quot;,&quot;shutter_speed&quot;:&quot;0.04&quot;,&quot;title&quot;:&quot;&quot;}\" data-image-title=\"Diplomas-Unidad5-I\" data-image-description=\"\" data-image-caption=\"\" data-large-file=\"https:\/\/www.hoymercedes.com.ar\/principal\/wp-content\/uploads\/2012\/04\/Diplomas-Unidad5-I.jpg\" class=\"aligncenter size-full wp-image-12172\" title=\"Diplomas-Unidad5-I\" src=\"https:\/\/www.hoymercedes.com.ar\/principal\/wp-content\/uploads\/2012\/04\/Diplomas-Unidad5-I.jpg\" alt=\"\" width=\"612\" height=\"408\" \/><\/a><\/p>\n<p>En el marco de las actividades laborales que se desarrollan en el \u00e1mbito de las c\u00e1rceles bonaerenses, el jueves 12 a las 10.30 en el Unidad 5 Mercedes, dependiente del Servicio Penitenciario Bonaerense (SPB), se realizar\u00e1 el acto de entrega de diplomas y tarjetas magn\u00e9ticas a los internos que aprobaron el curso de alba\u00f1iler\u00eda dictado por la Fundaci\u00f3n de UOCRA.<\/p>\n<p>Al evento asistieron el Subdirector General de Trabajo Penitenciario, Cesar Anselmo, el Jefe del Complejo Penitenciario Zona Norte Rafael Barbatto, el Director de la Unidad 5 Mercedes, Meliton Gines, la Jefa del Departamento de Capacitaci\u00f3n Laboral, Blanca Forestiere, el Subdirector Ejecutivo de la Fundaci\u00f3n UOCRA, Alejandro Waisglas y los Coordinadores de Cursos de la Fundaci\u00f3n mencionada, Carlos Schezzler y Mart\u00edn Dominguez, el Subdirector de Asistencia y Tratamiento de la U.5 Julio Weimann.<\/p>\n<p><a href=\"https:\/\/www.hoymercedes.com.ar\/principal\/wp-content\/uploads\/2012\/04\/Diplomas-Unidad5-II.jpg\"><img loading=\"lazy\" decoding=\"async\" data-attachment-id=\"12173\" data-permalink=\"https:\/\/www.hoymercedes.com.ar\/principal\/2012\/04\/13\/entregan-diplomas-a-internos-que-aprobaron-curso-de-albanileria-en-la-unidad-5-mercedes\/diplomas-unidad5-ii\/#main\" data-orig-file=\"https:\/\/www.hoymercedes.com.ar\/principal\/wp-content\/uploads\/2012\/04\/Diplomas-Unidad5-II.jpg\" data-orig-size=\"612,408\" data-comments-opened=\"1\" data-image-meta=\"{&quot;aperture&quot;:&quot;2.8&quot;,&quot;credit&quot;:&quot;&quot;,&quot;camera&quot;:&quot;KODAK EASYSHARE V1003 ZOOM DIGITAL CAMERA&quot;,&quot;caption&quot;:&quot;&quot;,&quot;created_timestamp&quot;:&quot;1287374414&quot;,&quot;copyright&quot;:&quot;&quot;,&quot;focal_length&quot;:&quot;7.5&quot;,&quot;iso&quot;:&quot;160&quot;,&quot;shutter_speed&quot;:&quot;0.033333333333333&quot;,&quot;title&quot;:&quot;&quot;}\" data-image-title=\"Diplomas-Unidad5-II\" data-image-description=\"\" data-image-caption=\"\" data-large-file=\"https:\/\/www.hoymercedes.com.ar\/principal\/wp-content\/uploads\/2012\/04\/Diplomas-Unidad5-II.jpg\" class=\"aligncenter size-full wp-image-12173\" title=\"Diplomas-Unidad5-II\" src=\"https:\/\/www.hoymercedes.com.ar\/principal\/wp-content\/uploads\/2012\/04\/Diplomas-Unidad5-II.jpg\" alt=\"\" width=\"612\" height=\"408\" srcset=\"https:\/\/www.hoymercedes.com.ar\/principal\/wp-content\/uploads\/2012\/04\/Diplomas-Unidad5-II.jpg 612w, https:\/\/www.hoymercedes.com.ar\/principal\/wp-content\/uploads\/2012\/04\/Diplomas-Unidad5-II-300x200.jpg 300w\" sizes=\"auto, (max-width: 612px) 100vw, 612px\" \/><\/a><\/p>\n<p>El curso se dict\u00f3 durante dos meses en encuentros diarios de cuatro horas donde se impartieron conocimientos te\u00f3rico-pr\u00e1cticos. El representante de la Fundaci\u00f3n Uocra se dirigi\u00f3 a los presentes, diciendo \u00abque la experiencia llevada a las c\u00e1rceles ha sido exitosa y muy reconfortante, adem\u00e1s les explico el uso de la tarjeta entregada, para el d\u00eda que salgan en libertad, la cual servir\u00e1 para encontrar un camino de trabajo. Expreso tambi\u00e9n las felicitaciones por el logro obtenido de parte de los dirigentes de la Fundaci\u00f3n\u00bb. Por su parte el Subdirector General de Trabajo Penitenciario se\u00f1al\u00f3 \u201cExiste un f\u00e9rreo compromiso institucional para generar condiciones necesarias para fomentar, incentivar e incrementar las propuestas para que los privados de libertad salgan de la c\u00e1rcel con un oficio\u201d.<\/p>\n<p>La Uni\u00f3n de Obreros de la Construcci\u00f3n a trav\u00e9s de la Fundaci\u00f3n y la Subdirecci\u00f3n General de Trabajo del SPB mediante el departamento de Capacitaci\u00f3n Laboral, desarrollan cursos destinados a la poblaci\u00f3n carcelaria sin interrupci\u00f3n desde el a\u00f1o 2009.<\/p>\n<p>Mediante un acuerdo rubricado entre la UOCRA y el SPB se estableci\u00f3 que la primera entidad proporciona el material did\u00e1ctico y de seguridad y el sistema penitenciario, las herramientas de trabajo.<\/p>\n<p>\u201cEl aprendizaje del interno es vital para una inclusi\u00f3n social efectiva\u201d, asegur\u00f3 Forestiere.<\/p>\n","protected":false},"excerpt":{"rendered":"<p>En el marco de las actividades laborales que se desarrollan en el \u00e1mbito de las c\u00e1rceles bonaerenses, el jueves 12 &#8230; <a title=\"Entregan diplomas a internos que aprobaron curso de alba\u00f1iler\u00eda en la Unidad 5 Mercedes\" class=\"read-more\" href=\"https:\/\/www.hoymercedes.com.ar\/principal\/2012\/04\/13\/entregan-diplomas-a-internos-que-aprobaron-curso-de-albanileria-en-la-unidad-5-mercedes\/\" aria-label=\"Leer m\u00e1s sobre Entregan diplomas a internos que aprobaron curso de alba\u00f1iler\u00eda en la Unidad 5 Mercedes\">Leer m\u00e1s<\/a><\/p>\n","protected":false},"author":1,"featured_media":0,"comment_status":"open","ping_status":"open","sticky":false,"template":"","format":"standard","meta":{"_monsterinsights_skip_tracking":false,"_monsterinsights_sitenote_active":false,"_monsterinsights_sitenote_note":"","_monsterinsights_sitenote_category":0,"jetpack_post_was_ever_published":false,"_jetpack_newsletter_access":"","_jetpack_dont_email_post_to_subs":false,"_jetpack_newsletter_tier_id":0,"_jetpack_memberships_contains_paywalled_content":false,"_jetpack_memberships_contains_paid_content":false,"footnotes":"","jetpack_publicize_message":"","jetpack_publicize_feature_enabled":true,"jetpack_social_post_already_shared":false,"jetpack_social_options":{"image_generator_settings":{"template":"highway","default_image_id":0,"font":"","enabled":false},"version":2},"_wpas_customize_per_network":false},"categories":[8],"tags":[2059,113],"class_list":["post-12170","post","type-post","status-publish","format-standard","hentry","category-sociedad","tag-egresados-unidad-5-mecedes","tag-unidad-5","generate-columns","tablet-grid-50","mobile-grid-100","grid-parent","grid-50"],"jetpack_publicize_connections":[],"jetpack_featured_media_url":"","wps_subtitle":"","jetpack_sharing_enabled":true,"_links":{"self":[{"href":"https:\/\/www.hoymercedes.com.ar\/principal\/wp-json\/wp\/v2\/posts\/12170","targetHints":{"allow":["GET"]}}],"collection":[{"href":"https:\/\/www.hoymercedes.com.ar\/principal\/wp-json\/wp\/v2\/posts"}],"about":[{"href":"https:\/\/www.hoymercedes.com.ar\/principal\/wp-json\/wp\/v2\/types\/post"}],"author":[{"embeddable":true,"href":"https:\/\/www.hoymercedes.com.ar\/principal\/wp-json\/wp\/v2\/users\/1"}],"replies":[{"embeddable":true,"href":"https:\/\/www.hoymercedes.com.ar\/principal\/wp-json\/wp\/v2\/comments?post=12170"}],"version-history":[{"count":0,"href":"https:\/\/www.hoymercedes.com.ar\/principal\/wp-json\/wp\/v2\/posts\/12170\/revisions"}],"wp:attachment":[{"href":"https:\/\/www.hoymercedes.com.ar\/principal\/wp-json\/wp\/v2\/media?parent=12170"}],"wp:term":[{"taxonomy":"category","embeddable":true,"href":"https:\/\/www.hoymercedes.com.ar\/principal\/wp-json\/wp\/v2\/categories?post=12170"},{"taxonomy":"post_tag","embeddable":true,"href":"https:\/\/www.hoymercedes.com.ar\/principal\/wp-json\/wp\/v2\/tags?post=12170"}],"curies":[{"name":"wp","href":"https:\/\/api.w.org\/{rel}","templated":true}]}}